{"id":3716,"date":"2018-05-15T09:03:10","date_gmt":"2018-05-15T14:03:10","guid":{"rendered":"http:\/\/tvalaire.com\/?p=3716"},"modified":"2018-05-16T09:04:01","modified_gmt":"2018-05-16T14:04:01","slug":"campana-de-alejandro-espinoza-candidato-por-la-coalicion-pan-prd","status":"publish","type":"post","link":"http:\/\/tvalaire.com\/?p=3716","title":{"rendered":"CAMPA\u00d1A DE ALEJANDRO ESPINOZA CANDIDATO POR LA COALICION PAN-PRD"},"content":{"rendered":"<p>Desde el d\u00eda de ayer Alejandro Espinoza, candidato de la coalici\u00f3n PAN y PRD, dio inicio a la campa\u00f1a en busca del voto ciudadano que lo lleve a ganar la presidencia de La Piedad.<\/p>\n<p>Acompa\u00f1ado por militantes, familiares y amigos, Espinoza habl\u00f3 claro,\u00a0\u00a0busca regresar a La Piedad a un nivel competitivo y generador de oportunidades para todos los habitantes de La Piedad.<\/p>\n<p>Por la ma\u00f1ana se continuaron con las actividades visitando a los trabajadores las empresas Alpura y Qu\u00edmica Farvet de la ciudad, en las cuales Alejandro Espinoza dio a conocer su compromiso con los trabajadores.<\/p>\n<p>En un desayuno privado con mujeres el candidato panista les dijo que se compromete a buscar las oportunidades para la gente m\u00e1s necesitada. Recordando que es un candidato que viene de una familia de trabajo, que ha sido forjado con valores y que quiere que en su administraci\u00f3n las becas y despensas lleguen a las personas que realmente lo necesitan.<\/p>\n<p>Alrededor del mediod\u00eda recorri\u00f3 el centro hist\u00f3rico de La Piedad, en donde platico con los locatarios y en la que le expresaron las peticiones y necesidades que tienen los comerciantes de zona.<\/p>\n<p>Durante la tarde se continuaron con las actividades, donde se hizo un recorrido en la colonia Laureles, para continuar con la visita a la empresa Turbomaquinas, as\u00ed como una pega de calcoman\u00edas en el parque Morelos, en donde se busca convivir y escuchar de viva voz las necesidades que se tienen en cada lugar del municipio.<\/p>\n<p>&nbsp;<\/p>\n","protected":false},"excerpt":{"rendered":"<p>Desde el d\u00eda de ayer Alejandro Espinoza, candidato de la coalici\u00f3n PAN y PRD, dio&#8230;<\/p>\n","protected":false},"author":1,"featured_media":3714,"comment_status":"open","ping_status":"open","sticky":false,"template":"","format":"standard","meta":{"jetpack_post_was_ever_published":false,"_jetpack_newsletter_access":"","_jetpack_dont_email_post_to_subs":false,"_jetpack_newsletter_tier_id":0,"_jetpack_memberships_contains_paywalled_content":false,"_jetpack_memberships_contains_paid_content":false,"footnotes":"","jetpack_publicize_message":"","jetpack_publicize_feature_enabled":true,"jetpack_social_post_already_shared":false,"jetpack_social_options":{"image_generator_settings":{"template":"highway","enabled":false},"version":2}},"categories":[1],"tags":[15,36],"class_list":["post-3716","post","type-post","status-publish","format-standard","has-post-thumbnail","hentry","category-la-piedad","tag-la-piedad","tag-principales"],"jetpack_publicize_connections":[],"jetpack_sharing_enabled":true,"featured_image_urls":{"full":["http:\/\/tvalaire.com\/wp-content\/uploads\/2018\/05\/1505-PAN-dione1.jpg",1000,667,false],"thumbnail":["http:\/\/tvalaire.com\/wp-content\/uploads\/2018\/05\/1505-PAN-dione1-150x150.jpg",150,150,true],"medium":["http:\/\/tvalaire.com\/wp-content\/uploads\/2018\/05\/1505-PAN-dione1-300x200.jpg",300,200,true],"medium_large":["http:\/\/tvalaire.com\/wp-content\/uploads\/2018\/05\/1505-PAN-dione1-768x512.jpg",640,427,true],"large":["http:\/\/tvalaire.com\/wp-content\/uploads\/2018\/05\/1505-PAN-dione1.jpg",640,427,false],"post-slider-thumb-size":["http:\/\/tvalaire.com\/wp-content\/uploads\/2018\/05\/1505-PAN-dione1.jpg",285,190,false],"post-category-slider-size":["http:\/\/tvalaire.com\/wp-content\/uploads\/2018\/05\/1505-PAN-dione1.jpg",330,220,false],"1536x1536":["http:\/\/tvalaire.com\/wp-content\/uploads\/2018\/05\/1505-PAN-dione1.jpg",1000,667,false],"2048x2048":["http:\/\/tvalaire.com\/wp-content\/uploads\/2018\/05\/1505-PAN-dione1.jpg",1000,667,false],"newsium-slider-full":["http:\/\/tvalaire.com\/wp-content\/uploads\/2018\/05\/1505-PAN-dione1.jpg",1000,667,false],"newsium-featured":["http:\/\/tvalaire.com\/wp-content\/uploads\/2018\/05\/1505-PAN-dione1.jpg",1000,667,false],"newsium-medium":["http:\/\/tvalaire.com\/wp-content\/uploads\/2018\/05\/1505-PAN-dione1.jpg",712,475,false]},"author_info":{"info":["tvalairenoti"]},"category_info":"<a href=\"http:\/\/tvalaire.com\/?cat=1\" rel=\"category\">La Piedad<\/a>","tag_info":"La Piedad","comment_count":"0","jetpack_featured_media_url":"http:\/\/tvalaire.com\/wp-content\/uploads\/2018\/05\/1505-PAN-dione1.jpg","_links":{"self":[{"href":"http:\/\/tvalaire.com\/index.php?rest_route=\/wp\/v2\/posts\/3716"}],"collection":[{"href":"http:\/\/tvalaire.com\/index.php?rest_route=\/wp\/v2\/posts"}],"about":[{"href":"http:\/\/tvalaire.com\/index.php?rest_route=\/wp\/v2\/types\/post"}],"author":[{"embeddable":true,"href":"http:\/\/tvalaire.com\/index.php?rest_route=\/wp\/v2\/users\/1"}],"replies":[{"embeddable":true,"href":"http:\/\/tvalaire.com\/index.php?rest_route=%2Fwp%2Fv2%2Fcomments&post=3716"}],"version-history":[{"count":1,"href":"http:\/\/tvalaire.com\/index.php?rest_route=\/wp\/v2\/posts\/3716\/revisions"}],"predecessor-version":[{"id":3717,"href":"http:\/\/tvalaire.com\/index.php?rest_route=\/wp\/v2\/posts\/3716\/revisions\/3717"}],"wp:featuredmedia":[{"embeddable":true,"href":"http:\/\/tvalaire.com\/index.php?rest_route=\/wp\/v2\/media\/3714"}],"wp:attachment":[{"href":"http:\/\/tvalaire.com\/index.php?rest_route=%2Fwp%2Fv2%2Fmedia&parent=3716"}],"wp:term":[{"taxonomy":"category","embeddable":true,"href":"http:\/\/tvalaire.com\/index.php?rest_route=%2Fwp%2Fv2%2Fcategories&post=3716"},{"taxonomy":"post_tag","embeddable":true,"href":"http:\/\/tvalaire.com\/index.php?rest_route=%2Fwp%2Fv2%2Ftags&post=3716"}],"curies":[{"name":"wp","href":"https:\/\/api.w.org\/{rel}","templated":true}]}}