{"id":3712,"date":"2018-05-15T09:00:45","date_gmt":"2018-05-15T14:00:45","guid":{"rendered":"http:\/\/tvalaire.com\/?p=3712"},"modified":"2018-05-16T09:03:00","modified_gmt":"2018-05-16T14:03:00","slug":"seamos-independientes-seremos-diferentes-gabriel-bernal","status":"publish","type":"post","link":"http:\/\/tvalaire.com\/?p=3712","title":{"rendered":"SEAMOS INDEPENDIENTES, SEREMOS DIFERENTES: GABRIEL BERNAL"},"content":{"rendered":"<p>Con motivo del arranque de campa\u00f1a, esta ma\u00f1ana en punto de las 9 a.m. el candidato independiente a la presidencia municipal de La Piedad el C.P. Gabriel Bernal Mart\u00ednez y su equipo de trabajo, sostuvieron un encuentro con los medios de comunicaci\u00f3n de la regi\u00f3n en la casa de campa\u00f1a.<\/p>\n<p>En dicha reuni\u00f3n Bernal Mart\u00ednez dio a conocer la manera en la que est\u00e1 conformada su planilla y cu\u00e1les fueron los motivos que lo impulsaron a tomar una candidatura independiente. Tambi\u00e9n se hizo hincapi\u00e9 en cu\u00e1les son los temas principales que atender\u00eda este proyecto de gobierno ciudadano.<\/p>\n<p>Al ser cuestionado sobre la manera en la que conseguir\u00eda los votos para su proyecto de gobierno, su respuesta fue clara y contundente \u201cmientras realizamos la recolecci\u00f3n de firmas para el registro del proyecto, escuchamos el sentir de los ciudadanos que est\u00e1n cansados de gobiernos que no trabajan y manifestaron dar todo su apoyo en las pr\u00f3ximas votaciones\u201d.<\/p>\n<p>Tambi\u00e9n manifest\u00f3 que \u201cla estructura de este proyecto est\u00e1 compuesta por todos los ciudadanos, esto representa una gran ventaja en la b\u00fasqueda de elecciones equitativas, justas y democr\u00e1ticas en beneficio de los ciudadanos\u201d.<\/p>\n<p>&nbsp;<\/p>\n","protected":false},"excerpt":{"rendered":"<p>Con motivo del arranque de campa\u00f1a, esta ma\u00f1ana en punto de las 9 a.m. el&#8230;<\/p>\n","protected":false},"author":1,"featured_media":3713,"comment_status":"open","ping_status":"open","sticky":false,"template":"","format":"standard","meta":{"jetpack_post_was_ever_published":false,"_jetpack_newsletter_access":"","_jetpack_dont_email_post_to_subs":false,"_jetpack_newsletter_tier_id":0,"_jetpack_memberships_contains_paywalled_content":false,"_jetpack_memberships_contains_paid_content":false,"footnotes":"","jetpack_publicize_message":"","jetpack_publicize_feature_enabled":true,"jetpack_social_post_already_shared":false,"jetpack_social_options":{"image_generator_settings":{"template":"highway","enabled":false},"version":2}},"categories":[1],"tags":[15,36],"class_list":["post-3712","post","type-post","status-publish","format-standard","has-post-thumbnail","hentry","category-la-piedad","tag-la-piedad","tag-principales"],"jetpack_publicize_connections":[],"jetpack_sharing_enabled":true,"featured_image_urls":{"full":["http:\/\/tvalaire.com\/wp-content\/uploads\/2018\/05\/1505-CANDIDATO-INDEPENDIENTE-dione.jpeg",576,1024,false],"thumbnail":["http:\/\/tvalaire.com\/wp-content\/uploads\/2018\/05\/1505-CANDIDATO-INDEPENDIENTE-dione-150x150.jpeg",150,150,true],"medium":["http:\/\/tvalaire.com\/wp-content\/uploads\/2018\/05\/1505-CANDIDATO-INDEPENDIENTE-dione-169x300.jpeg",169,300,true],"medium_large":["http:\/\/tvalaire.com\/wp-content\/uploads\/2018\/05\/1505-CANDIDATO-INDEPENDIENTE-dione.jpeg",576,1024,false],"large":["http:\/\/tvalaire.com\/wp-content\/uploads\/2018\/05\/1505-CANDIDATO-INDEPENDIENTE-dione-576x1024.jpeg",576,1024,true],"post-slider-thumb-size":["http:\/\/tvalaire.com\/wp-content\/uploads\/2018\/05\/1505-CANDIDATO-INDEPENDIENTE-dione.jpeg",107,190,false],"post-category-slider-size":["http:\/\/tvalaire.com\/wp-content\/uploads\/2018\/05\/1505-CANDIDATO-INDEPENDIENTE-dione.jpeg",197,350,false],"1536x1536":["http:\/\/tvalaire.com\/wp-content\/uploads\/2018\/05\/1505-CANDIDATO-INDEPENDIENTE-dione.jpeg",576,1024,false],"2048x2048":["http:\/\/tvalaire.com\/wp-content\/uploads\/2018\/05\/1505-CANDIDATO-INDEPENDIENTE-dione.jpeg",576,1024,false],"newsium-slider-full":["http:\/\/tvalaire.com\/wp-content\/uploads\/2018\/05\/1505-CANDIDATO-INDEPENDIENTE-dione.jpeg",475,845,false],"newsium-featured":["http:\/\/tvalaire.com\/wp-content\/uploads\/2018\/05\/1505-CANDIDATO-INDEPENDIENTE-dione.jpeg",576,1024,false],"newsium-medium":["http:\/\/tvalaire.com\/wp-content\/uploads\/2018\/05\/1505-CANDIDATO-INDEPENDIENTE-dione.jpeg",267,475,false]},"author_info":{"info":["tvalairenoti"]},"category_info":"<a href=\"http:\/\/tvalaire.com\/?cat=1\" rel=\"category\">La Piedad<\/a>","tag_info":"La Piedad","comment_count":"0","jetpack_featured_media_url":"http:\/\/tvalaire.com\/wp-content\/uploads\/2018\/05\/1505-CANDIDATO-INDEPENDIENTE-dione.jpeg","_links":{"self":[{"href":"http:\/\/tvalaire.com\/index.php?rest_route=\/wp\/v2\/posts\/3712"}],"collection":[{"href":"http:\/\/tvalaire.com\/index.php?rest_route=\/wp\/v2\/posts"}],"about":[{"href":"http:\/\/tvalaire.com\/index.php?rest_route=\/wp\/v2\/types\/post"}],"author":[{"embeddable":true,"href":"http:\/\/tvalaire.com\/index.php?rest_route=\/wp\/v2\/users\/1"}],"replies":[{"embeddable":true,"href":"http:\/\/tvalaire.com\/index.php?rest_route=%2Fwp%2Fv2%2Fcomments&post=3712"}],"version-history":[{"count":1,"href":"http:\/\/tvalaire.com\/index.php?rest_route=\/wp\/v2\/posts\/3712\/revisions"}],"predecessor-version":[{"id":3715,"href":"http:\/\/tvalaire.com\/index.php?rest_route=\/wp\/v2\/posts\/3712\/revisions\/3715"}],"wp:featuredmedia":[{"embeddable":true,"href":"http:\/\/tvalaire.com\/index.php?rest_route=\/wp\/v2\/media\/3713"}],"wp:attachment":[{"href":"http:\/\/tvalaire.com\/index.php?rest_route=%2Fwp%2Fv2%2Fmedia&parent=3712"}],"wp:term":[{"taxonomy":"category","embeddable":true,"href":"http:\/\/tvalaire.com\/index.php?rest_route=%2Fwp%2Fv2%2Fcategories&post=3712"},{"taxonomy":"post_tag","embeddable":true,"href":"http:\/\/tvalaire.com\/index.php?rest_route=%2Fwp%2Fv2%2Ftags&post=3712"}],"curies":[{"name":"wp","href":"https:\/\/api.w.org\/{rel}","templated":true}]}}