{"id":3709,"date":"2018-05-11T08:59:45","date_gmt":"2018-05-11T13:59:45","guid":{"rendered":"http:\/\/tvalaire.com\/?p=3709"},"modified":"2018-05-16T09:00:13","modified_gmt":"2018-05-16T14:00:13","slug":"reconocen-labor-de-los-maestros-en-su-dia","status":"publish","type":"post","link":"http:\/\/tvalaire.com\/?p=3709","title":{"rendered":"RECONOCEN LABOR DE LOS MAESTROS EN SU DIA"},"content":{"rendered":"<p>\u201cUstedes son una parte importante porque deben preparar a las presentes y futuras generaciones\u201d, as\u00ed se expres\u00f3 el Alcalde esta tarde durante el acto con el cual el Gobierno Municipal festej\u00f3 el D\u00eda del maestro.<\/p>\n<p>En total entreg\u00f3 71 reconocimientos de los cuales 47 fueron generales y 24 especiales, durante una tradicional comida en la que se tuvo una gran asistencia de parte de los docentes en La Piedad, el pasado viernes 11 de mayo.<\/p>\n<p>Ah\u00ed el aun Presidente Municipal dijo a los homenajeados en su d\u00eda, que ellos eran parte importante en la sociedad porque a ellos correspond\u00eda preparar a la juventud.<\/p>\n<p>Expuso a su vez que en los pr\u00f3ximos d\u00edas entrar\u00e1 en una etapa diferente de la que no sab\u00eda qu\u00e9 pasar\u00e1, sin embargo, les expres\u00f3 que independientemente de lo que suceda, podr\u00e1n contar con \u00e9l como con un amigo y como alguien que est\u00e1 agradecido con La Piedad.<\/p>\n<p>Durante el acto, el director de Educacion agradeci\u00f3 al gobierno porque desde el inicio de esta administraci\u00f3n se enfoc\u00f3 en buscar mejores condiciones a este sector mediante la ampliaci\u00f3n del presupuesto para becas de las cuales este gobierno destina 10.3 millones de pesos sin contar con los apoyos para rehabilitaci\u00f3n y mejoramientos de los espacios educativos, manifestando que en Michoacan \u00fanicamente existen cuatro municipios que aportan recursos a becas y uno de ellos es La Piedad.<\/p>\n<p>Reconoci\u00f3 a su vez a los maestros por haber dado su vida a esta noble labor.<\/p>\n<p>En el acto se cont\u00f3 con la presencia de autoridades educativas de las jefaturas de sector 13 y 31 de primarias, preescolar, educaci\u00f3n f\u00edsica, as\u00ed como directivos de diversas instituciones educativas con quienes pasaron un rato agradable.<\/p>\n<p>&nbsp;<\/p>\n","protected":false},"excerpt":{"rendered":"<p>\u201cUstedes son una parte importante porque deben preparar a las presentes y futuras generaciones\u201d, as\u00ed&#8230;<\/p>\n","protected":false},"author":1,"featured_media":3710,"comment_status":"open","ping_status":"open","sticky":false,"template":"","format":"standard","meta":{"jetpack_post_was_ever_published":false,"_jetpack_newsletter_access":"","_jetpack_dont_email_post_to_subs":false,"_jetpack_newsletter_tier_id":0,"_jetpack_memberships_contains_paywalled_content":false,"_jetpack_memberships_contains_paid_content":false,"footnotes":"","jetpack_publicize_message":"","jetpack_publicize_feature_enabled":true,"jetpack_social_post_already_shared":false,"jetpack_social_options":{"image_generator_settings":{"template":"highway","enabled":false},"version":2}},"categories":[1],"tags":[15,36],"class_list":["post-3709","post","type-post","status-publish","format-standard","has-post-thumbnail","hentry","category-la-piedad","tag-la-piedad","tag-principales"],"jetpack_publicize_connections":[],"jetpack_sharing_enabled":true,"featured_image_urls":{"full":["http:\/\/tvalaire.com\/wp-content\/uploads\/2018\/05\/1505-MAESTROS-dione2.jpg",1280,855,false],"thumbnail":["http:\/\/tvalaire.com\/wp-content\/uploads\/2018\/05\/1505-MAESTROS-dione2-150x150.jpg",150,150,true],"medium":["http:\/\/tvalaire.com\/wp-content\/uploads\/2018\/05\/1505-MAESTROS-dione2-300x200.jpg",300,200,true],"medium_large":["http:\/\/tvalaire.com\/wp-content\/uploads\/2018\/05\/1505-MAESTROS-dione2-768x513.jpg",640,428,true],"large":["http:\/\/tvalaire.com\/wp-content\/uploads\/2018\/05\/1505-MAESTROS-dione2-1024x684.jpg",640,428,true],"post-slider-thumb-size":["http:\/\/tvalaire.com\/wp-content\/uploads\/2018\/05\/1505-MAESTROS-dione2.jpg",284,190,false],"post-category-slider-size":["http:\/\/tvalaire.com\/wp-content\/uploads\/2018\/05\/1505-MAESTROS-dione2.jpg",330,220,false],"1536x1536":["http:\/\/tvalaire.com\/wp-content\/uploads\/2018\/05\/1505-MAESTROS-dione2.jpg",1280,855,false],"2048x2048":["http:\/\/tvalaire.com\/wp-content\/uploads\/2018\/05\/1505-MAESTROS-dione2.jpg",1280,855,false],"newsium-slider-full":["http:\/\/tvalaire.com\/wp-content\/uploads\/2018\/05\/1505-MAESTROS-dione2.jpg",1265,845,false],"newsium-featured":["http:\/\/tvalaire.com\/wp-content\/uploads\/2018\/05\/1505-MAESTROS-dione2.jpg",1024,684,false],"newsium-medium":["http:\/\/tvalaire.com\/wp-content\/uploads\/2018\/05\/1505-MAESTROS-dione2.jpg",711,475,false]},"author_info":{"info":["tvalairenoti"]},"category_info":"<a href=\"http:\/\/tvalaire.com\/?cat=1\" rel=\"category\">La Piedad<\/a>","tag_info":"La Piedad","comment_count":"0","jetpack_featured_media_url":"http:\/\/tvalaire.com\/wp-content\/uploads\/2018\/05\/1505-MAESTROS-dione2.jpg","_links":{"self":[{"href":"http:\/\/tvalaire.com\/index.php?rest_route=\/wp\/v2\/posts\/3709"}],"collection":[{"href":"http:\/\/tvalaire.com\/index.php?rest_route=\/wp\/v2\/posts"}],"about":[{"href":"http:\/\/tvalaire.com\/index.php?rest_route=\/wp\/v2\/types\/post"}],"author":[{"embeddable":true,"href":"http:\/\/tvalaire.com\/index.php?rest_route=\/wp\/v2\/users\/1"}],"replies":[{"embeddable":true,"href":"http:\/\/tvalaire.com\/index.php?rest_route=%2Fwp%2Fv2%2Fcomments&post=3709"}],"version-history":[{"count":1,"href":"http:\/\/tvalaire.com\/index.php?rest_route=\/wp\/v2\/posts\/3709\/revisions"}],"predecessor-version":[{"id":3711,"href":"http:\/\/tvalaire.com\/index.php?rest_route=\/wp\/v2\/posts\/3709\/revisions\/3711"}],"wp:featuredmedia":[{"embeddable":true,"href":"http:\/\/tvalaire.com\/index.php?rest_route=\/wp\/v2\/media\/3710"}],"wp:attachment":[{"href":"http:\/\/tvalaire.com\/index.php?rest_route=%2Fwp%2Fv2%2Fmedia&parent=3709"}],"wp:term":[{"taxonomy":"category","embeddable":true,"href":"http:\/\/tvalaire.com\/index.php?rest_route=%2Fwp%2Fv2%2Fcategories&post=3709"},{"taxonomy":"post_tag","embeddable":true,"href":"http:\/\/tvalaire.com\/index.php?rest_route=%2Fwp%2Fv2%2Ftags&post=3709"}],"curies":[{"name":"wp","href":"https:\/\/api.w.org\/{rel}","templated":true}]}}