{"id":3705,"date":"2018-05-15T11:25:39","date_gmt":"2018-05-15T16:25:39","guid":{"rendered":"http:\/\/tvalaire.com\/?p=3705"},"modified":"2018-05-15T11:26:20","modified_gmt":"2018-05-15T16:26:20","slug":"arranca-ramon-maya-candidato-de-morena-a-la-presidencia-municipal-de-la-piedad","status":"publish","type":"post","link":"http:\/\/tvalaire.com\/?p=3705","title":{"rendered":"ARRANCA RAMON MAYA, CANDIDATO DE MORENA A LA PRESIDENCIA MUNICIPAL DE LA PIEDAD"},"content":{"rendered":"<p>El licenciado Ram\u00f3n Maya Morales arranca sus labores proselitistas con una marcha acompa\u00f1ado por la candidata Yolanda Guerrero, candidata por la diputaci\u00f3n federal del distrito V; desde su casa de campa\u00f1a al centro de La Piedad, donde se dirigi\u00f3 a seguidores de MORENA\/PT y gente que se aglomer\u00f3 en el lugar, para escuchar al candidato.<\/p>\n<p>En el acto Ram\u00f3n Maya habl\u00f3 sobre sus propuestas entre las que destac\u00f3 en el tema de la salud:<\/p>\n<ol>\n<li>Crear el sistema municipal de salud y que consiste en establecer consultorios m\u00e9dicos en las comunidades y colonias del municipio, donde habr\u00e1 consulta y medicamentos gratuitos.<\/li>\n<li>Edificar un centro de salud nuevo, amplio y eficiente, con m\u00e9dicos especialistas.<\/li>\n<li>Conjuntar esfuerzos con el Hospital Regional, a fin de que su funcionamiento sea mejor y m\u00e1s eficiente.<\/li>\n<\/ol>\n<p>En materia de educaci\u00f3n propone:<\/p>\n<ol>\n<li>Revisi\u00f3n y reestructuraci\u00f3n de las becas municipales para otorgarlas a quienes m\u00e1s lo necesitan y aumentar el monto y n\u00famero de ellas.<\/li>\n<li>Establecer comedores escolares que brinden alimentaci\u00f3n a los alumnos que lo requieran.<\/li>\n<li>Apoyo a escuelas para su mantenimiento permanente en sus instalaciones.<\/li>\n<\/ol>\n<p>En empleo:<\/p>\n<ol>\n<li>Retomar el proyecto del parque industrial en La Piedad, en el terreno que se compr\u00f3 en el 2001 de 90 hect\u00e1reas ubicado frente a la comunidad de Paredones rumbo a Zamora.<\/li>\n<li>Establecer un fondo econ\u00f3mico que impulse la peque\u00f1a y mediana empresa mediante la cual se otorguen pr\u00e9stamos econ\u00f3micos a la palabra.<\/li>\n<li>Otorgamiento de becas de primer empleo que permita adquirir experiencia en el desempe\u00f1o de los egresados.<\/li>\n<\/ol>\n<p>Tambi\u00e9n habl\u00f3 de obras y acciones especiales entre las que destacan:<\/p>\n<ol>\n<li>Creaci\u00f3n de la productora municipal de semillas (PROMUSE) que apoyar\u00eda a los campesinos piedadenses.<\/li>\n<li>Construcci\u00f3n de un mercado de abastos para La Piedad<\/li>\n<li>Apertura de un nuevo pante\u00f3n municipal<\/li>\n<li>Construcci\u00f3n del segundo cuerpo del libramiento Mart\u00ed Mercado<\/li>\n<li>Pavimentaci\u00f3n de 150 metros cuadrados de calles en el municipio.<\/li>\n<li>Comedores y guarder\u00edas para trabajadoras jornaleras.<\/li>\n<\/ol>\n<p>&nbsp;<\/p>\n<p>El acto termin\u00f3 en conocido restaurante de la ciudad con una rueda de prensa, donde lo acompa\u00f1\u00f3 la candidata por el distrito 5\u00a0 Yolanda Guerrero.<\/p>\n","protected":false},"excerpt":{"rendered":"<p>El licenciado Ram\u00f3n Maya Morales arranca sus labores proselitistas con una marcha acompa\u00f1ado por la&#8230;<\/p>\n","protected":false},"author":1,"featured_media":3703,"comment_status":"open","ping_status":"open","sticky":false,"template":"","format":"standard","meta":{"jetpack_post_was_ever_published":false,"_jetpack_newsletter_access":"","_jetpack_dont_email_post_to_subs":false,"_jetpack_newsletter_tier_id":0,"_jetpack_memberships_contains_paywalled_content":false,"_jetpack_memberships_contains_paid_content":false,"footnotes":"","jetpack_publicize_message":"","jetpack_publicize_feature_enabled":true,"jetpack_social_post_already_shared":false,"jetpack_social_options":{"image_generator_settings":{"template":"highway","enabled":false},"version":2}},"categories":[1],"tags":[15,36],"class_list":["post-3705","post","type-post","status-publish","format-standard","has-post-thumbnail","hentry","category-la-piedad","tag-la-piedad","tag-principales"],"jetpack_publicize_connections":[],"jetpack_sharing_enabled":true,"featured_image_urls":{"full":["http:\/\/tvalaire.com\/wp-content\/uploads\/2018\/05\/1405-MORENA-dione.jpg",640,398,false],"thumbnail":["http:\/\/tvalaire.com\/wp-content\/uploads\/2018\/05\/1405-MORENA-dione-150x150.jpg",150,150,true],"medium":["http:\/\/tvalaire.com\/wp-content\/uploads\/2018\/05\/1405-MORENA-dione-300x187.jpg",300,187,true],"medium_large":["http:\/\/tvalaire.com\/wp-content\/uploads\/2018\/05\/1405-MORENA-dione.jpg",640,398,false],"large":["http:\/\/tvalaire.com\/wp-content\/uploads\/2018\/05\/1405-MORENA-dione.jpg",640,398,false],"post-slider-thumb-size":["http:\/\/tvalaire.com\/wp-content\/uploads\/2018\/05\/1405-MORENA-dione.jpg",306,190,false],"post-category-slider-size":["http:\/\/tvalaire.com\/wp-content\/uploads\/2018\/05\/1405-MORENA-dione.jpg",330,205,false],"1536x1536":["http:\/\/tvalaire.com\/wp-content\/uploads\/2018\/05\/1405-MORENA-dione.jpg",640,398,false],"2048x2048":["http:\/\/tvalaire.com\/wp-content\/uploads\/2018\/05\/1405-MORENA-dione.jpg",640,398,false],"newsium-slider-full":["http:\/\/tvalaire.com\/wp-content\/uploads\/2018\/05\/1405-MORENA-dione.jpg",640,398,false],"newsium-featured":["http:\/\/tvalaire.com\/wp-content\/uploads\/2018\/05\/1405-MORENA-dione.jpg",640,398,false],"newsium-medium":["http:\/\/tvalaire.com\/wp-content\/uploads\/2018\/05\/1405-MORENA-dione.jpg",640,398,false]},"author_info":{"info":["tvalairenoti"]},"category_info":"<a href=\"http:\/\/tvalaire.com\/?cat=1\" rel=\"category\">La Piedad<\/a>","tag_info":"La Piedad","comment_count":"0","jetpack_featured_media_url":"http:\/\/tvalaire.com\/wp-content\/uploads\/2018\/05\/1405-MORENA-dione.jpg","_links":{"self":[{"href":"http:\/\/tvalaire.com\/index.php?rest_route=\/wp\/v2\/posts\/3705"}],"collection":[{"href":"http:\/\/tvalaire.com\/index.php?rest_route=\/wp\/v2\/posts"}],"about":[{"href":"http:\/\/tvalaire.com\/index.php?rest_route=\/wp\/v2\/types\/post"}],"author":[{"embeddable":true,"href":"http:\/\/tvalaire.com\/index.php?rest_route=\/wp\/v2\/users\/1"}],"replies":[{"embeddable":true,"href":"http:\/\/tvalaire.com\/index.php?rest_route=%2Fwp%2Fv2%2Fcomments&post=3705"}],"version-history":[{"count":2,"href":"http:\/\/tvalaire.com\/index.php?rest_route=\/wp\/v2\/posts\/3705\/revisions"}],"predecessor-version":[{"id":3707,"href":"http:\/\/tvalaire.com\/index.php?rest_route=\/wp\/v2\/posts\/3705\/revisions\/3707"}],"wp:featuredmedia":[{"embeddable":true,"href":"http:\/\/tvalaire.com\/index.php?rest_route=\/wp\/v2\/media\/3703"}],"wp:attachment":[{"href":"http:\/\/tvalaire.com\/index.php?rest_route=%2Fwp%2Fv2%2Fmedia&parent=3705"}],"wp:term":[{"taxonomy":"category","embeddable":true,"href":"http:\/\/tvalaire.com\/index.php?rest_route=%2Fwp%2Fv2%2Fcategories&post=3705"},{"taxonomy":"post_tag","embeddable":true,"href":"http:\/\/tvalaire.com\/index.php?rest_route=%2Fwp%2Fv2%2Ftags&post=3705"}],"curies":[{"name":"wp","href":"https:\/\/api.w.org\/{rel}","templated":true}]}}