{"id":3701,"date":"2018-05-15T11:24:32","date_gmt":"2018-05-15T16:24:32","guid":{"rendered":"http:\/\/tvalaire.com\/?p=3701"},"modified":"2018-05-15T11:24:32","modified_gmt":"2018-05-15T16:24:32","slug":"arranca-campana-alejandro-espinoza-en-coalicion-pan-prd","status":"publish","type":"post","link":"http:\/\/tvalaire.com\/?p=3701","title":{"rendered":"ARRANCA CAMPA\u00d1A ALEJANDRO ESPINOZA EN COALICION PAN-PRD"},"content":{"rendered":"<p>En punto del minuto 1 del d\u00eda de hoy, Alejandro Espinoza, candidato a la Presidencia Municipal de La Piedad, acompa\u00f1ado del candidato a la diputaci\u00f3n Local Hugo Anaya y a la candidata a la Diputaci\u00f3n Federal Er\u00e9ndira Castellanos, arranc\u00f3 labores de proselitismo en las instalaciones de su casa de campa\u00f1a.<\/p>\n<p>El primer discurso correspondi\u00f3 al candidato a la diputaci\u00f3n local Hugo Anaya, quien dijo a los ah\u00ed presentes entre militantes del PAN y del PRD que juntos est\u00e1 seguro que har\u00e1n historia el 1 de julio, que recuperar\u00e1n junto con los otros candidatos el distrito el gobierno y que regresar\u00e1 la presidencia de La Piedad con Alejandro Espinoza a su partido.<\/p>\n<p>En su participaci\u00f3n, Alejandro Espinoza indic\u00f3 que est\u00e1n listos PRD y PAN para construir una nueva historia, y regresar la sensibilidad al gobierno que se ha perdido, tocar\u00e1n puerta por puerta donde no se cansar\u00e1n y demostrar\u00e1n que est\u00e1n fuertes y que quieren que regrese el progreso a La Piedad, que ganar\u00e1n el paquete completo con Ricardo Anaya y pidi\u00f3 tambi\u00e9n que se sumaran todos los piedadenses por el bienestar del pa\u00eds y demostrar que si se puede ir en alianza y que est\u00e1n listos y juntos por la victoria.<\/p>\n<p>&nbsp;<\/p>\n","protected":false},"excerpt":{"rendered":"<p>En punto del minuto 1 del d\u00eda de hoy, Alejandro Espinoza, candidato a la Presidencia&#8230;<\/p>\n","protected":false},"author":1,"featured_media":3702,"comment_status":"open","ping_status":"open","sticky":false,"template":"","format":"standard","meta":{"jetpack_post_was_ever_published":false,"_jetpack_newsletter_access":"","_jetpack_dont_email_post_to_subs":false,"_jetpack_newsletter_tier_id":0,"_jetpack_memberships_contains_paywalled_content":false,"_jetpack_memberships_contains_paid_content":false,"footnotes":"","jetpack_publicize_message":"","jetpack_publicize_feature_enabled":true,"jetpack_social_post_already_shared":false,"jetpack_social_options":{"image_generator_settings":{"template":"highway","enabled":false},"version":2}},"categories":[1],"tags":[15,36],"class_list":["post-3701","post","type-post","status-publish","format-standard","has-post-thumbnail","hentry","category-la-piedad","tag-la-piedad","tag-principales"],"jetpack_publicize_connections":[],"jetpack_sharing_enabled":true,"featured_image_urls":{"full":["http:\/\/tvalaire.com\/wp-content\/uploads\/2018\/05\/1405-PAN-dione2.jpg",1280,720,false],"thumbnail":["http:\/\/tvalaire.com\/wp-content\/uploads\/2018\/05\/1405-PAN-dione2-150x150.jpg",150,150,true],"medium":["http:\/\/tvalaire.com\/wp-content\/uploads\/2018\/05\/1405-PAN-dione2-300x169.jpg",300,169,true],"medium_large":["http:\/\/tvalaire.com\/wp-content\/uploads\/2018\/05\/1405-PAN-dione2-768x432.jpg",640,360,true],"large":["http:\/\/tvalaire.com\/wp-content\/uploads\/2018\/05\/1405-PAN-dione2-1024x576.jpg",640,360,true],"post-slider-thumb-size":["http:\/\/tvalaire.com\/wp-content\/uploads\/2018\/05\/1405-PAN-dione2.jpg",330,186,false],"post-category-slider-size":["http:\/\/tvalaire.com\/wp-content\/uploads\/2018\/05\/1405-PAN-dione2.jpg",330,186,false],"1536x1536":["http:\/\/tvalaire.com\/wp-content\/uploads\/2018\/05\/1405-PAN-dione2.jpg",1280,720,false],"2048x2048":["http:\/\/tvalaire.com\/wp-content\/uploads\/2018\/05\/1405-PAN-dione2.jpg",1280,720,false],"newsium-slider-full":["http:\/\/tvalaire.com\/wp-content\/uploads\/2018\/05\/1405-PAN-dione2.jpg",1280,720,false],"newsium-featured":["http:\/\/tvalaire.com\/wp-content\/uploads\/2018\/05\/1405-PAN-dione2.jpg",1024,576,false],"newsium-medium":["http:\/\/tvalaire.com\/wp-content\/uploads\/2018\/05\/1405-PAN-dione2.jpg",720,405,false]},"author_info":{"info":["tvalairenoti"]},"category_info":"<a href=\"http:\/\/tvalaire.com\/?cat=1\" rel=\"category\">La Piedad<\/a>","tag_info":"La Piedad","comment_count":"0","jetpack_featured_media_url":"http:\/\/tvalaire.com\/wp-content\/uploads\/2018\/05\/1405-PAN-dione2.jpg","_links":{"self":[{"href":"http:\/\/tvalaire.com\/index.php?rest_route=\/wp\/v2\/posts\/3701"}],"collection":[{"href":"http:\/\/tvalaire.com\/index.php?rest_route=\/wp\/v2\/posts"}],"about":[{"href":"http:\/\/tvalaire.com\/index.php?rest_route=\/wp\/v2\/types\/post"}],"author":[{"embeddable":true,"href":"http:\/\/tvalaire.com\/index.php?rest_route=\/wp\/v2\/users\/1"}],"replies":[{"embeddable":true,"href":"http:\/\/tvalaire.com\/index.php?rest_route=%2Fwp%2Fv2%2Fcomments&post=3701"}],"version-history":[{"count":1,"href":"http:\/\/tvalaire.com\/index.php?rest_route=\/wp\/v2\/posts\/3701\/revisions"}],"predecessor-version":[{"id":3704,"href":"http:\/\/tvalaire.com\/index.php?rest_route=\/wp\/v2\/posts\/3701\/revisions\/3704"}],"wp:featuredmedia":[{"embeddable":true,"href":"http:\/\/tvalaire.com\/index.php?rest_route=\/wp\/v2\/media\/3702"}],"wp:attachment":[{"href":"http:\/\/tvalaire.com\/index.php?rest_route=%2Fwp%2Fv2%2Fmedia&parent=3701"}],"wp:term":[{"taxonomy":"category","embeddable":true,"href":"http:\/\/tvalaire.com\/index.php?rest_route=%2Fwp%2Fv2%2Fcategories&post=3701"},{"taxonomy":"post_tag","embeddable":true,"href":"http:\/\/tvalaire.com\/index.php?rest_route=%2Fwp%2Fv2%2Ftags&post=3701"}],"curies":[{"name":"wp","href":"https:\/\/api.w.org\/{rel}","templated":true}]}}