{"id":3699,"date":"2018-05-15T11:21:54","date_gmt":"2018-05-15T16:21:54","guid":{"rendered":"http:\/\/tvalaire.com\/?p=3699"},"modified":"2018-05-15T11:21:54","modified_gmt":"2018-05-15T16:21:54","slug":"juan-manuel-estrada-candidato-del-pri-a-la-presidencia-de-la-piedad-inicia-actividades","status":"publish","type":"post","link":"http:\/\/tvalaire.com\/?p=3699","title":{"rendered":"JUAN MANUEL ESTRADA, CANDIDATO DEL PRI A LA PRESIDENCIA DE LA PIEDAD INICIA ACTIVIDADES"},"content":{"rendered":"<p>En rueda de prensa en conocido restaurante del centro de la ciudad, el candidato del PRI a la presidencia municipal de La Piedad, dice a los medios de comunicaci\u00f3n tener una campa\u00f1a diferente a la de los dem\u00e1s candidatos, ya que se le ve sin tanta euforia y sin mucho movimiento de seguidores.<\/p>\n<p>Fue acompa\u00f1ado por el candidato a diputado federal Sergio Flores del distrito V; ah\u00ed Estrada Medina indic\u00f3 no estar satisfecho con lo que hizo como gobierno en La Piedad y que por eso quiere volver a ser presidente para cambiar errores que se cometieron.<\/p>\n<p>A pregunta expresa sobre sus propuestas, la que considera m\u00e1s importante es la creaci\u00f3n de un parque industrial en el municipio con un terrero de 200 hect\u00e1reas que investig\u00f3 que es lo que se necesita para realizarlo y generar recursos buscando alianzas.<\/p>\n<p>Habl\u00f3 sobre darle continuidad a algunos programas que actualmente se aplican en el municipio y tener m\u00e1s contacto con la gente; manifest\u00f3 no estar satisfecho con su labor como gobernante por estar agobiado por la falta de recursos, pero que La Piedad vale la pena para seguir esforz\u00e1ndose en sacar al municipio adelante.<\/p>\n<p>Concluy\u00f3 diciendo que seguir\u00e1 con los programas que han beneficiado al municipio fortaleci\u00e9ndolos y lo que se hizo mal corregirlo, en caso de llegar nuevamente a la presidencia de La Piedad.<\/p>\n","protected":false},"excerpt":{"rendered":"<p>En rueda de prensa en conocido restaurante del centro de la ciudad, el candidato del&#8230;<\/p>\n","protected":false},"author":1,"featured_media":3696,"comment_status":"open","ping_status":"open","sticky":false,"template":"","format":"standard","meta":{"jetpack_post_was_ever_published":false,"_jetpack_newsletter_access":"","_jetpack_dont_email_post_to_subs":false,"_jetpack_newsletter_tier_id":0,"_jetpack_memberships_contains_paywalled_content":false,"_jetpack_memberships_contains_paid_content":false,"footnotes":"","jetpack_publicize_message":"","jetpack_publicize_feature_enabled":true,"jetpack_social_post_already_shared":false,"jetpack_social_options":{"image_generator_settings":{"template":"highway","enabled":false},"version":2}},"categories":[1],"tags":[15,36],"class_list":["post-3699","post","type-post","status-publish","format-standard","has-post-thumbnail","hentry","category-la-piedad","tag-la-piedad","tag-principales"],"jetpack_publicize_connections":[],"jetpack_sharing_enabled":true,"featured_image_urls":{"full":["http:\/\/tvalaire.com\/wp-content\/uploads\/2018\/05\/1405-PRI-dione.jpg",1600,1200,false],"thumbnail":["http:\/\/tvalaire.com\/wp-content\/uploads\/2018\/05\/1405-PRI-dione-150x150.jpg",150,150,true],"medium":["http:\/\/tvalaire.com\/wp-content\/uploads\/2018\/05\/1405-PRI-dione-300x225.jpg",300,225,true],"medium_large":["http:\/\/tvalaire.com\/wp-content\/uploads\/2018\/05\/1405-PRI-dione-768x576.jpg",640,480,true],"large":["http:\/\/tvalaire.com\/wp-content\/uploads\/2018\/05\/1405-PRI-dione-1024x768.jpg",640,480,true],"post-slider-thumb-size":["http:\/\/tvalaire.com\/wp-content\/uploads\/2018\/05\/1405-PRI-dione.jpg",253,190,false],"post-category-slider-size":["http:\/\/tvalaire.com\/wp-content\/uploads\/2018\/05\/1405-PRI-dione.jpg",330,248,false],"1536x1536":["http:\/\/tvalaire.com\/wp-content\/uploads\/2018\/05\/1405-PRI-dione.jpg",1536,1152,false],"2048x2048":["http:\/\/tvalaire.com\/wp-content\/uploads\/2018\/05\/1405-PRI-dione.jpg",1600,1200,false],"newsium-slider-full":["http:\/\/tvalaire.com\/wp-content\/uploads\/2018\/05\/1405-PRI-dione.jpg",1127,845,false],"newsium-featured":["http:\/\/tvalaire.com\/wp-content\/uploads\/2018\/05\/1405-PRI-dione.jpg",1024,768,false],"newsium-medium":["http:\/\/tvalaire.com\/wp-content\/uploads\/2018\/05\/1405-PRI-dione.jpg",633,475,false]},"author_info":{"info":["tvalairenoti"]},"category_info":"<a href=\"http:\/\/tvalaire.com\/?cat=1\" rel=\"category\">La Piedad<\/a>","tag_info":"La Piedad","comment_count":"0","jetpack_featured_media_url":"http:\/\/tvalaire.com\/wp-content\/uploads\/2018\/05\/1405-PRI-dione.jpg","_links":{"self":[{"href":"http:\/\/tvalaire.com\/index.php?rest_route=\/wp\/v2\/posts\/3699"}],"collection":[{"href":"http:\/\/tvalaire.com\/index.php?rest_route=\/wp\/v2\/posts"}],"about":[{"href":"http:\/\/tvalaire.com\/index.php?rest_route=\/wp\/v2\/types\/post"}],"author":[{"embeddable":true,"href":"http:\/\/tvalaire.com\/index.php?rest_route=\/wp\/v2\/users\/1"}],"replies":[{"embeddable":true,"href":"http:\/\/tvalaire.com\/index.php?rest_route=%2Fwp%2Fv2%2Fcomments&post=3699"}],"version-history":[{"count":1,"href":"http:\/\/tvalaire.com\/index.php?rest_route=\/wp\/v2\/posts\/3699\/revisions"}],"predecessor-version":[{"id":3700,"href":"http:\/\/tvalaire.com\/index.php?rest_route=\/wp\/v2\/posts\/3699\/revisions\/3700"}],"wp:featuredmedia":[{"embeddable":true,"href":"http:\/\/tvalaire.com\/index.php?rest_route=\/wp\/v2\/media\/3696"}],"wp:attachment":[{"href":"http:\/\/tvalaire.com\/index.php?rest_route=%2Fwp%2Fv2%2Fmedia&parent=3699"}],"wp:term":[{"taxonomy":"category","embeddable":true,"href":"http:\/\/tvalaire.com\/index.php?rest_route=%2Fwp%2Fv2%2Fcategories&post=3699"},{"taxonomy":"post_tag","embeddable":true,"href":"http:\/\/tvalaire.com\/index.php?rest_route=%2Fwp%2Fv2%2Ftags&post=3699"}],"curies":[{"name":"wp","href":"https:\/\/api.w.org\/{rel}","templated":true}]}}