{"id":3671,"date":"2018-04-24T15:54:16","date_gmt":"2018-04-24T20:54:16","guid":{"rendered":"http:\/\/tvalaire.com\/?p=3671"},"modified":"2018-04-24T15:54:28","modified_gmt":"2018-04-24T20:54:28","slug":"tono-sosa-ratifica-su-compromiso-con-el-campo","status":"publish","type":"post","link":"http:\/\/tvalaire.com\/?p=3671","title":{"rendered":"TO\u00d1O SOSA RATIFICA SU COMPROMISO CON EL CAMPO"},"content":{"rendered":"<p>Jos\u00e9 Sixto Verduzco, Michoac\u00e1n a 23 de abril de 2018.-\u00a0Antonio Sosa L\u00f3pez, candidato del PRI a Diputado Federal por el Distrito 02, ratific\u00f3 su compromiso de apoyar al campo, ya que afirm\u00f3 es \u201cla fortaleza de Michoac\u00e1n\u201d.<\/p>\n<p>&nbsp;<\/p>\n<p>En charla con campesinos y ganaderos de la comunidad de San Mart\u00edn, en el municipio Jos\u00e9 Sixto Verduzco, asegur\u00f3 que impulsar\u00e1 pol\u00edticas p\u00fablicas que se centren en los productores y promuevan el crecimiento del sector.<\/p>\n<p>&nbsp;<\/p>\n<p>\u201cSoy originario de este distrito, fui Presidente Municipal de Santa Ana Maya, y conozco los retos que enfrentan; voy a trabajar para cerrar las brechas que existen en el sector y para afianzar a Michoac\u00e1n como potencia agroalimentaria\u201d, puntualiz\u00f3 el aspirante a legislador por el Distrito 02 con cabecera en Puru\u00e1ndiro.<\/p>\n<p>&nbsp;<\/p>\n<p>Asever\u00f3 que es necesario poner orden en la comercializaci\u00f3n y en los padrones de beneficiarios de programas; adem\u00e1s de actualizar los precios del ganado y de productos para beneficio de los peque\u00f1os productores, en las reglas de operaci\u00f3n de las dependencias encargadas del sector.<\/p>\n<p>&nbsp;<\/p>\n<p>\u201cVoy a gestionar programas\u00a0que los ayuden a incrementar la producci\u00f3n\u00a0de\u00a0alimentos; que apoyen al ganado menor, y que otorguen acceso a insumos de calidad a precios justos\u201d.<\/p>\n<p>&nbsp;<\/p>\n<p>Ganaderos y campesinos le externaron sus inquietudes al tambi\u00e9n exdiputado local, quien enfatiz\u00f3 que es necesaria una verdadera alianza entre los tres \u00f3rdenes de gobierno para lograr proyectos integrales de desarrollo productivo.<\/p>\n<p>&nbsp;<\/p>\n<p>Sosa L\u00f3pez tambi\u00e9n visit\u00f3 la comunidad Tres Mezquites, en donde se comprometi\u00f3 a acercar el programa del gobierno federal, denominado \u201cTraspatio\u201d, a todos los municipios del Distrito, el cual proporciona a familias en condiciones de pobreza alimentaria, asistencia t\u00e9cnica, insumos y equipamiento necesario para la producci\u00f3n de sus propios alimentos.<\/p>\n","protected":false},"excerpt":{"rendered":"<p>Jos\u00e9 Sixto Verduzco, Michoac\u00e1n a 23 de abril de 2018.-\u00a0Antonio Sosa L\u00f3pez, candidato del PRI&#8230;<\/p>\n","protected":false},"author":1,"featured_media":3672,"comment_status":"open","ping_status":"open","sticky":false,"template":"","format":"standard","meta":{"jetpack_post_was_ever_published":false,"_jetpack_newsletter_access":"","_jetpack_dont_email_post_to_subs":false,"_jetpack_newsletter_tier_id":0,"_jetpack_memberships_contains_paywalled_content":false,"_jetpack_memberships_contains_paid_content":false,"footnotes":"","jetpack_publicize_message":"","jetpack_publicize_feature_enabled":true,"jetpack_social_post_already_shared":false,"jetpack_social_options":{"image_generator_settings":{"template":"highway","enabled":false},"version":2}},"categories":[31],"tags":[37,36],"class_list":["post-3671","post","type-post","status-publish","format-standard","has-post-thumbnail","hentry","category-estado","tag-estado","tag-principales"],"jetpack_publicize_connections":[],"jetpack_sharing_enabled":true,"featured_image_urls":{"full":["http:\/\/tvalaire.com\/wp-content\/uploads\/2018\/04\/2404-BOLETIN-PRI-DISTRITO-02-dione.jpg",960,640,false],"thumbnail":["http:\/\/tvalaire.com\/wp-content\/uploads\/2018\/04\/2404-BOLETIN-PRI-DISTRITO-02-dione-150x150.jpg",150,150,true],"medium":["http:\/\/tvalaire.com\/wp-content\/uploads\/2018\/04\/2404-BOLETIN-PRI-DISTRITO-02-dione-300x200.jpg",300,200,true],"medium_large":["http:\/\/tvalaire.com\/wp-content\/uploads\/2018\/04\/2404-BOLETIN-PRI-DISTRITO-02-dione-768x512.jpg",640,427,true],"large":["http:\/\/tvalaire.com\/wp-content\/uploads\/2018\/04\/2404-BOLETIN-PRI-DISTRITO-02-dione.jpg",640,427,false],"post-slider-thumb-size":["http:\/\/tvalaire.com\/wp-content\/uploads\/2018\/04\/2404-BOLETIN-PRI-DISTRITO-02-dione.jpg",285,190,false],"post-category-slider-size":["http:\/\/tvalaire.com\/wp-content\/uploads\/2018\/04\/2404-BOLETIN-PRI-DISTRITO-02-dione.jpg",330,220,false],"1536x1536":["http:\/\/tvalaire.com\/wp-content\/uploads\/2018\/04\/2404-BOLETIN-PRI-DISTRITO-02-dione.jpg",960,640,false],"2048x2048":["http:\/\/tvalaire.com\/wp-content\/uploads\/2018\/04\/2404-BOLETIN-PRI-DISTRITO-02-dione.jpg",960,640,false],"newsium-slider-full":["http:\/\/tvalaire.com\/wp-content\/uploads\/2018\/04\/2404-BOLETIN-PRI-DISTRITO-02-dione.jpg",960,640,false],"newsium-featured":["http:\/\/tvalaire.com\/wp-content\/uploads\/2018\/04\/2404-BOLETIN-PRI-DISTRITO-02-dione.jpg",960,640,false],"newsium-medium":["http:\/\/tvalaire.com\/wp-content\/uploads\/2018\/04\/2404-BOLETIN-PRI-DISTRITO-02-dione.jpg",713,475,false]},"author_info":{"info":["tvalairenoti"]},"category_info":"<a href=\"http:\/\/tvalaire.com\/?cat=31\" rel=\"category\">Estado<\/a>","tag_info":"Estado","comment_count":"0","jetpack_featured_media_url":"http:\/\/tvalaire.com\/wp-content\/uploads\/2018\/04\/2404-BOLETIN-PRI-DISTRITO-02-dione.jpg","_links":{"self":[{"href":"http:\/\/tvalaire.com\/index.php?rest_route=\/wp\/v2\/posts\/3671"}],"collection":[{"href":"http:\/\/tvalaire.com\/index.php?rest_route=\/wp\/v2\/posts"}],"about":[{"href":"http:\/\/tvalaire.com\/index.php?rest_route=\/wp\/v2\/types\/post"}],"author":[{"embeddable":true,"href":"http:\/\/tvalaire.com\/index.php?rest_route=\/wp\/v2\/users\/1"}],"replies":[{"embeddable":true,"href":"http:\/\/tvalaire.com\/index.php?rest_route=%2Fwp%2Fv2%2Fcomments&post=3671"}],"version-history":[{"count":1,"href":"http:\/\/tvalaire.com\/index.php?rest_route=\/wp\/v2\/posts\/3671\/revisions"}],"predecessor-version":[{"id":3673,"href":"http:\/\/tvalaire.com\/index.php?rest_route=\/wp\/v2\/posts\/3671\/revisions\/3673"}],"wp:featuredmedia":[{"embeddable":true,"href":"http:\/\/tvalaire.com\/index.php?rest_route=\/wp\/v2\/media\/3672"}],"wp:attachment":[{"href":"http:\/\/tvalaire.com\/index.php?rest_route=%2Fwp%2Fv2%2Fmedia&parent=3671"}],"wp:term":[{"taxonomy":"category","embeddable":true,"href":"http:\/\/tvalaire.com\/index.php?rest_route=%2Fwp%2Fv2%2Fcategories&post=3671"},{"taxonomy":"post_tag","embeddable":true,"href":"http:\/\/tvalaire.com\/index.php?rest_route=%2Fwp%2Fv2%2Ftags&post=3671"}],"curies":[{"name":"wp","href":"https:\/\/api.w.org\/{rel}","templated":true}]}}