{"id":3662,"date":"2018-04-20T12:29:27","date_gmt":"2018-04-20T17:29:27","guid":{"rendered":"http:\/\/tvalaire.com\/?p=3662"},"modified":"2018-04-20T12:29:27","modified_gmt":"2018-04-20T17:29:27","slug":"controladas-enfermedades-diarreicas-en-la-zona-dr-pavel-garcia-morales","status":"publish","type":"post","link":"http:\/\/tvalaire.com\/?p=3662","title":{"rendered":"CONTROLADAS ENFERMEDADES DIARREICAS EN LA ZONA: DR. PAVEL GARCIA MORALES"},"content":{"rendered":"<p>Respecto a los \u00faltimos 5 a\u00f1os el incremento de la temperatura en la zona de La Piedad ha sido hist\u00f3rica y con ello se eleva las enfermedades gastrointestinales, seg\u00fan lo declar\u00f3 el Dr. Pavel Garc\u00eda Morales, director de la jurisdicci\u00f3n Sanitaria No. 6 con sede en La Piedad.<\/p>\n<p>Indic\u00f3 que hay un incremento en enfermedades diarreicas en la zona comprendida entre Penjamillo y Numar\u00e1n que colinda directamente con el R\u00edo Lerma y est\u00e1 considerada como zona de riesgo.<\/p>\n<p>Respecto a las enfermedades diarreicas por calor, ha habido un aumento como en cada temporada, donde los casos que se presentan son principalmente en ni\u00f1os y personas de la tercera edad, donde el factor es principalmente es por infecci\u00f3n intestinal ocasionado por bacterias o intoxicaci\u00f3n alimentaria de productos en mal estado que no se han manejado adecuadamente.<\/p>\n<p>El Dr. Garc\u00eda Morales inform\u00f3 que las enfermedades por vector est\u00e1n ahorita contenidas, debido a que el \u00e1rea de vectores de la jurisdicci\u00f3n ha estado teniendo el control sobre el mosco An\u00f3feles en la cuesti\u00f3n de Dengue, Paludismo y otras enfermedades que se trasmiten por el mismo.<\/p>\n<p>Agreg\u00f3 el funcionario que se tienen ovitrampas donde se detecta la presencia del mosco mediante huevecillos y est\u00e1n ubicadas de manera estrat\u00e9gica en lugares donde se han tenido brotes y se han presentado el mayor n\u00famero de casos, que hasta el d\u00eda de hoy han estado negativos.<\/p>\n<p>En donde han salido positivas las pruebas, se han tomado las medidas pertinentes como son la fumigaci\u00f3n, la descacharrizaci\u00f3n, agregar abate en los tinacos, aljibes, dep\u00f3sitos de agua as\u00ed como campa\u00f1as de la promoci\u00f3n de la salud; agreg\u00f3 que los mosquitos ponen sus huevecillos en agua limpia, para evitar que lo hagan \u00a0hay que tapar cualquier dep\u00f3sito de agua para consumo humano.<\/p>\n<p>El director de la Jurisdicci\u00f3n manifest\u00f3 que han existido brotes por enfermedades diarreicas mediante vector, pero que han sido casos aislados de 1 o 2 casos por a\u00f1o, que puede brincar seg\u00fan la regi\u00f3n, de hasta 5 a 10 casos en un periodo corto de tiempo y que puede afectar a la poblaci\u00f3n en un lapso muy reducido y eso ser\u00eda un caso de salud p\u00fablica.<\/p>\n<p>A pregunta expresa el Dr. Garc\u00eda Morales inform\u00f3 que en lo que va del a\u00f1o no se han registrado casos de Dengue, solo algunos el a\u00f1o pasado en la regi\u00f3n de Penjamillo. Agreg\u00f3 que si hay personas que hayan tenido un caso febril que presenten fiebre, dolor de cuerpo y articulaciones, dolor ocular sin ninguna causa aparente, deben acudir al m\u00e9dico. En caso de que resultara con alguna enfermedad por vector se hace una notificaci\u00f3n inmediata a la coordinaci\u00f3n de epidemiolog\u00eda de la Jurisdicci\u00f3n donde se encargan de buscar a la persona afectada y hacerle los ex\u00e1menes pertinentes para descartar que sea un brote y contenerlo si es que es positivo.<\/p>\n","protected":false},"excerpt":{"rendered":"<p>Respecto a los \u00faltimos 5 a\u00f1os el incremento de la temperatura en la zona de&#8230;<\/p>\n","protected":false},"author":1,"featured_media":3663,"comment_status":"open","ping_status":"open","sticky":false,"template":"","format":"standard","meta":{"jetpack_post_was_ever_published":false,"_jetpack_newsletter_access":"","_jetpack_dont_email_post_to_subs":false,"_jetpack_newsletter_tier_id":0,"_jetpack_memberships_contains_paywalled_content":false,"_jetpack_memberships_contains_paid_content":false,"footnotes":"","jetpack_publicize_message":"","jetpack_publicize_feature_enabled":true,"jetpack_social_post_already_shared":false,"jetpack_social_options":{"image_generator_settings":{"template":"highway","enabled":false},"version":2}},"categories":[1],"tags":[15,36],"class_list":["post-3662","post","type-post","status-publish","format-standard","has-post-thumbnail","hentry","category-la-piedad","tag-la-piedad","tag-principales"],"jetpack_publicize_connections":[],"jetpack_sharing_enabled":true,"featured_image_urls":{"full":["http:\/\/tvalaire.com\/wp-content\/uploads\/2018\/04\/2004-JURISDICCION-SANITARIA-dione.jpg",952,960,false],"thumbnail":["http:\/\/tvalaire.com\/wp-content\/uploads\/2018\/04\/2004-JURISDICCION-SANITARIA-dione-150x150.jpg",150,150,true],"medium":["http:\/\/tvalaire.com\/wp-content\/uploads\/2018\/04\/2004-JURISDICCION-SANITARIA-dione-298x300.jpg",298,300,true],"medium_large":["http:\/\/tvalaire.com\/wp-content\/uploads\/2018\/04\/2004-JURISDICCION-SANITARIA-dione-768x774.jpg",640,645,true],"large":["http:\/\/tvalaire.com\/wp-content\/uploads\/2018\/04\/2004-JURISDICCION-SANITARIA-dione.jpg",640,645,false],"post-slider-thumb-size":["http:\/\/tvalaire.com\/wp-content\/uploads\/2018\/04\/2004-JURISDICCION-SANITARIA-dione.jpg",188,190,false],"post-category-slider-size":["http:\/\/tvalaire.com\/wp-content\/uploads\/2018\/04\/2004-JURISDICCION-SANITARIA-dione.jpg",330,333,false],"1536x1536":["http:\/\/tvalaire.com\/wp-content\/uploads\/2018\/04\/2004-JURISDICCION-SANITARIA-dione.jpg",952,960,false],"2048x2048":["http:\/\/tvalaire.com\/wp-content\/uploads\/2018\/04\/2004-JURISDICCION-SANITARIA-dione.jpg",952,960,false],"newsium-slider-full":["http:\/\/tvalaire.com\/wp-content\/uploads\/2018\/04\/2004-JURISDICCION-SANITARIA-dione.jpg",838,845,false],"newsium-featured":["http:\/\/tvalaire.com\/wp-content\/uploads\/2018\/04\/2004-JURISDICCION-SANITARIA-dione.jpg",952,960,false],"newsium-medium":["http:\/\/tvalaire.com\/wp-content\/uploads\/2018\/04\/2004-JURISDICCION-SANITARIA-dione.jpg",471,475,false]},"author_info":{"info":["tvalairenoti"]},"category_info":"<a href=\"http:\/\/tvalaire.com\/?cat=1\" rel=\"category\">La Piedad<\/a>","tag_info":"La Piedad","comment_count":"0","jetpack_featured_media_url":"http:\/\/tvalaire.com\/wp-content\/uploads\/2018\/04\/2004-JURISDICCION-SANITARIA-dione.jpg","_links":{"self":[{"href":"http:\/\/tvalaire.com\/index.php?rest_route=\/wp\/v2\/posts\/3662"}],"collection":[{"href":"http:\/\/tvalaire.com\/index.php?rest_route=\/wp\/v2\/posts"}],"about":[{"href":"http:\/\/tvalaire.com\/index.php?rest_route=\/wp\/v2\/types\/post"}],"author":[{"embeddable":true,"href":"http:\/\/tvalaire.com\/index.php?rest_route=\/wp\/v2\/users\/1"}],"replies":[{"embeddable":true,"href":"http:\/\/tvalaire.com\/index.php?rest_route=%2Fwp%2Fv2%2Fcomments&post=3662"}],"version-history":[{"count":1,"href":"http:\/\/tvalaire.com\/index.php?rest_route=\/wp\/v2\/posts\/3662\/revisions"}],"predecessor-version":[{"id":3664,"href":"http:\/\/tvalaire.com\/index.php?rest_route=\/wp\/v2\/posts\/3662\/revisions\/3664"}],"wp:featuredmedia":[{"embeddable":true,"href":"http:\/\/tvalaire.com\/index.php?rest_route=\/wp\/v2\/media\/3663"}],"wp:attachment":[{"href":"http:\/\/tvalaire.com\/index.php?rest_route=%2Fwp%2Fv2%2Fmedia&parent=3662"}],"wp:term":[{"taxonomy":"category","embeddable":true,"href":"http:\/\/tvalaire.com\/index.php?rest_route=%2Fwp%2Fv2%2Fcategories&post=3662"},{"taxonomy":"post_tag","embeddable":true,"href":"http:\/\/tvalaire.com\/index.php?rest_route=%2Fwp%2Fv2%2Ftags&post=3662"}],"curies":[{"name":"wp","href":"https:\/\/api.w.org\/{rel}","templated":true}]}}