{"id":3656,"date":"2018-04-19T10:52:34","date_gmt":"2018-04-19T15:52:34","guid":{"rendered":"http:\/\/tvalaire.com\/?p=3656"},"modified":"2018-04-19T10:52:34","modified_gmt":"2018-04-19T15:52:34","slug":"presenta-ramon-maya-a-su-planilla","status":"publish","type":"post","link":"http:\/\/tvalaire.com\/?p=3656","title":{"rendered":"PRESENTA RAMON MAYA A SU PLANILLA"},"content":{"rendered":"<p><span style=\"font-weight: 400;\">El candidato a la presidencia municipal por MORENA\/PT, Ram\u00f3n Maya Morales, present\u00f3 a su planilla ante los medios donde se vio algunos rostros conocidos, y otros que es la primer vez que participan en una campa\u00f1a electoral.<\/span><\/p>\n<p><span style=\"font-weight: 400;\"> \u00a0La planilla qued\u00f3 integrada de la siguiente forma:<\/span><\/p>\n<p><span style=\"font-weight: 400;\">Presidente: Lic. Ram\u00f3n Maya Morales<\/span><\/p>\n<p><span style=\"font-weight: 400;\">S\u00edndico Propietario: C. Gloria Cendejas L\u00f3pez<\/span><\/p>\n<p><span style=\"font-weight: 400;\">Primer Regidor: Lic. Jos\u00e9 Ricardo Guill\u00e9n Camacho<\/span><\/p>\n<p><span style=\"font-weight: 400;\">Segundo Regidor: Enf. Emilia Cabello Molina<\/span><\/p>\n<p><span style=\"font-weight: 400;\">Tercer Regidor: Ing. Jes\u00fas Ram\u00f3n Soto Ortiz<\/span><\/p>\n<p><span style=\"font-weight: 400;\">Cuarto Regidor: C.P.y Lep. Nancy Basurto L\u00f3pez<\/span><\/p>\n<p><span style=\"font-weight: 400;\">Quinto Regidor: Mtro. Y Dr. Antonio P\u00e9rez Ram\u00edrez<\/span><\/p>\n<p><span style=\"font-weight: 400;\">Sexto Regidor: Lic. Ma. Elena Hern\u00e1ndez Manr\u00edquez<\/span><\/p>\n<p><span style=\"font-weight: 400;\">S\u00e9ptimo Regidor: Dr. Jos\u00e9 Luis Bernal L\u00f3pez<\/span><\/p>\n<p><span style=\"font-weight: 400;\"> \u00a0En la rueda de prensa se le cuestion\u00f3 sobre la ausencia en su planilla del Profesor Jos\u00e9 Albavera quien es promotor de Morena en sus inicios a lo que el candidato respondi\u00f3 que la planilla fue autorizada por la Comisi\u00f3n Nacional de Procesos Internos de MORENA, donde en un principio se desplegaron dos y la planilla que se est\u00e1 presentando fue la elegida y se integraron algunos de los ciudadanos que participaban en la otra.<\/span><\/p>\n<p><span style=\"font-weight: 400;\"> \u00a0Ram\u00f3n Maya a pregunta expresa dijo que no hay divisi\u00f3n en MORENA en La Piedad, pero que ha habido jaloneos como en las mejores familias pero que van todos con MORENA a contender el 1 de Julio; sobre este mismo tema se le indic\u00f3 al candidato que algunos integrantes de su partido han mencionado que no van a contender en la campa\u00f1a al lado de Ram\u00f3n Maya, a lo que respondi\u00f3 \u201csolamente respeto su decisi\u00f3n, espero que se unan a la campa\u00f1a pero si desde ahorita dicen que no, pues que les vaya muy bien\u201d. \u00a0<\/span><\/p>\n<p><span style=\"font-weight: 400;\"> \u00a0El candidato de MORENA indic\u00f3 que \u201ctodas las dem\u00e1s planillas de los otros partidos pol\u00edticos nos merecen su respeto, en la coalici\u00f3n \u201cJuntos Haremos Historia\u201d no menospreciamos a nadie y respetamos a nuestros adversarios y ser\u00e1 la gente quien decida\u201d, concluy\u00f3.<\/span><\/p>\n","protected":false},"excerpt":{"rendered":"<p>El candidato a la presidencia municipal por MORENA\/PT, Ram\u00f3n Maya Morales, present\u00f3 a su planilla&#8230;<\/p>\n","protected":false},"author":1,"featured_media":3657,"comment_status":"open","ping_status":"open","sticky":false,"template":"","format":"standard","meta":{"jetpack_post_was_ever_published":false,"_jetpack_newsletter_access":"","_jetpack_dont_email_post_to_subs":false,"_jetpack_newsletter_tier_id":0,"_jetpack_memberships_contains_paywalled_content":false,"_jetpack_memberships_contains_paid_content":false,"footnotes":"","jetpack_publicize_message":"","jetpack_publicize_feature_enabled":true,"jetpack_social_post_already_shared":false,"jetpack_social_options":{"image_generator_settings":{"template":"highway","enabled":false},"version":2}},"categories":[1],"tags":[15,36],"class_list":["post-3656","post","type-post","status-publish","format-standard","has-post-thumbnail","hentry","category-la-piedad","tag-la-piedad","tag-principales"],"jetpack_publicize_connections":[],"jetpack_sharing_enabled":true,"featured_image_urls":{"full":["http:\/\/tvalaire.com\/wp-content\/uploads\/2018\/04\/1804-MORENA-PLANILLA-dione2.jpg",1024,768,false],"thumbnail":["http:\/\/tvalaire.com\/wp-content\/uploads\/2018\/04\/1804-MORENA-PLANILLA-dione2-150x150.jpg",150,150,true],"medium":["http:\/\/tvalaire.com\/wp-content\/uploads\/2018\/04\/1804-MORENA-PLANILLA-dione2-300x225.jpg",300,225,true],"medium_large":["http:\/\/tvalaire.com\/wp-content\/uploads\/2018\/04\/1804-MORENA-PLANILLA-dione2-768x576.jpg",640,480,true],"large":["http:\/\/tvalaire.com\/wp-content\/uploads\/2018\/04\/1804-MORENA-PLANILLA-dione2-1024x768.jpg",640,480,true],"post-slider-thumb-size":["http:\/\/tvalaire.com\/wp-content\/uploads\/2018\/04\/1804-MORENA-PLANILLA-dione2.jpg",253,190,false],"post-category-slider-size":["http:\/\/tvalaire.com\/wp-content\/uploads\/2018\/04\/1804-MORENA-PLANILLA-dione2.jpg",330,248,false],"1536x1536":["http:\/\/tvalaire.com\/wp-content\/uploads\/2018\/04\/1804-MORENA-PLANILLA-dione2.jpg",1024,768,false],"2048x2048":["http:\/\/tvalaire.com\/wp-content\/uploads\/2018\/04\/1804-MORENA-PLANILLA-dione2.jpg",1024,768,false],"newsium-slider-full":["http:\/\/tvalaire.com\/wp-content\/uploads\/2018\/04\/1804-MORENA-PLANILLA-dione2.jpg",1024,768,false],"newsium-featured":["http:\/\/tvalaire.com\/wp-content\/uploads\/2018\/04\/1804-MORENA-PLANILLA-dione2.jpg",1024,768,false],"newsium-medium":["http:\/\/tvalaire.com\/wp-content\/uploads\/2018\/04\/1804-MORENA-PLANILLA-dione2.jpg",633,475,false]},"author_info":{"info":["tvalairenoti"]},"category_info":"<a href=\"http:\/\/tvalaire.com\/?cat=1\" rel=\"category\">La Piedad<\/a>","tag_info":"La Piedad","comment_count":"0","jetpack_featured_media_url":"http:\/\/tvalaire.com\/wp-content\/uploads\/2018\/04\/1804-MORENA-PLANILLA-dione2.jpg","_links":{"self":[{"href":"http:\/\/tvalaire.com\/index.php?rest_route=\/wp\/v2\/posts\/3656"}],"collection":[{"href":"http:\/\/tvalaire.com\/index.php?rest_route=\/wp\/v2\/posts"}],"about":[{"href":"http:\/\/tvalaire.com\/index.php?rest_route=\/wp\/v2\/types\/post"}],"author":[{"embeddable":true,"href":"http:\/\/tvalaire.com\/index.php?rest_route=\/wp\/v2\/users\/1"}],"replies":[{"embeddable":true,"href":"http:\/\/tvalaire.com\/index.php?rest_route=%2Fwp%2Fv2%2Fcomments&post=3656"}],"version-history":[{"count":1,"href":"http:\/\/tvalaire.com\/index.php?rest_route=\/wp\/v2\/posts\/3656\/revisions"}],"predecessor-version":[{"id":3658,"href":"http:\/\/tvalaire.com\/index.php?rest_route=\/wp\/v2\/posts\/3656\/revisions\/3658"}],"wp:featuredmedia":[{"embeddable":true,"href":"http:\/\/tvalaire.com\/index.php?rest_route=\/wp\/v2\/media\/3657"}],"wp:attachment":[{"href":"http:\/\/tvalaire.com\/index.php?rest_route=%2Fwp%2Fv2%2Fmedia&parent=3656"}],"wp:term":[{"taxonomy":"category","embeddable":true,"href":"http:\/\/tvalaire.com\/index.php?rest_route=%2Fwp%2Fv2%2Fcategories&post=3656"},{"taxonomy":"post_tag","embeddable":true,"href":"http:\/\/tvalaire.com\/index.php?rest_route=%2Fwp%2Fv2%2Ftags&post=3656"}],"curies":[{"name":"wp","href":"https:\/\/api.w.org\/{rel}","templated":true}]}}