{"id":3644,"date":"2018-04-17T09:19:40","date_gmt":"2018-04-17T14:19:40","guid":{"rendered":"http:\/\/tvalaire.com\/?p=3644"},"modified":"2018-04-17T09:19:40","modified_gmt":"2018-04-17T14:19:40","slug":"protocolo-estatal-reconoce-12-tipos-de-violencia-contra-la-mujer","status":"publish","type":"post","link":"http:\/\/tvalaire.com\/?p=3644","title":{"rendered":"PROTOCOLO ESTATAL RECONOCE 12 TIPOS DE VIOLENCIA CONTRA LA MUJER"},"content":{"rendered":"<p>El Protocolo Estatal de Actuaci\u00f3n y Seguimiento de las medidas de protecci\u00f3n para mujeres en situaci\u00f3n de violencia, reconoce 12 formas que violentan al g\u00e9nero femenino, las cuales est\u00e1n reconocidas ya en el Peri\u00f3dico Oficial del Estado publicado el mi\u00e9rcoles 7 de marzo del 2018.<\/p>\n<p>Por lo anterior, en el contexto de las actividades realizadas en este municipio y la Procuradur\u00eda General de Justicia del Estado, para la implementaci\u00f3n del Proyecto para la Aplicaci\u00f3n efectiva de Medidas de Protecci\u00f3n otorgadas en Beneficio de las Mujeres V\u00edctimas de Violencia en esta entidad, se public\u00f3 el Protocolo Estatal de Actuaci\u00f3n y Seguimiento de las Medidas de Protecci\u00f3n para Mujeres en Situaci\u00f3n de Violencia.<\/p>\n<p>Esto, con base al cumplimiento del convenio de colaboraci\u00f3n para la implementaci\u00f3n del Protocolo Estatal de Actuaci\u00f3n suscrito entre el Municipio y la Procuradur\u00eda con fecha del 15 de diciembre del 2017.<\/p>\n<p>De esta manera, se establece que las dependencias y entidades estatales y municipales involucradas en el otorgamiento de las medidas de protecci\u00f3n deber\u00e1n involucrar la perspectiva de g\u00e9nero, tomando en cuenta los siguientes tipos de violencia que pueden cometerse en agravio de la mujer:<\/p>\n<ol>\n<li>Violencia psicol\u00f3gica<\/li>\n<li>Violencia pol\u00edtica<\/li>\n<\/ol>\n<p>III.\u00a0\u00a0\u00a0\u00a0\u00a0\u00a0\u00a0\u00a0\u00a0\u00a0\u00a0Violencia f\u00edsica<\/p>\n<ol>\n<li>Violencia patrimonial<\/li>\n<li>Violencia econ\u00f3mica<\/li>\n<li>Violencia sexual<\/li>\n<\/ol>\n<p>VII.\u00a0\u00a0\u00a0\u00a0\u00a0\u00a0\u00a0\u00a0\u00a0Violencia familiar<\/p>\n<p>VIII.\u00a0\u00a0\u00a0\u00a0\u00a0\u00a0\u00a0Violencia laboral<\/p>\n<ol>\n<li>Violencia docente<\/li>\n<li>Violencia en la comunidad<\/li>\n<li>Violencia institucional<\/li>\n<\/ol>\n<p>XII.\u00a0\u00a0\u00a0\u00a0\u00a0\u00a0\u00a0\u00a0\u00a0Violencia feminicida.<\/p>\n<p>&nbsp;<\/p>\n","protected":false},"excerpt":{"rendered":"<p>El Protocolo Estatal de Actuaci\u00f3n y Seguimiento de las medidas de protecci\u00f3n para mujeres en&#8230;<\/p>\n","protected":false},"author":1,"featured_media":3645,"comment_status":"open","ping_status":"open","sticky":false,"template":"","format":"standard","meta":{"jetpack_post_was_ever_published":false,"_jetpack_newsletter_access":"","_jetpack_dont_email_post_to_subs":false,"_jetpack_newsletter_tier_id":0,"_jetpack_memberships_contains_paywalled_content":false,"_jetpack_memberships_contains_paid_content":false,"footnotes":"","jetpack_publicize_message":"","jetpack_publicize_feature_enabled":true,"jetpack_social_post_already_shared":false,"jetpack_social_options":{"image_generator_settings":{"template":"highway","enabled":false},"version":2}},"categories":[1],"tags":[15,36],"class_list":["post-3644","post","type-post","status-publish","format-standard","has-post-thumbnail","hentry","category-la-piedad","tag-la-piedad","tag-principales"],"jetpack_publicize_connections":[],"jetpack_sharing_enabled":true,"featured_image_urls":{"full":["http:\/\/tvalaire.com\/wp-content\/uploads\/2018\/04\/1604-VIOLENCIA-dione-1.jpg",1920,1080,false],"thumbnail":["http:\/\/tvalaire.com\/wp-content\/uploads\/2018\/04\/1604-VIOLENCIA-dione-1-150x150.jpg",150,150,true],"medium":["http:\/\/tvalaire.com\/wp-content\/uploads\/2018\/04\/1604-VIOLENCIA-dione-1-300x169.jpg",300,169,true],"medium_large":["http:\/\/tvalaire.com\/wp-content\/uploads\/2018\/04\/1604-VIOLENCIA-dione-1-768x432.jpg",640,360,true],"large":["http:\/\/tvalaire.com\/wp-content\/uploads\/2018\/04\/1604-VIOLENCIA-dione-1-1024x576.jpg",640,360,true],"post-slider-thumb-size":["http:\/\/tvalaire.com\/wp-content\/uploads\/2018\/04\/1604-VIOLENCIA-dione-1.jpg",330,186,false],"post-category-slider-size":["http:\/\/tvalaire.com\/wp-content\/uploads\/2018\/04\/1604-VIOLENCIA-dione-1.jpg",330,186,false],"1536x1536":["http:\/\/tvalaire.com\/wp-content\/uploads\/2018\/04\/1604-VIOLENCIA-dione-1.jpg",1536,864,false],"2048x2048":["http:\/\/tvalaire.com\/wp-content\/uploads\/2018\/04\/1604-VIOLENCIA-dione-1.jpg",1920,1080,false],"newsium-slider-full":["http:\/\/tvalaire.com\/wp-content\/uploads\/2018\/04\/1604-VIOLENCIA-dione-1.jpg",1280,720,false],"newsium-featured":["http:\/\/tvalaire.com\/wp-content\/uploads\/2018\/04\/1604-VIOLENCIA-dione-1.jpg",1024,576,false],"newsium-medium":["http:\/\/tvalaire.com\/wp-content\/uploads\/2018\/04\/1604-VIOLENCIA-dione-1.jpg",720,405,false]},"author_info":{"info":["tvalairenoti"]},"category_info":"<a href=\"http:\/\/tvalaire.com\/?cat=1\" rel=\"category\">La Piedad<\/a>","tag_info":"La Piedad","comment_count":"0","jetpack_featured_media_url":"http:\/\/tvalaire.com\/wp-content\/uploads\/2018\/04\/1604-VIOLENCIA-dione-1.jpg","_links":{"self":[{"href":"http:\/\/tvalaire.com\/index.php?rest_route=\/wp\/v2\/posts\/3644"}],"collection":[{"href":"http:\/\/tvalaire.com\/index.php?rest_route=\/wp\/v2\/posts"}],"about":[{"href":"http:\/\/tvalaire.com\/index.php?rest_route=\/wp\/v2\/types\/post"}],"author":[{"embeddable":true,"href":"http:\/\/tvalaire.com\/index.php?rest_route=\/wp\/v2\/users\/1"}],"replies":[{"embeddable":true,"href":"http:\/\/tvalaire.com\/index.php?rest_route=%2Fwp%2Fv2%2Fcomments&post=3644"}],"version-history":[{"count":1,"href":"http:\/\/tvalaire.com\/index.php?rest_route=\/wp\/v2\/posts\/3644\/revisions"}],"predecessor-version":[{"id":3646,"href":"http:\/\/tvalaire.com\/index.php?rest_route=\/wp\/v2\/posts\/3644\/revisions\/3646"}],"wp:featuredmedia":[{"embeddable":true,"href":"http:\/\/tvalaire.com\/index.php?rest_route=\/wp\/v2\/media\/3645"}],"wp:attachment":[{"href":"http:\/\/tvalaire.com\/index.php?rest_route=%2Fwp%2Fv2%2Fmedia&parent=3644"}],"wp:term":[{"taxonomy":"category","embeddable":true,"href":"http:\/\/tvalaire.com\/index.php?rest_route=%2Fwp%2Fv2%2Fcategories&post=3644"},{"taxonomy":"post_tag","embeddable":true,"href":"http:\/\/tvalaire.com\/index.php?rest_route=%2Fwp%2Fv2%2Ftags&post=3644"}],"curies":[{"name":"wp","href":"https:\/\/api.w.org\/{rel}","templated":true}]}}