{"id":3638,"date":"2018-04-17T09:16:06","date_gmt":"2018-04-17T14:16:06","guid":{"rendered":"http:\/\/tvalaire.com\/?p=3638"},"modified":"2018-04-17T09:16:06","modified_gmt":"2018-04-17T14:16:06","slug":"condenan-pvem-de-la-piedad-asesinado-de-la-candidata-a-diputada","status":"publish","type":"post","link":"http:\/\/tvalaire.com\/?p=3638","title":{"rendered":"CONDENAN PVEM DE LA PIEDAD ASESINADO DE LA CANDIDATA A DIPUTADA"},"content":{"rendered":"<p>Por medio de un comunicado de prensa, el Partido Verde Ecologista de M\u00e9xico de La Piedad, a trav\u00e9s de su presidenta B\u00e1rbara Rizo, conden\u00f3 el asesinato de Maribel Barajas Cort\u00e9s; el comunicado dice lo siguiente:<\/p>\n<p>\u201cLa coordinaci\u00f3n municipal del Verde Ecologista de La Piedad, externamos nuestro respaldo y apoyo a los familiares de Maribel Barajas.<\/p>\n<p>Nos Solidarizamos con nuestra dirigencia estatal, al exigir a las autoridades correspondientes a profundizar en las investigaciones para dar con el o los responsables de este terrible acontecimiento, as\u00ed como, al llamado al Gobierno del Estado para que fortalezca la protecci\u00f3n y seguridad a los j\u00f3venes, mejores y todo aquel que contienda en esta elecci\u00f3n.<\/p>\n<p>Es lamentable que en Michoac\u00e1n como en toda la Rep\u00fablica, diariamente mujeres y j\u00f3venes trabajadoras, preparadas, entusiastas y con muchas ganas de cambiar su entorno, terminan de esta , manera tan brutal.<\/p>\n<p>Estaremos en espera de la versi\u00f3n oficial que las autoridades tienen que brindar a la brevedad posible, para evitar caer en especulaciones que pudiesen resultar lastimosas para familiares y gente cercada de Maribel Barajas\u201d, concluy\u00f3 as\u00ed el comunicado.<\/p>\n<p>&nbsp;<\/p>\n","protected":false},"excerpt":{"rendered":"<p>Por medio de un comunicado de prensa, el Partido Verde Ecologista de M\u00e9xico de La&#8230;<\/p>\n","protected":false},"author":1,"featured_media":3639,"comment_status":"open","ping_status":"open","sticky":false,"template":"","format":"standard","meta":{"jetpack_post_was_ever_published":false,"_jetpack_newsletter_access":"","_jetpack_dont_email_post_to_subs":false,"_jetpack_newsletter_tier_id":0,"_jetpack_memberships_contains_paywalled_content":false,"_jetpack_memberships_contains_paid_content":false,"footnotes":"","jetpack_publicize_message":"","jetpack_publicize_feature_enabled":true,"jetpack_social_post_already_shared":false,"jetpack_social_options":{"image_generator_settings":{"template":"highway","enabled":false},"version":2}},"categories":[1],"tags":[15,36],"class_list":["post-3638","post","type-post","status-publish","format-standard","has-post-thumbnail","hentry","category-la-piedad","tag-la-piedad","tag-principales"],"jetpack_publicize_connections":[],"jetpack_sharing_enabled":true,"featured_image_urls":{"full":["http:\/\/tvalaire.com\/wp-content\/uploads\/2018\/04\/1604-PVEM-dione.jpg",800,800,false],"thumbnail":["http:\/\/tvalaire.com\/wp-content\/uploads\/2018\/04\/1604-PVEM-dione-150x150.jpg",150,150,true],"medium":["http:\/\/tvalaire.com\/wp-content\/uploads\/2018\/04\/1604-PVEM-dione-300x300.jpg",300,300,true],"medium_large":["http:\/\/tvalaire.com\/wp-content\/uploads\/2018\/04\/1604-PVEM-dione-768x768.jpg",640,640,true],"large":["http:\/\/tvalaire.com\/wp-content\/uploads\/2018\/04\/1604-PVEM-dione.jpg",640,640,false],"post-slider-thumb-size":["http:\/\/tvalaire.com\/wp-content\/uploads\/2018\/04\/1604-PVEM-dione.jpg",190,190,false],"post-category-slider-size":["http:\/\/tvalaire.com\/wp-content\/uploads\/2018\/04\/1604-PVEM-dione.jpg",330,330,false],"1536x1536":["http:\/\/tvalaire.com\/wp-content\/uploads\/2018\/04\/1604-PVEM-dione.jpg",800,800,false],"2048x2048":["http:\/\/tvalaire.com\/wp-content\/uploads\/2018\/04\/1604-PVEM-dione.jpg",800,800,false],"newsium-slider-full":["http:\/\/tvalaire.com\/wp-content\/uploads\/2018\/04\/1604-PVEM-dione.jpg",800,800,false],"newsium-featured":["http:\/\/tvalaire.com\/wp-content\/uploads\/2018\/04\/1604-PVEM-dione.jpg",800,800,false],"newsium-medium":["http:\/\/tvalaire.com\/wp-content\/uploads\/2018\/04\/1604-PVEM-dione.jpg",475,475,false]},"author_info":{"info":["tvalairenoti"]},"category_info":"<a href=\"http:\/\/tvalaire.com\/?cat=1\" rel=\"category\">La Piedad<\/a>","tag_info":"La Piedad","comment_count":"0","jetpack_featured_media_url":"http:\/\/tvalaire.com\/wp-content\/uploads\/2018\/04\/1604-PVEM-dione.jpg","_links":{"self":[{"href":"http:\/\/tvalaire.com\/index.php?rest_route=\/wp\/v2\/posts\/3638"}],"collection":[{"href":"http:\/\/tvalaire.com\/index.php?rest_route=\/wp\/v2\/posts"}],"about":[{"href":"http:\/\/tvalaire.com\/index.php?rest_route=\/wp\/v2\/types\/post"}],"author":[{"embeddable":true,"href":"http:\/\/tvalaire.com\/index.php?rest_route=\/wp\/v2\/users\/1"}],"replies":[{"embeddable":true,"href":"http:\/\/tvalaire.com\/index.php?rest_route=%2Fwp%2Fv2%2Fcomments&post=3638"}],"version-history":[{"count":1,"href":"http:\/\/tvalaire.com\/index.php?rest_route=\/wp\/v2\/posts\/3638\/revisions"}],"predecessor-version":[{"id":3640,"href":"http:\/\/tvalaire.com\/index.php?rest_route=\/wp\/v2\/posts\/3638\/revisions\/3640"}],"wp:featuredmedia":[{"embeddable":true,"href":"http:\/\/tvalaire.com\/index.php?rest_route=\/wp\/v2\/media\/3639"}],"wp:attachment":[{"href":"http:\/\/tvalaire.com\/index.php?rest_route=%2Fwp%2Fv2%2Fmedia&parent=3638"}],"wp:term":[{"taxonomy":"category","embeddable":true,"href":"http:\/\/tvalaire.com\/index.php?rest_route=%2Fwp%2Fv2%2Fcategories&post=3638"},{"taxonomy":"post_tag","embeddable":true,"href":"http:\/\/tvalaire.com\/index.php?rest_route=%2Fwp%2Fv2%2Ftags&post=3638"}],"curies":[{"name":"wp","href":"https:\/\/api.w.org\/{rel}","templated":true}]}}