{"id":3617,"date":"2018-04-05T10:11:46","date_gmt":"2018-04-05T15:11:46","guid":{"rendered":"http:\/\/tvalaire.com\/?p=3617"},"modified":"2018-04-05T10:11:46","modified_gmt":"2018-04-05T15:11:46","slug":"lista-la-semifinal-de-la-liga-femenil-de-la-copa-presidencia-2018","status":"publish","type":"post","link":"http:\/\/tvalaire.com\/?p=3617","title":{"rendered":"LISTA LA SEMIFINAL DE LA LIGA FEMENIL DE LA COPA PRESIDENCIA 2018"},"content":{"rendered":"<p class=\"x_MsoNormal\" align=\"center\"><b>Se enfrentar\u00e1n Tecnol\u00f3gico contra COBAEM y UNIVA con el CONALEP<\/b><\/p>\n<p class=\"x_MsoNormal\">\n<p class=\"x_MsoNormal\">El martes 17 de abril, se juagar\u00e1 la semifinal de la liga femenil de la Copa Presidencia 2018 en donde se enfrentar\u00e1n los equipos Tecnol\u00f3gico contra el COBAEM y UNIVA con el CONALEP.<\/p>\n<p class=\"x_MsoNormal\">La semifinal se jugar\u00e1 el martes 17 de abril en la cancha de f\u00fatbol de la Unidad Deportiva \u201cLic. Humberto Romero P\u00e9rez\u201d a las 09:00 y 11:00 horas.<\/p>\n<p class=\"x_MsoNormal\">Los dos equipos que resulten ganadores, pasar\u00e1n a la final del torneo Copa Presidencia que se llevar\u00e1 a cabo el jueves 19 de abril en la misma cancha deportiva, en donde ya se tiene a los ganadores de la rama varonil que son CONALEP y Universidad de las Culturas.<\/p>\n<p class=\"x_MsoNormal\">Los equipos ganadores se enfrentar\u00e1n el d\u00eda de la final de este torneo que ya es toda una tradici\u00f3n en La Piedad, en donde jugar\u00e1n las dos ramas tanto varonil como femenil.<\/p>\n<p class=\"x_MsoNormal\">La final comenzar\u00e1 a las 09:30 horas en la unidad deportiva \u201cLic. Humberto Romero P\u00e9rez\u201d entre los dos equipos ganadores de la rama femenil.<\/p>\n<p class=\"x_MsoNormal\">Posteriormente a las 11:00 horas se jugar\u00e1 el partido de la rama varonil en donde se enfrentar\u00e1n el CONALEP contra la Universidad de las Culturas.<\/p>\n<p class=\"x_MsoNormal\">Los premios que se tienen ya contemplados son, trofeos para el Primero y Segundo Lugar.<\/p>\n<p class=\"x_MsoNormal\">Por lo que el Gobierno Municipal, invita a la poblaci\u00f3n a asistir a estos eventos con los cuales se fomenta el deporte en la ciudad.<\/p>\n","protected":false},"excerpt":{"rendered":"<p>Se enfrentar\u00e1n Tecnol\u00f3gico contra COBAEM y UNIVA con el CONALEP El martes 17 de abril,&#8230;<\/p>\n","protected":false},"author":1,"featured_media":3618,"comment_status":"open","ping_status":"open","sticky":false,"template":"","format":"standard","meta":{"jetpack_post_was_ever_published":false,"_jetpack_newsletter_access":"","_jetpack_dont_email_post_to_subs":false,"_jetpack_newsletter_tier_id":0,"_jetpack_memberships_contains_paywalled_content":false,"_jetpack_memberships_contains_paid_content":false,"footnotes":"","jetpack_publicize_message":"","jetpack_publicize_feature_enabled":true,"jetpack_social_post_already_shared":false,"jetpack_social_options":{"image_generator_settings":{"template":"highway","enabled":false},"version":2}},"categories":[1],"tags":[15,36],"class_list":["post-3617","post","type-post","status-publish","format-standard","has-post-thumbnail","hentry","category-la-piedad","tag-la-piedad","tag-principales"],"jetpack_publicize_connections":[],"jetpack_sharing_enabled":true,"featured_image_urls":{"full":["http:\/\/tvalaire.com\/wp-content\/uploads\/2018\/04\/FEMENIL.jpg",1024,683,false],"thumbnail":["http:\/\/tvalaire.com\/wp-content\/uploads\/2018\/04\/FEMENIL-150x150.jpg",150,150,true],"medium":["http:\/\/tvalaire.com\/wp-content\/uploads\/2018\/04\/FEMENIL-300x200.jpg",300,200,true],"medium_large":["http:\/\/tvalaire.com\/wp-content\/uploads\/2018\/04\/FEMENIL-768x512.jpg",640,427,true],"large":["http:\/\/tvalaire.com\/wp-content\/uploads\/2018\/04\/FEMENIL-1024x683.jpg",640,427,true],"post-slider-thumb-size":["http:\/\/tvalaire.com\/wp-content\/uploads\/2018\/04\/FEMENIL.jpg",285,190,false],"post-category-slider-size":["http:\/\/tvalaire.com\/wp-content\/uploads\/2018\/04\/FEMENIL.jpg",330,220,false],"1536x1536":["http:\/\/tvalaire.com\/wp-content\/uploads\/2018\/04\/FEMENIL.jpg",1024,683,false],"2048x2048":["http:\/\/tvalaire.com\/wp-content\/uploads\/2018\/04\/FEMENIL.jpg",1024,683,false],"newsium-slider-full":["http:\/\/tvalaire.com\/wp-content\/uploads\/2018\/04\/FEMENIL.jpg",1024,683,false],"newsium-featured":["http:\/\/tvalaire.com\/wp-content\/uploads\/2018\/04\/FEMENIL.jpg",1024,683,false],"newsium-medium":["http:\/\/tvalaire.com\/wp-content\/uploads\/2018\/04\/FEMENIL.jpg",712,475,false]},"author_info":{"info":["tvalairenoti"]},"category_info":"<a href=\"http:\/\/tvalaire.com\/?cat=1\" rel=\"category\">La Piedad<\/a>","tag_info":"La Piedad","comment_count":"0","jetpack_featured_media_url":"http:\/\/tvalaire.com\/wp-content\/uploads\/2018\/04\/FEMENIL.jpg","_links":{"self":[{"href":"http:\/\/tvalaire.com\/index.php?rest_route=\/wp\/v2\/posts\/3617"}],"collection":[{"href":"http:\/\/tvalaire.com\/index.php?rest_route=\/wp\/v2\/posts"}],"about":[{"href":"http:\/\/tvalaire.com\/index.php?rest_route=\/wp\/v2\/types\/post"}],"author":[{"embeddable":true,"href":"http:\/\/tvalaire.com\/index.php?rest_route=\/wp\/v2\/users\/1"}],"replies":[{"embeddable":true,"href":"http:\/\/tvalaire.com\/index.php?rest_route=%2Fwp%2Fv2%2Fcomments&post=3617"}],"version-history":[{"count":1,"href":"http:\/\/tvalaire.com\/index.php?rest_route=\/wp\/v2\/posts\/3617\/revisions"}],"predecessor-version":[{"id":3619,"href":"http:\/\/tvalaire.com\/index.php?rest_route=\/wp\/v2\/posts\/3617\/revisions\/3619"}],"wp:featuredmedia":[{"embeddable":true,"href":"http:\/\/tvalaire.com\/index.php?rest_route=\/wp\/v2\/media\/3618"}],"wp:attachment":[{"href":"http:\/\/tvalaire.com\/index.php?rest_route=%2Fwp%2Fv2%2Fmedia&parent=3617"}],"wp:term":[{"taxonomy":"category","embeddable":true,"href":"http:\/\/tvalaire.com\/index.php?rest_route=%2Fwp%2Fv2%2Fcategories&post=3617"},{"taxonomy":"post_tag","embeddable":true,"href":"http:\/\/tvalaire.com\/index.php?rest_route=%2Fwp%2Fv2%2Ftags&post=3617"}],"curies":[{"name":"wp","href":"https:\/\/api.w.org\/{rel}","templated":true}]}}