{"id":3614,"date":"2018-04-05T10:07:21","date_gmt":"2018-04-05T15:07:21","guid":{"rendered":"http:\/\/tvalaire.com\/?p=3614"},"modified":"2018-04-05T10:07:21","modified_gmt":"2018-04-05T15:07:21","slug":"continua-campana-de-pulsera-plateada","status":"publish","type":"post","link":"http:\/\/tvalaire.com\/?p=3614","title":{"rendered":"CONTIN\u00daA CAMPA\u00d1A DE \u201cPULSERA PLATEADA\u201d"},"content":{"rendered":"<p>Este programa inici\u00f3 en octubre del a\u00f1o pasado con el objetivo de apoyar a las personas que tienen Demencia Senil o Alzh\u00e9imer.<\/p>\n<p>El Sistema para el Desarrollo Integral de la Familia (DIF) La Piedad en coordinaci\u00f3n con el DIF del estado siguen impulsando el programa de la \u201cPulsera Plateada\u201d que va enfocado para aquellas personas que tienen alguna enfermedad cr\u00f3nica como Demencia Senil o Alzh\u00e9imer la cual ayuda a rastrear a los adultos mayores en caso de que se lleguen a extraviar.<\/p>\n<p>La directora del sistema DIF en el municipio expres\u00f3 que este programa ha contribuido a que disminuya el \u00edndice de personas extraviadas a causa de las enfermedades antes mencionadas, ya que la pulsera va foliada y cuenta con los n\u00fameros de emergencia en caso de que se ocupen.<\/p>\n<p>\u201cAdem\u00e1s en el control que se tiene de cada beneficiado se tiene el registro de los familiares m\u00e1s cercanos o de alguna persona que se haga cargo del adulto\u201d se\u00f1al\u00f3 la directora.<\/p>\n<p>Los requisitos para que adquirir la pulsera son los siguientes: copias de la acta de nacimiento, CURP, credencial de elector, credencial del INAPAM, alg\u00fan n\u00famero telef\u00f3nico, comprobante de domicilio reciente, fotograf\u00eda digital no mayor a 3 MB, certificado m\u00e9dico y tres referencias de personas cercanas pueden ser familiares y\/o vecinos (nombre completo, direcci\u00f3n y tel\u00e9fono), a\u00f1adi\u00f3 la directora.<\/p>\n<p>Para mayores informes se pueden comunicarse al n\u00famero 5-22-01-22 o bien dirigirse a la instituci\u00f3n al \u00e1rea de atenci\u00f3n para los adultos mayores.<\/p>\n","protected":false},"excerpt":{"rendered":"<p>Este programa inici\u00f3 en octubre del a\u00f1o pasado con el objetivo de apoyar a las&#8230;<\/p>\n","protected":false},"author":1,"featured_media":3608,"comment_status":"open","ping_status":"open","sticky":false,"template":"","format":"standard","meta":{"jetpack_post_was_ever_published":false,"_jetpack_newsletter_access":"","_jetpack_dont_email_post_to_subs":false,"_jetpack_newsletter_tier_id":0,"_jetpack_memberships_contains_paywalled_content":false,"_jetpack_memberships_contains_paid_content":false,"footnotes":"","jetpack_publicize_message":"","jetpack_publicize_feature_enabled":true,"jetpack_social_post_already_shared":false,"jetpack_social_options":{"image_generator_settings":{"template":"highway","enabled":false},"version":2}},"categories":[1],"tags":[15,36],"class_list":["post-3614","post","type-post","status-publish","format-standard","has-post-thumbnail","hentry","category-la-piedad","tag-la-piedad","tag-principales"],"jetpack_publicize_connections":[],"jetpack_sharing_enabled":true,"featured_image_urls":{"full":["http:\/\/tvalaire.com\/wp-content\/uploads\/2018\/04\/0404-DIF-dione.jpg",1024,683,false],"thumbnail":["http:\/\/tvalaire.com\/wp-content\/uploads\/2018\/04\/0404-DIF-dione-150x150.jpg",150,150,true],"medium":["http:\/\/tvalaire.com\/wp-content\/uploads\/2018\/04\/0404-DIF-dione-300x200.jpg",300,200,true],"medium_large":["http:\/\/tvalaire.com\/wp-content\/uploads\/2018\/04\/0404-DIF-dione-768x512.jpg",640,427,true],"large":["http:\/\/tvalaire.com\/wp-content\/uploads\/2018\/04\/0404-DIF-dione-1024x683.jpg",640,427,true],"post-slider-thumb-size":["http:\/\/tvalaire.com\/wp-content\/uploads\/2018\/04\/0404-DIF-dione.jpg",285,190,false],"post-category-slider-size":["http:\/\/tvalaire.com\/wp-content\/uploads\/2018\/04\/0404-DIF-dione.jpg",330,220,false],"1536x1536":["http:\/\/tvalaire.com\/wp-content\/uploads\/2018\/04\/0404-DIF-dione.jpg",1024,683,false],"2048x2048":["http:\/\/tvalaire.com\/wp-content\/uploads\/2018\/04\/0404-DIF-dione.jpg",1024,683,false],"newsium-slider-full":["http:\/\/tvalaire.com\/wp-content\/uploads\/2018\/04\/0404-DIF-dione.jpg",1024,683,false],"newsium-featured":["http:\/\/tvalaire.com\/wp-content\/uploads\/2018\/04\/0404-DIF-dione.jpg",1024,683,false],"newsium-medium":["http:\/\/tvalaire.com\/wp-content\/uploads\/2018\/04\/0404-DIF-dione.jpg",712,475,false]},"author_info":{"info":["tvalairenoti"]},"category_info":"<a href=\"http:\/\/tvalaire.com\/?cat=1\" rel=\"category\">La Piedad<\/a>","tag_info":"La Piedad","comment_count":"0","jetpack_featured_media_url":"http:\/\/tvalaire.com\/wp-content\/uploads\/2018\/04\/0404-DIF-dione.jpg","_links":{"self":[{"href":"http:\/\/tvalaire.com\/index.php?rest_route=\/wp\/v2\/posts\/3614"}],"collection":[{"href":"http:\/\/tvalaire.com\/index.php?rest_route=\/wp\/v2\/posts"}],"about":[{"href":"http:\/\/tvalaire.com\/index.php?rest_route=\/wp\/v2\/types\/post"}],"author":[{"embeddable":true,"href":"http:\/\/tvalaire.com\/index.php?rest_route=\/wp\/v2\/users\/1"}],"replies":[{"embeddable":true,"href":"http:\/\/tvalaire.com\/index.php?rest_route=%2Fwp%2Fv2%2Fcomments&post=3614"}],"version-history":[{"count":1,"href":"http:\/\/tvalaire.com\/index.php?rest_route=\/wp\/v2\/posts\/3614\/revisions"}],"predecessor-version":[{"id":3615,"href":"http:\/\/tvalaire.com\/index.php?rest_route=\/wp\/v2\/posts\/3614\/revisions\/3615"}],"wp:featuredmedia":[{"embeddable":true,"href":"http:\/\/tvalaire.com\/index.php?rest_route=\/wp\/v2\/media\/3608"}],"wp:attachment":[{"href":"http:\/\/tvalaire.com\/index.php?rest_route=%2Fwp%2Fv2%2Fmedia&parent=3614"}],"wp:term":[{"taxonomy":"category","embeddable":true,"href":"http:\/\/tvalaire.com\/index.php?rest_route=%2Fwp%2Fv2%2Fcategories&post=3614"},{"taxonomy":"post_tag","embeddable":true,"href":"http:\/\/tvalaire.com\/index.php?rest_route=%2Fwp%2Fv2%2Ftags&post=3614"}],"curies":[{"name":"wp","href":"https:\/\/api.w.org\/{rel}","templated":true}]}}