{"id":3605,"date":"2018-04-04T18:54:15","date_gmt":"2018-04-04T23:54:15","guid":{"rendered":"http:\/\/tvalaire.com\/?p=3605"},"modified":"2018-04-04T18:54:15","modified_gmt":"2018-04-04T23:54:15","slug":"en-la-coalicion-pan-prd-se-buscan-las-coincidencias-para-mejorar-formas-de-gobierno-en-la-piedad-ricardo-calderon-perez","status":"publish","type":"post","link":"http:\/\/tvalaire.com\/?p=3605","title":{"rendered":"EN LA COALICION PAN\/PRD SE BUSCAN LAS COINCIDENCIAS PARA MEJORAR FORMAS DE GOBIERNO EN LA PIEDAD: RICARDO CALDERON PEREZ"},"content":{"rendered":"<p>En entrevista con Ricardo Calder\u00f3n P\u00e9rez, presidente del Partido de Acci\u00f3n Nacional en La Piedad, expres\u00f3 que el Partido va recuperar la alcald\u00eda de La Piedad.<\/p>\n<p>Dijo que el actual gobierno no ha sabido gestionar recursos porque ya son 3 a\u00f1os de que no se hizo nada, y que solo son 58 millones los que se han invertido en el municipio y que la administraci\u00f3n panista en un solo a\u00f1o se tuvo una inversi\u00f3n de 140 mdp durante la administraci\u00f3n de Hugo Anaya.<\/p>\n<p>Calder\u00f3n P\u00e9rez indic\u00f3 que le toc\u00f3 enfrentarse a una militancia dividida cuando se hizo cargo del partido en el Municipio, pero que se ha ido solucionando en un lapso de 3 a\u00f1os y que prueba de ello es la planilla con la que va el partido que en pr\u00f3ximos d\u00edas se dar\u00e1 a conocer a los medios de comunicaci\u00f3n.<\/p>\n<p>Agreg\u00f3 que se est\u00e1 armando una campa\u00f1a para la presidencia municipal de proposici\u00f3n y comparativa de administraciones pasadas panistas con la administraci\u00f3n actual y asegura que les dar\u00e1 la fortaleza para recuperar el municipio y que por primera vez van en una candidatura junto con el PRD con quien est\u00e1n buscando las coincidencias para mejorar las formas de gobierno en los municipios.<\/p>\n<p>A pregunta expresa, el Presidente del Partido dijo desconocer si alguna vez se haya sancionado a miembros panistas que dentro de alguna administraci\u00f3n que hubiesen enriquecido su patrimonio o abuso del poder; concluy\u00f3 diciendo que solo tienen sanciones dentro de la militancia cuando alg\u00fan integrante del partido apoyan a otro candidato y referente al sistema ante corrupci\u00f3n solo han tenido al alcance las declaraciones 3 de 3 donde se ve cu\u00e1l es el patrimonio de cada uno de los funcionarios.<\/p>\n","protected":false},"excerpt":{"rendered":"<p>En entrevista con Ricardo Calder\u00f3n P\u00e9rez, presidente del Partido de Acci\u00f3n Nacional en La Piedad,&#8230;<\/p>\n","protected":false},"author":1,"featured_media":3606,"comment_status":"open","ping_status":"open","sticky":false,"template":"","format":"standard","meta":{"jetpack_post_was_ever_published":false,"_jetpack_newsletter_access":"","_jetpack_dont_email_post_to_subs":false,"_jetpack_newsletter_tier_id":0,"_jetpack_memberships_contains_paywalled_content":false,"_jetpack_memberships_contains_paid_content":false,"footnotes":"","jetpack_publicize_message":"","jetpack_publicize_feature_enabled":true,"jetpack_social_post_already_shared":false,"jetpack_social_options":{"image_generator_settings":{"template":"highway","enabled":false},"version":2}},"categories":[1],"tags":[15,36],"class_list":["post-3605","post","type-post","status-publish","format-standard","has-post-thumbnail","hentry","category-la-piedad","tag-la-piedad","tag-principales"],"jetpack_publicize_connections":[],"jetpack_sharing_enabled":true,"featured_image_urls":{"full":["http:\/\/tvalaire.com\/wp-content\/uploads\/2018\/04\/0404-PAN-dione.jpg",4160,2336,false],"thumbnail":["http:\/\/tvalaire.com\/wp-content\/uploads\/2018\/04\/0404-PAN-dione-150x150.jpg",150,150,true],"medium":["http:\/\/tvalaire.com\/wp-content\/uploads\/2018\/04\/0404-PAN-dione-300x168.jpg",300,168,true],"medium_large":["http:\/\/tvalaire.com\/wp-content\/uploads\/2018\/04\/0404-PAN-dione-768x431.jpg",640,359,true],"large":["http:\/\/tvalaire.com\/wp-content\/uploads\/2018\/04\/0404-PAN-dione-1024x575.jpg",640,359,true],"post-slider-thumb-size":["http:\/\/tvalaire.com\/wp-content\/uploads\/2018\/04\/0404-PAN-dione.jpg",330,185,false],"post-category-slider-size":["http:\/\/tvalaire.com\/wp-content\/uploads\/2018\/04\/0404-PAN-dione.jpg",330,185,false],"1536x1536":["http:\/\/tvalaire.com\/wp-content\/uploads\/2018\/04\/0404-PAN-dione.jpg",1536,863,false],"2048x2048":["http:\/\/tvalaire.com\/wp-content\/uploads\/2018\/04\/0404-PAN-dione.jpg",2048,1150,false],"newsium-slider-full":["http:\/\/tvalaire.com\/wp-content\/uploads\/2018\/04\/0404-PAN-dione.jpg",1280,719,false],"newsium-featured":["http:\/\/tvalaire.com\/wp-content\/uploads\/2018\/04\/0404-PAN-dione.jpg",1024,575,false],"newsium-medium":["http:\/\/tvalaire.com\/wp-content\/uploads\/2018\/04\/0404-PAN-dione.jpg",720,404,false]},"author_info":{"info":["tvalairenoti"]},"category_info":"<a href=\"http:\/\/tvalaire.com\/?cat=1\" rel=\"category\">La Piedad<\/a>","tag_info":"La Piedad","comment_count":"0","jetpack_featured_media_url":"http:\/\/tvalaire.com\/wp-content\/uploads\/2018\/04\/0404-PAN-dione.jpg","_links":{"self":[{"href":"http:\/\/tvalaire.com\/index.php?rest_route=\/wp\/v2\/posts\/3605"}],"collection":[{"href":"http:\/\/tvalaire.com\/index.php?rest_route=\/wp\/v2\/posts"}],"about":[{"href":"http:\/\/tvalaire.com\/index.php?rest_route=\/wp\/v2\/types\/post"}],"author":[{"embeddable":true,"href":"http:\/\/tvalaire.com\/index.php?rest_route=\/wp\/v2\/users\/1"}],"replies":[{"embeddable":true,"href":"http:\/\/tvalaire.com\/index.php?rest_route=%2Fwp%2Fv2%2Fcomments&post=3605"}],"version-history":[{"count":1,"href":"http:\/\/tvalaire.com\/index.php?rest_route=\/wp\/v2\/posts\/3605\/revisions"}],"predecessor-version":[{"id":3609,"href":"http:\/\/tvalaire.com\/index.php?rest_route=\/wp\/v2\/posts\/3605\/revisions\/3609"}],"wp:featuredmedia":[{"embeddable":true,"href":"http:\/\/tvalaire.com\/index.php?rest_route=\/wp\/v2\/media\/3606"}],"wp:attachment":[{"href":"http:\/\/tvalaire.com\/index.php?rest_route=%2Fwp%2Fv2%2Fmedia&parent=3605"}],"wp:term":[{"taxonomy":"category","embeddable":true,"href":"http:\/\/tvalaire.com\/index.php?rest_route=%2Fwp%2Fv2%2Fcategories&post=3605"},{"taxonomy":"post_tag","embeddable":true,"href":"http:\/\/tvalaire.com\/index.php?rest_route=%2Fwp%2Fv2%2Ftags&post=3605"}],"curies":[{"name":"wp","href":"https:\/\/api.w.org\/{rel}","templated":true}]}}