{"id":36,"date":"2017-01-25T20:42:37","date_gmt":"2017-01-25T20:42:37","guid":{"rendered":"http:\/\/tvalaire.com\/?p=36"},"modified":"2017-01-25T20:43:16","modified_gmt":"2017-01-25T20:43:16","slug":"realiza-gobierno-de-la-piedad-mejoras-en-el-mercado-municipal-gildardo-magana","status":"publish","type":"post","link":"http:\/\/tvalaire.com\/?p=36","title":{"rendered":"Realiza Gobierno de La Piedad Mejoras en el Mercado Municipal &#8220;Gildardo Maga\u00f1a&#8221;"},"content":{"rendered":"<p><img loading=\"lazy\" decoding=\"async\" class=\"alignnone size-medium wp-image-38\" src=\"http:\/\/tvalaire.com\/wp-content\/uploads\/2017\/01\/1-1-300x200.jpg\" alt=\"\" width=\"300\" height=\"200\" srcset=\"http:\/\/tvalaire.com\/wp-content\/uploads\/2017\/01\/1-1-300x200.jpg 300w, http:\/\/tvalaire.com\/wp-content\/uploads\/2017\/01\/1-1-768x512.jpg 768w, http:\/\/tvalaire.com\/wp-content\/uploads\/2017\/01\/1-1.jpg 1024w\" sizes=\"(max-width: 300px) 100vw, 300px\" \/><\/p>\n<ul>\n<li><span lang=\"ES-MX\">Rehabilitan rampas y se corrigen escaleras para beneficio de personas con alguna discapacidad f\u00edsica.<\/span><\/li>\n<\/ul>\n<p class=\"x_m_2323124883339103837gmail-Standard\"><span lang=\"ES-MX\">Con el fin de dar cumplimiento con una de las encomiendas del Alcalde Juan Manuel Estrada Medina, se llevan a cabo trabajos de correcci\u00f3n de las escaleras del mercado municipal \u201cGildardo Maga\u00f1a\u201d y se eliminan obst\u00e1culos que hab\u00eda en algunas rampas que estaban muy levantadas.<\/span><\/p>\n<p class=\"x_m_2323124883339103837gmail-Standard\"><a target=\"_blank\" name=\"x_m_2323124883339103837__GoBack\"><\/a><span lang=\"ES-MX\">Los trabajos se realizan por parte delGobierno Municipal en este centro de abastecimiento de productos b\u00e1sicos, con la finalidad de dar mayor fluidez debido a que existen algunas gradas que son muy cortas por tanto se procede a realizar la correcci\u00f3n para ensancharlas.<\/span><\/p>\n<p class=\"x_m_2323124883339103837gmail-Standard\"><span lang=\"ES-MX\">Asimismo, las rampas que se ubican por el \u00e1rea de carga y descarga, registraban obst\u00e1culos al ingresar las personas con alguna discapacidad, por lo que se procede a realizar la correcci\u00f3n debida.<\/span><\/p>\n<p class=\"x_m_2323124883339103837gmail-Standard\"><span lang=\"ES-MX\">Con lo anterior, el Gobierno Municipal pretende habilitar no solo los accesos para que estos tengan mayor fluidez de los consumidores, sino para que las personas que presentan alguna discapacidad puedan ingresar sin problema alguno al Mercado Municipal.<\/span><\/p>\n","protected":false},"excerpt":{"rendered":"<p>Rehabilitan rampas y se corrigen escaleras para beneficio de personas con alguna discapacidad f\u00edsica. Con&#8230;<\/p>\n","protected":false},"author":1,"featured_media":37,"comment_status":"open","ping_status":"open","sticky":false,"template":"","format":"standard","meta":{"jetpack_post_was_ever_published":false,"_jetpack_newsletter_access":"","_jetpack_dont_email_post_to_subs":false,"_jetpack_newsletter_tier_id":0,"_jetpack_memberships_contains_paywalled_content":false,"_jetpack_memberships_contains_paid_content":false,"footnotes":"","jetpack_publicize_message":"","jetpack_publicize_feature_enabled":true,"jetpack_social_post_already_shared":false,"jetpack_social_options":{"image_generator_settings":{"template":"highway","enabled":false},"version":2}},"categories":[1],"tags":[15],"class_list":["post-36","post","type-post","status-publish","format-standard","has-post-thumbnail","hentry","category-la-piedad","tag-la-piedad"],"jetpack_publicize_connections":[],"jetpack_sharing_enabled":true,"featured_image_urls":{"full":["http:\/\/tvalaire.com\/wp-content\/uploads\/2017\/01\/1-6.jpg",1024,683,false],"thumbnail":["http:\/\/tvalaire.com\/wp-content\/uploads\/2017\/01\/1-6-150x150.jpg",150,150,true],"medium":["http:\/\/tvalaire.com\/wp-content\/uploads\/2017\/01\/1-6-300x200.jpg",300,200,true],"medium_large":["http:\/\/tvalaire.com\/wp-content\/uploads\/2017\/01\/1-6-768x512.jpg",640,427,true],"large":["http:\/\/tvalaire.com\/wp-content\/uploads\/2017\/01\/1-6-1024x683.jpg",640,427,true],"post-slider-thumb-size":["http:\/\/tvalaire.com\/wp-content\/uploads\/2017\/01\/1-6.jpg",285,190,false],"post-category-slider-size":["http:\/\/tvalaire.com\/wp-content\/uploads\/2017\/01\/1-6.jpg",330,220,false],"1536x1536":["http:\/\/tvalaire.com\/wp-content\/uploads\/2017\/01\/1-6.jpg",1024,683,false],"2048x2048":["http:\/\/tvalaire.com\/wp-content\/uploads\/2017\/01\/1-6.jpg",1024,683,false],"newsium-slider-full":["http:\/\/tvalaire.com\/wp-content\/uploads\/2017\/01\/1-6.jpg",1024,683,false],"newsium-featured":["http:\/\/tvalaire.com\/wp-content\/uploads\/2017\/01\/1-6.jpg",1024,683,false],"newsium-medium":["http:\/\/tvalaire.com\/wp-content\/uploads\/2017\/01\/1-6.jpg",712,475,false]},"author_info":{"info":["tvalairenoti"]},"category_info":"<a href=\"http:\/\/tvalaire.com\/?cat=1\" rel=\"category\">La Piedad<\/a>","tag_info":"La Piedad","comment_count":"0","jetpack_featured_media_url":"http:\/\/tvalaire.com\/wp-content\/uploads\/2017\/01\/1-6.jpg","_links":{"self":[{"href":"http:\/\/tvalaire.com\/index.php?rest_route=\/wp\/v2\/posts\/36"}],"collection":[{"href":"http:\/\/tvalaire.com\/index.php?rest_route=\/wp\/v2\/posts"}],"about":[{"href":"http:\/\/tvalaire.com\/index.php?rest_route=\/wp\/v2\/types\/post"}],"author":[{"embeddable":true,"href":"http:\/\/tvalaire.com\/index.php?rest_route=\/wp\/v2\/users\/1"}],"replies":[{"embeddable":true,"href":"http:\/\/tvalaire.com\/index.php?rest_route=%2Fwp%2Fv2%2Fcomments&post=36"}],"version-history":[{"count":1,"href":"http:\/\/tvalaire.com\/index.php?rest_route=\/wp\/v2\/posts\/36\/revisions"}],"predecessor-version":[{"id":39,"href":"http:\/\/tvalaire.com\/index.php?rest_route=\/wp\/v2\/posts\/36\/revisions\/39"}],"wp:featuredmedia":[{"embeddable":true,"href":"http:\/\/tvalaire.com\/index.php?rest_route=\/wp\/v2\/media\/37"}],"wp:attachment":[{"href":"http:\/\/tvalaire.com\/index.php?rest_route=%2Fwp%2Fv2%2Fmedia&parent=36"}],"wp:term":[{"taxonomy":"category","embeddable":true,"href":"http:\/\/tvalaire.com\/index.php?rest_route=%2Fwp%2Fv2%2Fcategories&post=36"},{"taxonomy":"post_tag","embeddable":true,"href":"http:\/\/tvalaire.com\/index.php?rest_route=%2Fwp%2Fv2%2Ftags&post=36"}],"curies":[{"name":"wp","href":"https:\/\/api.w.org\/{rel}","templated":true}]}}