{"id":357,"date":"2017-02-08T09:11:48","date_gmt":"2017-02-08T15:11:48","guid":{"rendered":"http:\/\/tvalaire.com\/?p=357"},"modified":"2017-02-08T09:11:48","modified_gmt":"2017-02-08T15:11:48","slug":"entrega-gobierno-de-la-piedad-equipo-a-elementos-de-transito","status":"publish","type":"post","link":"http:\/\/tvalaire.com\/?p=357","title":{"rendered":"ENTREGA GOBIERNO DE LA PIEDAD EQUIPO A ELEMENTOS DE TR\u00c1NSITO"},"content":{"rendered":"<p class=\"xmsonormal\" style=\"background: white; text-align: left;\" align=\"center\"><span style=\"font-family: 'Arial','sans-serif'; color: #212121;\">A fin de que los elementos de la Polic\u00eda Vial del Municipio de La Piedad cuenten con herramientas necesarias para desempe\u00f1ar mejor sus labores cotidianas, el Oficial Mayor hizo entrega de equipo.<\/span><\/p>\n<p class=\"xmsonormal\" style=\"text-align: justify; background: white;\"><span style=\"font-family: 'Arial','sans-serif'; color: #212121;\">El subdirector de Tr\u00e1nsito, Roberto Montoya Meza, recibi\u00f3 de manos del Oficial el equipo que consta de fornituras, moscovas, bolsos, esposas, l\u00e1mparas tipo led, juego de herramientas, chalecos reflejantes, gas lacrim\u00f3geno, bast\u00f3n retr\u00e1ctil y otros art\u00edculos para cada uno de elementos de tr\u00e1nsito adscritos\u00a0 a la corporaci\u00f3n.<\/span><\/p>\n<p class=\"xmsonormal\" style=\"text-align: justify; background: white;\"><span style=\"font-family: 'Arial','sans-serif'; color: #212121;\">El Oficial a nombre del Presidente Municipal, indic\u00f3 que se trata de la dignificaci\u00f3n de las labores que realizan los elementos, as\u00ed como de que la imagen de los mismos sea mejor, aunado a que se incremente la seguridad vial en favor de la poblaci\u00f3n en general.<\/span><\/p>\n<p class=\"xmsonormal\" style=\"text-align: justify; background: white;\"><span style=\"font-family: 'Arial','sans-serif'; color: #212121;\">Al mismo tiempo el funcionario destac\u00f3 la importancia que los elementos han mostrado a fin de brindar un mejor servicio y atenci\u00f3n a la ciudadan\u00eda, encomienda para cada uno de los elementos viales.<\/span><\/p>\n<p class=\"xmsonormal\" style=\"text-align: justify; background: white;\"><span style=\"font-family: 'Arial','sans-serif'; color: #212121;\">En este sentido Montoya Meza, subray\u00f3 que est\u00e1n en la mejor disposici\u00f3n de trabajar y sumar esfuerzos en equipo en favor de la poblaci\u00f3n, destacando al mismo tiempo que se ha puesto especial atenci\u00f3n a mejorar la calidad de atenci\u00f3n, balizamiento constante de avenidas y se\u00f1alamientos, as\u00ed como campa\u00f1as para mejorar la vialidad. \u00a0<\/span><\/p>\n<p class=\"xmsonormal\" style=\"text-align: justify; background: white;\"><span style=\"font-family: 'Arial','sans-serif'; color: #212121;\">Ah\u00ed mismo, el Oficial Mayor hizo entrega de Vieletas o reflectores de pl\u00e1stico a fin de mejorar la visibilidad y delimitar los carriles, los cuales se instalaran en el libramiento Marti Mercado, as\u00ed como sobre el boulevard. Destac\u00f3 que posteriormente se instar\u00e1 el mismo material en principales avenidas de la ciudad, por lo que pidi\u00f3 a la ciudadan\u00eda cuidar de los mismos para que cumplan su funci\u00f3n en favor de los automotores. \u00a0<\/span><\/p>\n<p class=\"xmsonormal\" style=\"text-align: justify; background: white;\">\n<p class=\"xmsonormal\" style=\"text-align: justify; background: white;\"><img loading=\"lazy\" decoding=\"async\" class=\"alignnone size-medium wp-image-359\" src=\"http:\/\/tvalaire.com\/wp-content\/uploads\/2017\/02\/ENTREGA-GOBIERNO-DE-LA-PIEDAD-EQUIPO-A-ELEMENTOS-DE-TR\u00c1NSITO2-300x200.jpg\" alt=\"\" width=\"300\" height=\"200\" srcset=\"http:\/\/tvalaire.com\/wp-content\/uploads\/2017\/02\/ENTREGA-GOBIERNO-DE-LA-PIEDAD-EQUIPO-A-ELEMENTOS-DE-TR\u00c1NSITO2-300x200.jpg 300w, http:\/\/tvalaire.com\/wp-content\/uploads\/2017\/02\/ENTREGA-GOBIERNO-DE-LA-PIEDAD-EQUIPO-A-ELEMENTOS-DE-TR\u00c1NSITO2-768x512.jpg 768w, http:\/\/tvalaire.com\/wp-content\/uploads\/2017\/02\/ENTREGA-GOBIERNO-DE-LA-PIEDAD-EQUIPO-A-ELEMENTOS-DE-TR\u00c1NSITO2.jpg 1024w\" sizes=\"(max-width: 300px) 100vw, 300px\" \/><\/p>\n","protected":false},"excerpt":{"rendered":"<p>A fin de que los elementos de la Polic\u00eda Vial del Municipio de La Piedad&#8230;<\/p>\n","protected":false},"author":1,"featured_media":358,"comment_status":"open","ping_status":"open","sticky":false,"template":"","format":"standard","meta":{"jetpack_post_was_ever_published":false,"_jetpack_newsletter_access":"","_jetpack_dont_email_post_to_subs":false,"_jetpack_newsletter_tier_id":0,"_jetpack_memberships_contains_paywalled_content":false,"_jetpack_memberships_contains_paid_content":false,"footnotes":"","jetpack_publicize_message":"","jetpack_publicize_feature_enabled":true,"jetpack_social_post_already_shared":false,"jetpack_social_options":{"image_generator_settings":{"template":"highway","enabled":false},"version":2}},"categories":[1],"tags":[15,36],"class_list":["post-357","post","type-post","status-publish","format-standard","has-post-thumbnail","hentry","category-la-piedad","tag-la-piedad","tag-principales"],"jetpack_publicize_connections":[],"jetpack_sharing_enabled":true,"featured_image_urls":{"full":["http:\/\/tvalaire.com\/wp-content\/uploads\/2017\/02\/ENTREGA-GOBIERNO-DE-LA-PIEDAD-EQUIPO-A-ELEMENTOS-DE-TR\u00c1NSITO.jpg",1024,683,false],"thumbnail":["http:\/\/tvalaire.com\/wp-content\/uploads\/2017\/02\/ENTREGA-GOBIERNO-DE-LA-PIEDAD-EQUIPO-A-ELEMENTOS-DE-TR\u00c1NSITO-150x150.jpg",150,150,true],"medium":["http:\/\/tvalaire.com\/wp-content\/uploads\/2017\/02\/ENTREGA-GOBIERNO-DE-LA-PIEDAD-EQUIPO-A-ELEMENTOS-DE-TR\u00c1NSITO-300x200.jpg",300,200,true],"medium_large":["http:\/\/tvalaire.com\/wp-content\/uploads\/2017\/02\/ENTREGA-GOBIERNO-DE-LA-PIEDAD-EQUIPO-A-ELEMENTOS-DE-TR\u00c1NSITO-768x512.jpg",640,427,true],"large":["http:\/\/tvalaire.com\/wp-content\/uploads\/2017\/02\/ENTREGA-GOBIERNO-DE-LA-PIEDAD-EQUIPO-A-ELEMENTOS-DE-TR\u00c1NSITO-1024x683.jpg",640,427,true],"post-slider-thumb-size":["http:\/\/tvalaire.com\/wp-content\/uploads\/2017\/02\/ENTREGA-GOBIERNO-DE-LA-PIEDAD-EQUIPO-A-ELEMENTOS-DE-TR\u00c1NSITO.jpg",285,190,false],"post-category-slider-size":["http:\/\/tvalaire.com\/wp-content\/uploads\/2017\/02\/ENTREGA-GOBIERNO-DE-LA-PIEDAD-EQUIPO-A-ELEMENTOS-DE-TR\u00c1NSITO.jpg",330,220,false],"1536x1536":["http:\/\/tvalaire.com\/wp-content\/uploads\/2017\/02\/ENTREGA-GOBIERNO-DE-LA-PIEDAD-EQUIPO-A-ELEMENTOS-DE-TR\u00c1NSITO.jpg",1024,683,false],"2048x2048":["http:\/\/tvalaire.com\/wp-content\/uploads\/2017\/02\/ENTREGA-GOBIERNO-DE-LA-PIEDAD-EQUIPO-A-ELEMENTOS-DE-TR\u00c1NSITO.jpg",1024,683,false],"newsium-slider-full":["http:\/\/tvalaire.com\/wp-content\/uploads\/2017\/02\/ENTREGA-GOBIERNO-DE-LA-PIEDAD-EQUIPO-A-ELEMENTOS-DE-TR\u00c1NSITO.jpg",1024,683,false],"newsium-featured":["http:\/\/tvalaire.com\/wp-content\/uploads\/2017\/02\/ENTREGA-GOBIERNO-DE-LA-PIEDAD-EQUIPO-A-ELEMENTOS-DE-TR\u00c1NSITO.jpg",1024,683,false],"newsium-medium":["http:\/\/tvalaire.com\/wp-content\/uploads\/2017\/02\/ENTREGA-GOBIERNO-DE-LA-PIEDAD-EQUIPO-A-ELEMENTOS-DE-TR\u00c1NSITO.jpg",712,475,false]},"author_info":{"info":["tvalairenoti"]},"category_info":"<a href=\"http:\/\/tvalaire.com\/?cat=1\" rel=\"category\">La Piedad<\/a>","tag_info":"La Piedad","comment_count":"0","jetpack_featured_media_url":"http:\/\/tvalaire.com\/wp-content\/uploads\/2017\/02\/ENTREGA-GOBIERNO-DE-LA-PIEDAD-EQUIPO-A-ELEMENTOS-DE-TR\u00c1NSITO.jpg","_links":{"self":[{"href":"http:\/\/tvalaire.com\/index.php?rest_route=\/wp\/v2\/posts\/357"}],"collection":[{"href":"http:\/\/tvalaire.com\/index.php?rest_route=\/wp\/v2\/posts"}],"about":[{"href":"http:\/\/tvalaire.com\/index.php?rest_route=\/wp\/v2\/types\/post"}],"author":[{"embeddable":true,"href":"http:\/\/tvalaire.com\/index.php?rest_route=\/wp\/v2\/users\/1"}],"replies":[{"embeddable":true,"href":"http:\/\/tvalaire.com\/index.php?rest_route=%2Fwp%2Fv2%2Fcomments&post=357"}],"version-history":[{"count":1,"href":"http:\/\/tvalaire.com\/index.php?rest_route=\/wp\/v2\/posts\/357\/revisions"}],"predecessor-version":[{"id":360,"href":"http:\/\/tvalaire.com\/index.php?rest_route=\/wp\/v2\/posts\/357\/revisions\/360"}],"wp:featuredmedia":[{"embeddable":true,"href":"http:\/\/tvalaire.com\/index.php?rest_route=\/wp\/v2\/media\/358"}],"wp:attachment":[{"href":"http:\/\/tvalaire.com\/index.php?rest_route=%2Fwp%2Fv2%2Fmedia&parent=357"}],"wp:term":[{"taxonomy":"category","embeddable":true,"href":"http:\/\/tvalaire.com\/index.php?rest_route=%2Fwp%2Fv2%2Fcategories&post=357"},{"taxonomy":"post_tag","embeddable":true,"href":"http:\/\/tvalaire.com\/index.php?rest_route=%2Fwp%2Fv2%2Ftags&post=357"}],"curies":[{"name":"wp","href":"https:\/\/api.w.org\/{rel}","templated":true}]}}