{"id":3566,"date":"2018-03-22T08:56:38","date_gmt":"2018-03-22T14:56:38","guid":{"rendered":"http:\/\/tvalaire.com\/?p=3566"},"modified":"2018-03-22T08:56:38","modified_gmt":"2018-03-22T14:56:38","slug":"concluyen-trabajos-de-regeneracion-del-bulevar-juan-pablo-ii-y-se-abre-a-la-circulacion","status":"publish","type":"post","link":"http:\/\/tvalaire.com\/?p=3566","title":{"rendered":"CONCLUYEN TRABAJOS DE REGENERACI\u00d3N DEL BULEVAR JUAN PABLO II Y SE ABRE A LA CIRCULACI\u00d3N"},"content":{"rendered":"<p>El Presidente Municipal inaugur\u00f3 y dio el banderazo de salida a los primeros veh\u00edculos que circularon por el tramo reci\u00e9n reparado del bulevar Juan Pablo II y bulevar L\u00e1zaro C\u00e1rdenas.<\/p>\n<p>Los trabajos de regeneraci\u00f3n del carril de salida del bulevar Juan Pablo II incluyeron el retiro de asfalto y la base, as\u00ed como el mejoramiento de las terracer\u00edas e instalaci\u00f3n de la base hidr\u00e1ulica con concreto de 30 cent\u00edmetros de espesor y reparaci\u00f3n de las alcantarillas, construcci\u00f3n de banquetas y pintura para el balizamiento.<\/p>\n<p>La entrega de la obra y banderazo de salida de los primeros veh\u00edculos corri\u00f3 a cargo del Alcalde en un acto en donde se cont\u00f3 con la presencia del s\u00edndico municipal, Nicol\u00e1s Hermosillo Garc\u00eda; los regidores Alejandro Salda\u00f1a Aguilar, Crisanto Loeza Ru\u00edz, Estefan\u00eda Espinosa Gonz\u00e1lez y Ra\u00fal Hern\u00e1ndez N\u00fa\u00f1ez, as\u00ed como el director de obras p\u00fablicas, Rafael Ram\u00edrez Lemus y el se\u00f1or Juan Z\u00e1rate Mata integrante del comit\u00e9 de obra, as\u00ed como el se\u00f1or Gerardo V\u00e1zquez de la CROC.<\/p>\n<p>El Alcalde dijo que \u00e9sta obra acabar\u00e1 con los encharcamientos que a\u00f1o con a\u00f1o se generaba en este punto de la ciudad, en donde a su vez anunci\u00f3 el arranque de otra obra de beneficio social como lo es la pavimentaci\u00f3n con asfalto de dos riegos en la avenida Universidad en la colonia Obrera e inform\u00f3 que ser\u00e1 reparada la calle Calzada de los Indios en la Santa Fe, ya que desde que se construy\u00f3 hace m\u00e1s 25 a\u00f1os, no se le ha dado ni una sola rehabilitaci\u00f3n, la cual se har\u00e1 desde el comienzo de la avenida hasta la Jardines de La Piedad.<\/p>\n<p>Juan Z\u00e1rate Mata agradeci\u00f3 al Alcalde la visita a la colonia y la entrega de esta obra que era indispensable por los charcos que se generaban en temporada de lluvias, adem\u00e1s de invitarlo a que siga apoyando a \u00e9sta colonia y a la Obrera.<\/p>\n<p>&nbsp;<\/p>\n","protected":false},"excerpt":{"rendered":"<p>El Presidente Municipal inaugur\u00f3 y dio el banderazo de salida a los primeros veh\u00edculos que&#8230;<\/p>\n","protected":false},"author":1,"featured_media":3560,"comment_status":"open","ping_status":"open","sticky":false,"template":"","format":"standard","meta":{"jetpack_post_was_ever_published":false,"_jetpack_newsletter_access":"","_jetpack_dont_email_post_to_subs":false,"_jetpack_newsletter_tier_id":0,"_jetpack_memberships_contains_paywalled_content":false,"_jetpack_memberships_contains_paid_content":false,"footnotes":"","jetpack_publicize_message":"","jetpack_publicize_feature_enabled":true,"jetpack_social_post_already_shared":false,"jetpack_social_options":{"image_generator_settings":{"template":"highway","enabled":false},"version":2}},"categories":[1],"tags":[15,36],"class_list":["post-3566","post","type-post","status-publish","format-standard","has-post-thumbnail","hentry","category-la-piedad","tag-la-piedad","tag-principales"],"jetpack_publicize_connections":[],"jetpack_sharing_enabled":true,"featured_image_urls":{"full":["http:\/\/tvalaire.com\/wp-content\/uploads\/2018\/03\/CONCLUYEN-TRABAJOS-DE-REGENERACI\u00d3N-DEL-BULEVAR-JUAN-PABLO-II-Y-SE-ABRE-A-LA-CIRCULACI\u00d3N-1.jpg",1024,683,false],"thumbnail":["http:\/\/tvalaire.com\/wp-content\/uploads\/2018\/03\/CONCLUYEN-TRABAJOS-DE-REGENERACI\u00d3N-DEL-BULEVAR-JUAN-PABLO-II-Y-SE-ABRE-A-LA-CIRCULACI\u00d3N-1-150x150.jpg",150,150,true],"medium":["http:\/\/tvalaire.com\/wp-content\/uploads\/2018\/03\/CONCLUYEN-TRABAJOS-DE-REGENERACI\u00d3N-DEL-BULEVAR-JUAN-PABLO-II-Y-SE-ABRE-A-LA-CIRCULACI\u00d3N-1-300x200.jpg",300,200,true],"medium_large":["http:\/\/tvalaire.com\/wp-content\/uploads\/2018\/03\/CONCLUYEN-TRABAJOS-DE-REGENERACI\u00d3N-DEL-BULEVAR-JUAN-PABLO-II-Y-SE-ABRE-A-LA-CIRCULACI\u00d3N-1-768x512.jpg",640,427,true],"large":["http:\/\/tvalaire.com\/wp-content\/uploads\/2018\/03\/CONCLUYEN-TRABAJOS-DE-REGENERACI\u00d3N-DEL-BULEVAR-JUAN-PABLO-II-Y-SE-ABRE-A-LA-CIRCULACI\u00d3N-1-1024x683.jpg",640,427,true],"post-slider-thumb-size":["http:\/\/tvalaire.com\/wp-content\/uploads\/2018\/03\/CONCLUYEN-TRABAJOS-DE-REGENERACI\u00d3N-DEL-BULEVAR-JUAN-PABLO-II-Y-SE-ABRE-A-LA-CIRCULACI\u00d3N-1.jpg",285,190,false],"post-category-slider-size":["http:\/\/tvalaire.com\/wp-content\/uploads\/2018\/03\/CONCLUYEN-TRABAJOS-DE-REGENERACI\u00d3N-DEL-BULEVAR-JUAN-PABLO-II-Y-SE-ABRE-A-LA-CIRCULACI\u00d3N-1.jpg",330,220,false],"1536x1536":["http:\/\/tvalaire.com\/wp-content\/uploads\/2018\/03\/CONCLUYEN-TRABAJOS-DE-REGENERACI\u00d3N-DEL-BULEVAR-JUAN-PABLO-II-Y-SE-ABRE-A-LA-CIRCULACI\u00d3N-1.jpg",1024,683,false],"2048x2048":["http:\/\/tvalaire.com\/wp-content\/uploads\/2018\/03\/CONCLUYEN-TRABAJOS-DE-REGENERACI\u00d3N-DEL-BULEVAR-JUAN-PABLO-II-Y-SE-ABRE-A-LA-CIRCULACI\u00d3N-1.jpg",1024,683,false],"newsium-slider-full":["http:\/\/tvalaire.com\/wp-content\/uploads\/2018\/03\/CONCLUYEN-TRABAJOS-DE-REGENERACI\u00d3N-DEL-BULEVAR-JUAN-PABLO-II-Y-SE-ABRE-A-LA-CIRCULACI\u00d3N-1.jpg",1024,683,false],"newsium-featured":["http:\/\/tvalaire.com\/wp-content\/uploads\/2018\/03\/CONCLUYEN-TRABAJOS-DE-REGENERACI\u00d3N-DEL-BULEVAR-JUAN-PABLO-II-Y-SE-ABRE-A-LA-CIRCULACI\u00d3N-1.jpg",1024,683,false],"newsium-medium":["http:\/\/tvalaire.com\/wp-content\/uploads\/2018\/03\/CONCLUYEN-TRABAJOS-DE-REGENERACI\u00d3N-DEL-BULEVAR-JUAN-PABLO-II-Y-SE-ABRE-A-LA-CIRCULACI\u00d3N-1.jpg",712,475,false]},"author_info":{"info":["tvalairenoti"]},"category_info":"<a href=\"http:\/\/tvalaire.com\/?cat=1\" rel=\"category\">La Piedad<\/a>","tag_info":"La Piedad","comment_count":"0","jetpack_featured_media_url":"http:\/\/tvalaire.com\/wp-content\/uploads\/2018\/03\/CONCLUYEN-TRABAJOS-DE-REGENERACI\u00d3N-DEL-BULEVAR-JUAN-PABLO-II-Y-SE-ABRE-A-LA-CIRCULACI\u00d3N-1.jpg","_links":{"self":[{"href":"http:\/\/tvalaire.com\/index.php?rest_route=\/wp\/v2\/posts\/3566"}],"collection":[{"href":"http:\/\/tvalaire.com\/index.php?rest_route=\/wp\/v2\/posts"}],"about":[{"href":"http:\/\/tvalaire.com\/index.php?rest_route=\/wp\/v2\/types\/post"}],"author":[{"embeddable":true,"href":"http:\/\/tvalaire.com\/index.php?rest_route=\/wp\/v2\/users\/1"}],"replies":[{"embeddable":true,"href":"http:\/\/tvalaire.com\/index.php?rest_route=%2Fwp%2Fv2%2Fcomments&post=3566"}],"version-history":[{"count":1,"href":"http:\/\/tvalaire.com\/index.php?rest_route=\/wp\/v2\/posts\/3566\/revisions"}],"predecessor-version":[{"id":3567,"href":"http:\/\/tvalaire.com\/index.php?rest_route=\/wp\/v2\/posts\/3566\/revisions\/3567"}],"wp:featuredmedia":[{"embeddable":true,"href":"http:\/\/tvalaire.com\/index.php?rest_route=\/wp\/v2\/media\/3560"}],"wp:attachment":[{"href":"http:\/\/tvalaire.com\/index.php?rest_route=%2Fwp%2Fv2%2Fmedia&parent=3566"}],"wp:term":[{"taxonomy":"category","embeddable":true,"href":"http:\/\/tvalaire.com\/index.php?rest_route=%2Fwp%2Fv2%2Fcategories&post=3566"},{"taxonomy":"post_tag","embeddable":true,"href":"http:\/\/tvalaire.com\/index.php?rest_route=%2Fwp%2Fv2%2Ftags&post=3566"}],"curies":[{"name":"wp","href":"https:\/\/api.w.org\/{rel}","templated":true}]}}