{"id":3564,"date":"2018-03-22T08:56:02","date_gmt":"2018-03-22T14:56:02","guid":{"rendered":"http:\/\/tvalaire.com\/?p=3564"},"modified":"2018-03-22T08:56:02","modified_gmt":"2018-03-22T14:56:02","slug":"exhorta-orador-a-emprender-acciones-para-retomar-el-proyecto-de-nacion","status":"publish","type":"post","link":"http:\/\/tvalaire.com\/?p=3564","title":{"rendered":"EXHORTA ORADOR A EMPRENDER ACCIONES PARA RETOMAR EL PROYECTO DE NACI\u00d3N"},"content":{"rendered":"<p>\u201cAcatemos nuestras leyes, ordenamientos guardando el debido respeto a las autoridades encargadas de dar voz a las demandas del pueblo, sin pisotear la libertad de terceros\u201d, as\u00ed lo expuso el regidor Ricardo Hern\u00e1ndez Luna, durante el acto c\u00edvico por el 212 aniversario del Natalicio de Benito Ju\u00e1rez Garc\u00eda realizado frente al monumento.<\/p>\n<p>Ricardo Hern\u00e1ndez Luna, inici\u00f3 su mensaje recordando la frase del Benem\u00e9rito de las Am\u00e9ricas: \u201cEntre los individuos, como entre las Naciones, el respeto al derecho ajeno es la paz\u201d, mencion\u00f3 que\u00a0si se llevara a la pr\u00e1ctica este principio de forma cotidiana, M\u00e9xico recuperar\u00eda lo que por naturaleza le corresponde.<\/p>\n<p>El Regidor pidi\u00f3 a los presentes dejar de imitar conductas nocivas de pueblos extranjeros para que vuelva a nosotros ese orgullo ferviente del sentimiento de pertenencia que nos brinda esta gran naci\u00f3n, honrando el legado del precursor de las leyes de reforma, poniendo en pr\u00e1ctica los valores que lo llevaron a posicionarse como tal respeto, tolerancia e Inclusi\u00f3n.<\/p>\n<p>\u201cA los tiranos que navegan con bandera de mes\u00edas y libertadores mediante una cadena desinformativa, desacreditado las medidas implementadas en favor de la ciudadan\u00eda, los invito a parar; a no contribuir a la ya de por s\u00ed lacerada relaci\u00f3n entre pueblo y estado, lo que genera adoptar una conducta violenta y la divisi\u00f3n de los sectores m\u00e1s vulnerables y desprotegidos, de aquellos que por no tener acceso a la informaci\u00f3n ver\u00eddica se prestan para mover masas y confrontar a los ciudadanos.<\/p>\n<p>\u201cEs importante tambi\u00e9n no dejar de lado a los oportunistas quienes han dejado en el olvido las ideolog\u00edas que impulsaron a sus antecesores, traicionando a los estatutos que los formaron y los convirtieron en lo que son ahora, con el \u00fanico m\u00f3vil de su ambici\u00f3n por el poder, alimentado con el af\u00e1n de hacer crecer sus arcas y su patrimonio aun a costa de la marginaci\u00f3n que produce el desfalco de los servicios y\u00a0\u00a0programas de \u00edndole social. Ya no saben hacia donde se dirigen por que no encontraron una identidad en el camino de la izquierda ni en el de la derecha\u201d.<\/p>\n<p>Indic\u00f3 que es momento de sumar no de dividir, de ser propositivos no descalificativos ni lucrativos. \u201cMorir\u00e1 el tigre detr\u00e1s del tel\u00f3n que ha sido montado a trav\u00e9s de un movimiento ficticio. Pues caer\u00e1 aquello que no est\u00e9 cimentado en justicia y legalidad. Por que quede claro que un idealista liberal jam\u00e1s podr\u00e1 ser comparado con una izquierda carente de fuerza y convicci\u00f3n\u201d, expuso.<\/p>\n<p>El acto estuvo organizado por la escuela secundaria \u201cLic. Benito Ju\u00e1rez Garc\u00eda\u201d y el ICATMI. El Presidente Municipal fue quien encabez\u00f3 el acto junto con integrantes del Cabildo y personal directivo de los planteles mencionados, quienes organizaron un programa de actividades en donde se incluyeron los honores al l\u00e1baro patrio. La rese\u00f1a hist\u00f3rica corri\u00f3 a cargo de Gustavo Ayala Barrientos, seguido por la poes\u00eda \u201cA Ju\u00e1rez\u201d que ofreci\u00f3 el alumno Jos\u00e9 Ignacio Vega Gonz\u00e1lez y la lectura de los monumentos m\u00e1s representativos del Lic. Benito Ju\u00e1rez.<\/p>\n<p>&nbsp;<\/p>\n","protected":false},"excerpt":{"rendered":"<p>\u201cAcatemos nuestras leyes, ordenamientos guardando el debido respeto a las autoridades encargadas de dar voz&#8230;<\/p>\n","protected":false},"author":1,"featured_media":3561,"comment_status":"open","ping_status":"open","sticky":false,"template":"","format":"standard","meta":{"jetpack_post_was_ever_published":false,"_jetpack_newsletter_access":"","_jetpack_dont_email_post_to_subs":false,"_jetpack_newsletter_tier_id":0,"_jetpack_memberships_contains_paywalled_content":false,"_jetpack_memberships_contains_paid_content":false,"footnotes":"","jetpack_publicize_message":"","jetpack_publicize_feature_enabled":true,"jetpack_social_post_already_shared":false,"jetpack_social_options":{"image_generator_settings":{"template":"highway","enabled":false},"version":2}},"categories":[1],"tags":[15,36],"class_list":["post-3564","post","type-post","status-publish","format-standard","has-post-thumbnail","hentry","category-la-piedad","tag-la-piedad","tag-principales"],"jetpack_publicize_connections":[],"jetpack_sharing_enabled":true,"featured_image_urls":{"full":["http:\/\/tvalaire.com\/wp-content\/uploads\/2018\/03\/EXHORTA-ORADOR-A-EMPRENDER-ACCIONES-PARA-RETOMAR-EL-PROYECTO-DE-NACI\u00d3N-1.jpg",1024,683,false],"thumbnail":["http:\/\/tvalaire.com\/wp-content\/uploads\/2018\/03\/EXHORTA-ORADOR-A-EMPRENDER-ACCIONES-PARA-RETOMAR-EL-PROYECTO-DE-NACI\u00d3N-1-150x150.jpg",150,150,true],"medium":["http:\/\/tvalaire.com\/wp-content\/uploads\/2018\/03\/EXHORTA-ORADOR-A-EMPRENDER-ACCIONES-PARA-RETOMAR-EL-PROYECTO-DE-NACI\u00d3N-1-300x200.jpg",300,200,true],"medium_large":["http:\/\/tvalaire.com\/wp-content\/uploads\/2018\/03\/EXHORTA-ORADOR-A-EMPRENDER-ACCIONES-PARA-RETOMAR-EL-PROYECTO-DE-NACI\u00d3N-1-768x512.jpg",640,427,true],"large":["http:\/\/tvalaire.com\/wp-content\/uploads\/2018\/03\/EXHORTA-ORADOR-A-EMPRENDER-ACCIONES-PARA-RETOMAR-EL-PROYECTO-DE-NACI\u00d3N-1-1024x683.jpg",640,427,true],"post-slider-thumb-size":["http:\/\/tvalaire.com\/wp-content\/uploads\/2018\/03\/EXHORTA-ORADOR-A-EMPRENDER-ACCIONES-PARA-RETOMAR-EL-PROYECTO-DE-NACI\u00d3N-1.jpg",285,190,false],"post-category-slider-size":["http:\/\/tvalaire.com\/wp-content\/uploads\/2018\/03\/EXHORTA-ORADOR-A-EMPRENDER-ACCIONES-PARA-RETOMAR-EL-PROYECTO-DE-NACI\u00d3N-1.jpg",330,220,false],"1536x1536":["http:\/\/tvalaire.com\/wp-content\/uploads\/2018\/03\/EXHORTA-ORADOR-A-EMPRENDER-ACCIONES-PARA-RETOMAR-EL-PROYECTO-DE-NACI\u00d3N-1.jpg",1024,683,false],"2048x2048":["http:\/\/tvalaire.com\/wp-content\/uploads\/2018\/03\/EXHORTA-ORADOR-A-EMPRENDER-ACCIONES-PARA-RETOMAR-EL-PROYECTO-DE-NACI\u00d3N-1.jpg",1024,683,false],"newsium-slider-full":["http:\/\/tvalaire.com\/wp-content\/uploads\/2018\/03\/EXHORTA-ORADOR-A-EMPRENDER-ACCIONES-PARA-RETOMAR-EL-PROYECTO-DE-NACI\u00d3N-1.jpg",1024,683,false],"newsium-featured":["http:\/\/tvalaire.com\/wp-content\/uploads\/2018\/03\/EXHORTA-ORADOR-A-EMPRENDER-ACCIONES-PARA-RETOMAR-EL-PROYECTO-DE-NACI\u00d3N-1.jpg",1024,683,false],"newsium-medium":["http:\/\/tvalaire.com\/wp-content\/uploads\/2018\/03\/EXHORTA-ORADOR-A-EMPRENDER-ACCIONES-PARA-RETOMAR-EL-PROYECTO-DE-NACI\u00d3N-1.jpg",712,475,false]},"author_info":{"info":["tvalairenoti"]},"category_info":"<a href=\"http:\/\/tvalaire.com\/?cat=1\" rel=\"category\">La Piedad<\/a>","tag_info":"La Piedad","comment_count":"0","jetpack_featured_media_url":"http:\/\/tvalaire.com\/wp-content\/uploads\/2018\/03\/EXHORTA-ORADOR-A-EMPRENDER-ACCIONES-PARA-RETOMAR-EL-PROYECTO-DE-NACI\u00d3N-1.jpg","_links":{"self":[{"href":"http:\/\/tvalaire.com\/index.php?rest_route=\/wp\/v2\/posts\/3564"}],"collection":[{"href":"http:\/\/tvalaire.com\/index.php?rest_route=\/wp\/v2\/posts"}],"about":[{"href":"http:\/\/tvalaire.com\/index.php?rest_route=\/wp\/v2\/types\/post"}],"author":[{"embeddable":true,"href":"http:\/\/tvalaire.com\/index.php?rest_route=\/wp\/v2\/users\/1"}],"replies":[{"embeddable":true,"href":"http:\/\/tvalaire.com\/index.php?rest_route=%2Fwp%2Fv2%2Fcomments&post=3564"}],"version-history":[{"count":1,"href":"http:\/\/tvalaire.com\/index.php?rest_route=\/wp\/v2\/posts\/3564\/revisions"}],"predecessor-version":[{"id":3565,"href":"http:\/\/tvalaire.com\/index.php?rest_route=\/wp\/v2\/posts\/3564\/revisions\/3565"}],"wp:featuredmedia":[{"embeddable":true,"href":"http:\/\/tvalaire.com\/index.php?rest_route=\/wp\/v2\/media\/3561"}],"wp:attachment":[{"href":"http:\/\/tvalaire.com\/index.php?rest_route=%2Fwp%2Fv2%2Fmedia&parent=3564"}],"wp:term":[{"taxonomy":"category","embeddable":true,"href":"http:\/\/tvalaire.com\/index.php?rest_route=%2Fwp%2Fv2%2Fcategories&post=3564"},{"taxonomy":"post_tag","embeddable":true,"href":"http:\/\/tvalaire.com\/index.php?rest_route=%2Fwp%2Fv2%2Ftags&post=3564"}],"curies":[{"name":"wp","href":"https:\/\/api.w.org\/{rel}","templated":true}]}}