{"id":3548,"date":"2018-03-21T09:32:39","date_gmt":"2018-03-21T15:32:39","guid":{"rendered":"http:\/\/tvalaire.com\/?p=3548"},"modified":"2018-03-21T09:32:39","modified_gmt":"2018-03-21T15:32:39","slug":"personal-del-centro-de-integracion-juvenil-cij-rindio-informe-de-actividades","status":"publish","type":"post","link":"http:\/\/tvalaire.com\/?p=3548","title":{"rendered":"PERSONAL DEL CENTRO DE INTEGRACI\u00d3N JUVENIL (CIJ) RINDI\u00d3 INFORME DE ACTIVIDADES"},"content":{"rendered":"<p>Integrantes del Centro de Integraci\u00f3n Juvenil (CIJ) La Piedad, rindieron un informe de actividades del d\u00e9cimo a\u00f1o que llevan de permanencia en el municipio en donde han incrementado las actividades en pro de una juventud m\u00e1s sana.<\/p>\n<p>El informe de actividades se llev\u00f3 a cabo en el hotel Holiday Inn en donde se cont\u00f3 con la presencia del Alcalde; el s\u00edndico, Nicol\u00e1s Hermosillo Garc\u00eda; el secretario del Ayuntamiento Daniel V\u00e1zquez Zavala; Maritza Jim\u00e9nez Landa directora de desarrollo operativo del CIJ a nivel nacional; Francisco Romo L\u00f3pez presente del consejo en La Piedad; Irma Gabriela Villase\u00f1or directora del Centro de Integraci\u00f3n Juvenil en la ciudad, entre otros integrantes del sector m\u00e9dico, eclesi\u00e1stico, empresarial y educativo.<\/p>\n<p>El Alcalde en su intervenci\u00f3n, reconoci\u00f3 la labor que realiza Francisco Romo y a Irma Gabriela Villase\u00f1or al frente de este equipo de trabajo bien organizado, que habla del buen desempe\u00f1o de cada una de las funciones.<\/p>\n<p>Irma Gabriel Villase\u00f1or indic\u00f3 que durante el 2017 se trabaj\u00f3 en las vertientes de; promoci\u00f3n, prevenci\u00f3n, tratamiento y realizaci\u00f3n de varios eventos en los cuales se logr\u00f3 tener un impacto positivo en las personas a quienes se hizo llegar la informaci\u00f3n, la cual se llev\u00f3 desde los ni\u00f1os de prescolar hasta las universidades, sin dejar de lado a los padres de familia con la implementaci\u00f3n de c\u00edrculos de lectura, talleres vivenciales, charlas y diversas din\u00e1micas.<\/p>\n<p>Expres\u00f3 que por la experiencia vivida el a\u00f1o pasado, la edad de inicio de los j\u00f3venes con alg\u00fan tipo de droga es desde los 11 a los 15 a\u00f1os en los cuales la que m\u00e1s predomina es el alcohol, por tratarse de una de las drogas socialmente permitidas, pero con un mayor impacto tambi\u00e9n con las metanfetaminas.<\/p>\n<p>Al respecto, Maritza Jim\u00e9nez Landa indic\u00f3 que a nivel nacional la alarma que se ha encendido es por la mezcla de sustancias como el alcohol y la mariguana que genera entre los j\u00f3venes estados de psicosis permanentes.<\/p>\n<p>Es por eso que invit\u00f3 a redoblar los esfuerzos para informar a la poblaci\u00f3n sobre este problema para prevenir y lograr tener una juventud libre de acciones.<\/p>\n<p>&nbsp;<\/p>\n","protected":false},"excerpt":{"rendered":"<p>Integrantes del Centro de Integraci\u00f3n Juvenil (CIJ) La Piedad, rindieron un informe de actividades del&#8230;<\/p>\n","protected":false},"author":1,"featured_media":3545,"comment_status":"open","ping_status":"open","sticky":false,"template":"","format":"standard","meta":{"jetpack_post_was_ever_published":false,"_jetpack_newsletter_access":"","_jetpack_dont_email_post_to_subs":false,"_jetpack_newsletter_tier_id":0,"_jetpack_memberships_contains_paywalled_content":false,"_jetpack_memberships_contains_paid_content":false,"footnotes":"","jetpack_publicize_message":"","jetpack_publicize_feature_enabled":true,"jetpack_social_post_already_shared":false,"jetpack_social_options":{"image_generator_settings":{"template":"highway","enabled":false},"version":2}},"categories":[1],"tags":[15,36],"class_list":["post-3548","post","type-post","status-publish","format-standard","has-post-thumbnail","hentry","category-la-piedad","tag-la-piedad","tag-principales"],"jetpack_publicize_connections":[],"jetpack_sharing_enabled":true,"featured_image_urls":{"full":["http:\/\/tvalaire.com\/wp-content\/uploads\/2018\/03\/PERSONAL-DEL-CENTRO-DE-INTEGRACI\u00d3N-JUVENIL-CIJ-RINDI\u00d3-HOY-INFORME-DE-ACTIVIDADES3.jpg",1024,684,false],"thumbnail":["http:\/\/tvalaire.com\/wp-content\/uploads\/2018\/03\/PERSONAL-DEL-CENTRO-DE-INTEGRACI\u00d3N-JUVENIL-CIJ-RINDI\u00d3-HOY-INFORME-DE-ACTIVIDADES3-150x150.jpg",150,150,true],"medium":["http:\/\/tvalaire.com\/wp-content\/uploads\/2018\/03\/PERSONAL-DEL-CENTRO-DE-INTEGRACI\u00d3N-JUVENIL-CIJ-RINDI\u00d3-HOY-INFORME-DE-ACTIVIDADES3-300x200.jpg",300,200,true],"medium_large":["http:\/\/tvalaire.com\/wp-content\/uploads\/2018\/03\/PERSONAL-DEL-CENTRO-DE-INTEGRACI\u00d3N-JUVENIL-CIJ-RINDI\u00d3-HOY-INFORME-DE-ACTIVIDADES3-768x513.jpg",640,428,true],"large":["http:\/\/tvalaire.com\/wp-content\/uploads\/2018\/03\/PERSONAL-DEL-CENTRO-DE-INTEGRACI\u00d3N-JUVENIL-CIJ-RINDI\u00d3-HOY-INFORME-DE-ACTIVIDADES3-1024x684.jpg",640,428,true],"post-slider-thumb-size":["http:\/\/tvalaire.com\/wp-content\/uploads\/2018\/03\/PERSONAL-DEL-CENTRO-DE-INTEGRACI\u00d3N-JUVENIL-CIJ-RINDI\u00d3-HOY-INFORME-DE-ACTIVIDADES3.jpg",284,190,false],"post-category-slider-size":["http:\/\/tvalaire.com\/wp-content\/uploads\/2018\/03\/PERSONAL-DEL-CENTRO-DE-INTEGRACI\u00d3N-JUVENIL-CIJ-RINDI\u00d3-HOY-INFORME-DE-ACTIVIDADES3.jpg",330,220,false],"1536x1536":["http:\/\/tvalaire.com\/wp-content\/uploads\/2018\/03\/PERSONAL-DEL-CENTRO-DE-INTEGRACI\u00d3N-JUVENIL-CIJ-RINDI\u00d3-HOY-INFORME-DE-ACTIVIDADES3.jpg",1024,684,false],"2048x2048":["http:\/\/tvalaire.com\/wp-content\/uploads\/2018\/03\/PERSONAL-DEL-CENTRO-DE-INTEGRACI\u00d3N-JUVENIL-CIJ-RINDI\u00d3-HOY-INFORME-DE-ACTIVIDADES3.jpg",1024,684,false],"newsium-slider-full":["http:\/\/tvalaire.com\/wp-content\/uploads\/2018\/03\/PERSONAL-DEL-CENTRO-DE-INTEGRACI\u00d3N-JUVENIL-CIJ-RINDI\u00d3-HOY-INFORME-DE-ACTIVIDADES3.jpg",1024,684,false],"newsium-featured":["http:\/\/tvalaire.com\/wp-content\/uploads\/2018\/03\/PERSONAL-DEL-CENTRO-DE-INTEGRACI\u00d3N-JUVENIL-CIJ-RINDI\u00d3-HOY-INFORME-DE-ACTIVIDADES3.jpg",1024,684,false],"newsium-medium":["http:\/\/tvalaire.com\/wp-content\/uploads\/2018\/03\/PERSONAL-DEL-CENTRO-DE-INTEGRACI\u00d3N-JUVENIL-CIJ-RINDI\u00d3-HOY-INFORME-DE-ACTIVIDADES3.jpg",711,475,false]},"author_info":{"info":["tvalairenoti"]},"category_info":"<a href=\"http:\/\/tvalaire.com\/?cat=1\" rel=\"category\">La Piedad<\/a>","tag_info":"La Piedad","comment_count":"0","jetpack_featured_media_url":"http:\/\/tvalaire.com\/wp-content\/uploads\/2018\/03\/PERSONAL-DEL-CENTRO-DE-INTEGRACI\u00d3N-JUVENIL-CIJ-RINDI\u00d3-HOY-INFORME-DE-ACTIVIDADES3.jpg","_links":{"self":[{"href":"http:\/\/tvalaire.com\/index.php?rest_route=\/wp\/v2\/posts\/3548"}],"collection":[{"href":"http:\/\/tvalaire.com\/index.php?rest_route=\/wp\/v2\/posts"}],"about":[{"href":"http:\/\/tvalaire.com\/index.php?rest_route=\/wp\/v2\/types\/post"}],"author":[{"embeddable":true,"href":"http:\/\/tvalaire.com\/index.php?rest_route=\/wp\/v2\/users\/1"}],"replies":[{"embeddable":true,"href":"http:\/\/tvalaire.com\/index.php?rest_route=%2Fwp%2Fv2%2Fcomments&post=3548"}],"version-history":[{"count":2,"href":"http:\/\/tvalaire.com\/index.php?rest_route=\/wp\/v2\/posts\/3548\/revisions"}],"predecessor-version":[{"id":3550,"href":"http:\/\/tvalaire.com\/index.php?rest_route=\/wp\/v2\/posts\/3548\/revisions\/3550"}],"wp:featuredmedia":[{"embeddable":true,"href":"http:\/\/tvalaire.com\/index.php?rest_route=\/wp\/v2\/media\/3545"}],"wp:attachment":[{"href":"http:\/\/tvalaire.com\/index.php?rest_route=%2Fwp%2Fv2%2Fmedia&parent=3548"}],"wp:term":[{"taxonomy":"category","embeddable":true,"href":"http:\/\/tvalaire.com\/index.php?rest_route=%2Fwp%2Fv2%2Fcategories&post=3548"},{"taxonomy":"post_tag","embeddable":true,"href":"http:\/\/tvalaire.com\/index.php?rest_route=%2Fwp%2Fv2%2Ftags&post=3548"}],"curies":[{"name":"wp","href":"https:\/\/api.w.org\/{rel}","templated":true}]}}