{"id":3544,"date":"2018-03-21T09:31:15","date_gmt":"2018-03-21T15:31:15","guid":{"rendered":"http:\/\/tvalaire.com\/?p=3544"},"modified":"2018-03-21T09:31:15","modified_gmt":"2018-03-21T15:31:15","slug":"abren-al-publico-biblioteca-en-el-nodo-de-educacion-a-distancia-de-la-umsnh","status":"publish","type":"post","link":"http:\/\/tvalaire.com\/?p=3544","title":{"rendered":"ABREN AL P\u00daBLICO BIBLIOTECA EN EL NODO DE EDUCACI\u00d3N A DISTANCIA DE LA UMSNH"},"content":{"rendered":"<p>Se realiz\u00f3 el corte del list\u00f3n inaugural de la biblioteca p\u00fablica del Nodo de Educaci\u00f3n a Distancia de la Universidad Michoacana de San Nicol\u00e1s de Hidalgo (UMSNH), en esta ciudad.<\/p>\n<p>El acto de apertura de este espacio que fue apoyado por Productos Met\u00e1licos La Piedad quien proporcion\u00f3 la estanter\u00eda, se llev\u00f3 a cabo esta ma\u00f1ana y se cont\u00f3 con la presencia adem\u00e1s del Alcalde, del s\u00edndico municipal Nicol\u00e1s Hermosillo Garc\u00eda; el director del nodo Joel Xocotzin Granados y el director de educaci\u00f3n, Marco Antonio Rodr\u00edguez Mac\u00edas, as\u00ed como alumnos de este plantel y de la preparatoria federal por cooperaci\u00f3n M\u00e1rtires de la Reforma.<\/p>\n<p>En su mensaje el Presidente Municipal indic\u00f3 que desde el inicio de su administraci\u00f3n se ha manejado en el af\u00e1n de que la educaci\u00f3n llegue a todos los rincones y una muestra de ello, fue que cuando se dio la oportunidad de abrir esta casa de estudios bien hubiera podido decir no por no buscar un espacio adecuado para brindar la educaci\u00f3n.<\/p>\n<p>Sin embargo, coment\u00f3 que decidi\u00f3 decir s\u00ed y buscar un lugar para que funcionara el Nodo, porque est\u00e1 convencido de que la educaci\u00f3n es una buena opci\u00f3n para los j\u00f3venes, quienes cuentan en \u00e9l, a un aliado.<\/p>\n<p>Joel Xocotzin Granados inform\u00f3 que hoy por la tarde se abrir\u00eda la convocatoria para los interesados en inscribirse para el pr\u00f3ximo ciclo escolar y anunci\u00f3 que al igual que el a\u00f1o pasado, se aceptar\u00e1n a todos los alumnos que egresen de todas las escuelas preparatorias para que ingresen a las carreras de Contadur\u00eda y Derecho.<\/p>\n<p>Aclar\u00f3 que por a\u00f1os, la Universidad Michoacana \u00fanicamente ha aceptado a los alumnos egresados de las preparatorias afines con la UMSNH, pero por segundo a\u00f1o consecutivo y \u00fanicamente para este Nodo se aceptar\u00e1n a todos los egresados, por lo que invit\u00f3 a los aspirantes a estar pendientes de la convocatoria.<\/p>\n<p>Nicol\u00e1s Hermosillo Garc\u00eda por su parte, destac\u00f3 el papel del Alcalde para la instalaci\u00f3n de este Nodo en La Piedad, el cual hab\u00eda sido un sue\u00f1o de muchos, pero requer\u00edan de la decisi\u00f3n y el trabajo de un Gobierno que ve en los j\u00f3venes el futuro de su gente como lo hizo el Presidente Municipal.<\/p>\n<p>&nbsp;<\/p>\n","protected":false},"excerpt":{"rendered":"<p>Se realiz\u00f3 el corte del list\u00f3n inaugural de la biblioteca p\u00fablica del Nodo de Educaci\u00f3n&#8230;<\/p>\n","protected":false},"author":1,"featured_media":3546,"comment_status":"open","ping_status":"open","sticky":false,"template":"","format":"standard","meta":{"jetpack_post_was_ever_published":false,"_jetpack_newsletter_access":"","_jetpack_dont_email_post_to_subs":false,"_jetpack_newsletter_tier_id":0,"_jetpack_memberships_contains_paywalled_content":false,"_jetpack_memberships_contains_paid_content":false,"footnotes":"","jetpack_publicize_message":"","jetpack_publicize_feature_enabled":true,"jetpack_social_post_already_shared":false,"jetpack_social_options":{"image_generator_settings":{"template":"highway","enabled":false},"version":2}},"categories":[1],"tags":[15,36],"class_list":["post-3544","post","type-post","status-publish","format-standard","has-post-thumbnail","hentry","category-la-piedad","tag-la-piedad","tag-principales"],"jetpack_publicize_connections":[],"jetpack_sharing_enabled":true,"featured_image_urls":{"full":["http:\/\/tvalaire.com\/wp-content\/uploads\/2018\/03\/ABREN-AL-P\u00daBLICO-BIBLIOTECA-EN-EL-NODO-DE-EDUCACI\u00d3N-A-DISTANCIA-DE-LA-UMSNH.jpg",1024,684,false],"thumbnail":["http:\/\/tvalaire.com\/wp-content\/uploads\/2018\/03\/ABREN-AL-P\u00daBLICO-BIBLIOTECA-EN-EL-NODO-DE-EDUCACI\u00d3N-A-DISTANCIA-DE-LA-UMSNH-150x150.jpg",150,150,true],"medium":["http:\/\/tvalaire.com\/wp-content\/uploads\/2018\/03\/ABREN-AL-P\u00daBLICO-BIBLIOTECA-EN-EL-NODO-DE-EDUCACI\u00d3N-A-DISTANCIA-DE-LA-UMSNH-300x200.jpg",300,200,true],"medium_large":["http:\/\/tvalaire.com\/wp-content\/uploads\/2018\/03\/ABREN-AL-P\u00daBLICO-BIBLIOTECA-EN-EL-NODO-DE-EDUCACI\u00d3N-A-DISTANCIA-DE-LA-UMSNH-768x513.jpg",640,428,true],"large":["http:\/\/tvalaire.com\/wp-content\/uploads\/2018\/03\/ABREN-AL-P\u00daBLICO-BIBLIOTECA-EN-EL-NODO-DE-EDUCACI\u00d3N-A-DISTANCIA-DE-LA-UMSNH-1024x684.jpg",640,428,true],"post-slider-thumb-size":["http:\/\/tvalaire.com\/wp-content\/uploads\/2018\/03\/ABREN-AL-P\u00daBLICO-BIBLIOTECA-EN-EL-NODO-DE-EDUCACI\u00d3N-A-DISTANCIA-DE-LA-UMSNH.jpg",284,190,false],"post-category-slider-size":["http:\/\/tvalaire.com\/wp-content\/uploads\/2018\/03\/ABREN-AL-P\u00daBLICO-BIBLIOTECA-EN-EL-NODO-DE-EDUCACI\u00d3N-A-DISTANCIA-DE-LA-UMSNH.jpg",330,220,false],"1536x1536":["http:\/\/tvalaire.com\/wp-content\/uploads\/2018\/03\/ABREN-AL-P\u00daBLICO-BIBLIOTECA-EN-EL-NODO-DE-EDUCACI\u00d3N-A-DISTANCIA-DE-LA-UMSNH.jpg",1024,684,false],"2048x2048":["http:\/\/tvalaire.com\/wp-content\/uploads\/2018\/03\/ABREN-AL-P\u00daBLICO-BIBLIOTECA-EN-EL-NODO-DE-EDUCACI\u00d3N-A-DISTANCIA-DE-LA-UMSNH.jpg",1024,684,false],"newsium-slider-full":["http:\/\/tvalaire.com\/wp-content\/uploads\/2018\/03\/ABREN-AL-P\u00daBLICO-BIBLIOTECA-EN-EL-NODO-DE-EDUCACI\u00d3N-A-DISTANCIA-DE-LA-UMSNH.jpg",1024,684,false],"newsium-featured":["http:\/\/tvalaire.com\/wp-content\/uploads\/2018\/03\/ABREN-AL-P\u00daBLICO-BIBLIOTECA-EN-EL-NODO-DE-EDUCACI\u00d3N-A-DISTANCIA-DE-LA-UMSNH.jpg",1024,684,false],"newsium-medium":["http:\/\/tvalaire.com\/wp-content\/uploads\/2018\/03\/ABREN-AL-P\u00daBLICO-BIBLIOTECA-EN-EL-NODO-DE-EDUCACI\u00d3N-A-DISTANCIA-DE-LA-UMSNH.jpg",711,475,false]},"author_info":{"info":["tvalairenoti"]},"category_info":"<a href=\"http:\/\/tvalaire.com\/?cat=1\" rel=\"category\">La Piedad<\/a>","tag_info":"La Piedad","comment_count":"0","jetpack_featured_media_url":"http:\/\/tvalaire.com\/wp-content\/uploads\/2018\/03\/ABREN-AL-P\u00daBLICO-BIBLIOTECA-EN-EL-NODO-DE-EDUCACI\u00d3N-A-DISTANCIA-DE-LA-UMSNH.jpg","_links":{"self":[{"href":"http:\/\/tvalaire.com\/index.php?rest_route=\/wp\/v2\/posts\/3544"}],"collection":[{"href":"http:\/\/tvalaire.com\/index.php?rest_route=\/wp\/v2\/posts"}],"about":[{"href":"http:\/\/tvalaire.com\/index.php?rest_route=\/wp\/v2\/types\/post"}],"author":[{"embeddable":true,"href":"http:\/\/tvalaire.com\/index.php?rest_route=\/wp\/v2\/users\/1"}],"replies":[{"embeddable":true,"href":"http:\/\/tvalaire.com\/index.php?rest_route=%2Fwp%2Fv2%2Fcomments&post=3544"}],"version-history":[{"count":1,"href":"http:\/\/tvalaire.com\/index.php?rest_route=\/wp\/v2\/posts\/3544\/revisions"}],"predecessor-version":[{"id":3547,"href":"http:\/\/tvalaire.com\/index.php?rest_route=\/wp\/v2\/posts\/3544\/revisions\/3547"}],"wp:featuredmedia":[{"embeddable":true,"href":"http:\/\/tvalaire.com\/index.php?rest_route=\/wp\/v2\/media\/3546"}],"wp:attachment":[{"href":"http:\/\/tvalaire.com\/index.php?rest_route=%2Fwp%2Fv2%2Fmedia&parent=3544"}],"wp:term":[{"taxonomy":"category","embeddable":true,"href":"http:\/\/tvalaire.com\/index.php?rest_route=%2Fwp%2Fv2%2Fcategories&post=3544"},{"taxonomy":"post_tag","embeddable":true,"href":"http:\/\/tvalaire.com\/index.php?rest_route=%2Fwp%2Fv2%2Ftags&post=3544"}],"curies":[{"name":"wp","href":"https:\/\/api.w.org\/{rel}","templated":true}]}}