{"id":3532,"date":"2018-03-16T08:13:19","date_gmt":"2018-03-16T14:13:19","guid":{"rendered":"http:\/\/tvalaire.com\/?p=3532"},"modified":"2018-03-16T08:13:19","modified_gmt":"2018-03-16T14:13:19","slug":"disfuncionalidad-familiar-tema-de-la-conferencia-impartida-a-padres-de-familia","status":"publish","type":"post","link":"http:\/\/tvalaire.com\/?p=3532","title":{"rendered":"DISFUNCIONALIDAD FAMILIAR TEMA DE LA CONFERENCIA IMPARTIDA A PADRES DE FAMILIA"},"content":{"rendered":"<p><strong>\u00a0<\/strong><\/p>\n<p>Personal del Instituto Municipal de la Mujer (IMM), imparti\u00f3 la conferencia \u201cDisfuncionalidad familiar\u201d a padres de familia del alumnado de la escuela primaria \u201cJos\u00e9 Mar\u00eda Cavadas\u201d.<\/p>\n<p>Durante la conferencia se cont\u00f3 con la participaci\u00f3n de m\u00e1s de 120 padres de familia, quienes escucharon con atenci\u00f3n el concepto, caracter\u00edsticas y rasgos de cada uno de los miembros de la familia, con la finalidad de que pudieran determinar en qu\u00e9 parte ubicaban a su entorno, ya sea funcional, disfuncional y patol\u00f3gica.<\/p>\n<p>La familia funcional tiene una caracter\u00edstica propia que es la promoci\u00f3n del desarrollo favorable para todos sus miembros, teniendo jerarqu\u00edas claras, l\u00edmites claros, roles claros y definidos, comunicaci\u00f3n abierta y expl\u00edcita y capacidad de adaptaci\u00f3n al cambio.<\/p>\n<p>La disfuncional por su parte, es donde los conflictos, la mala conducta, y muchas veces el abuso por parte de los miembros individuales se producen continua y regularmente, lo que lleva a otros miembros a acomodarse a tales acciones, y la patol\u00f3gica que cree que es perfecta.<\/p>\n<p>La participaci\u00f3n de los padres de familia fue buena y activa, en donde se aclararon las dudas que fueron surgiendo durante la charla que corri\u00f3 a cargo de la psic\u00f3loga Carla Cristina Huaracha Rodr\u00edguez, colaboradora del Instituto.<\/p>\n<p>El objetivo de llevar esta conferencia a las escuelas primarias, es con la finalidad de atender aquellos casos en donde se detectan ciertas conductas que pueden alterar el orden natural de una familia funcional.<\/p>\n<p>&nbsp;<\/p>\n<p>&nbsp;<\/p>\n","protected":false},"excerpt":{"rendered":"<p>\u00a0 Personal del Instituto Municipal de la Mujer (IMM), imparti\u00f3 la conferencia \u201cDisfuncionalidad familiar\u201d a&#8230;<\/p>\n","protected":false},"author":1,"featured_media":3535,"comment_status":"open","ping_status":"open","sticky":false,"template":"","format":"standard","meta":{"jetpack_post_was_ever_published":false,"_jetpack_newsletter_access":"","_jetpack_dont_email_post_to_subs":false,"_jetpack_newsletter_tier_id":0,"_jetpack_memberships_contains_paywalled_content":false,"_jetpack_memberships_contains_paid_content":false,"footnotes":"","jetpack_publicize_message":"","jetpack_publicize_feature_enabled":true,"jetpack_social_post_already_shared":false,"jetpack_social_options":{"image_generator_settings":{"template":"highway","enabled":false},"version":2}},"categories":[1],"tags":[15,36],"class_list":["post-3532","post","type-post","status-publish","format-standard","has-post-thumbnail","hentry","category-la-piedad","tag-la-piedad","tag-principales"],"jetpack_publicize_connections":[],"jetpack_sharing_enabled":true,"featured_image_urls":{"full":["http:\/\/tvalaire.com\/wp-content\/uploads\/2018\/03\/DISFUNCIONALIDAD-FAMILIAR-TEMA-DE-LA-CONFERENCIA-IMPARTIDA-A-PADRES-DE-FAMILIA.jpeg",1032,581,false],"thumbnail":["http:\/\/tvalaire.com\/wp-content\/uploads\/2018\/03\/DISFUNCIONALIDAD-FAMILIAR-TEMA-DE-LA-CONFERENCIA-IMPARTIDA-A-PADRES-DE-FAMILIA-150x150.jpeg",150,150,true],"medium":["http:\/\/tvalaire.com\/wp-content\/uploads\/2018\/03\/DISFUNCIONALIDAD-FAMILIAR-TEMA-DE-LA-CONFERENCIA-IMPARTIDA-A-PADRES-DE-FAMILIA-300x169.jpeg",300,169,true],"medium_large":["http:\/\/tvalaire.com\/wp-content\/uploads\/2018\/03\/DISFUNCIONALIDAD-FAMILIAR-TEMA-DE-LA-CONFERENCIA-IMPARTIDA-A-PADRES-DE-FAMILIA-768x432.jpeg",640,360,true],"large":["http:\/\/tvalaire.com\/wp-content\/uploads\/2018\/03\/DISFUNCIONALIDAD-FAMILIAR-TEMA-DE-LA-CONFERENCIA-IMPARTIDA-A-PADRES-DE-FAMILIA-1024x576.jpeg",640,360,true],"post-slider-thumb-size":["http:\/\/tvalaire.com\/wp-content\/uploads\/2018\/03\/DISFUNCIONALIDAD-FAMILIAR-TEMA-DE-LA-CONFERENCIA-IMPARTIDA-A-PADRES-DE-FAMILIA.jpeg",330,186,false],"post-category-slider-size":["http:\/\/tvalaire.com\/wp-content\/uploads\/2018\/03\/DISFUNCIONALIDAD-FAMILIAR-TEMA-DE-LA-CONFERENCIA-IMPARTIDA-A-PADRES-DE-FAMILIA.jpeg",330,186,false],"1536x1536":["http:\/\/tvalaire.com\/wp-content\/uploads\/2018\/03\/DISFUNCIONALIDAD-FAMILIAR-TEMA-DE-LA-CONFERENCIA-IMPARTIDA-A-PADRES-DE-FAMILIA.jpeg",1032,581,false],"2048x2048":["http:\/\/tvalaire.com\/wp-content\/uploads\/2018\/03\/DISFUNCIONALIDAD-FAMILIAR-TEMA-DE-LA-CONFERENCIA-IMPARTIDA-A-PADRES-DE-FAMILIA.jpeg",1032,581,false],"newsium-slider-full":["http:\/\/tvalaire.com\/wp-content\/uploads\/2018\/03\/DISFUNCIONALIDAD-FAMILIAR-TEMA-DE-LA-CONFERENCIA-IMPARTIDA-A-PADRES-DE-FAMILIA.jpeg",1032,581,false],"newsium-featured":["http:\/\/tvalaire.com\/wp-content\/uploads\/2018\/03\/DISFUNCIONALIDAD-FAMILIAR-TEMA-DE-LA-CONFERENCIA-IMPARTIDA-A-PADRES-DE-FAMILIA.jpeg",1024,576,false],"newsium-medium":["http:\/\/tvalaire.com\/wp-content\/uploads\/2018\/03\/DISFUNCIONALIDAD-FAMILIAR-TEMA-DE-LA-CONFERENCIA-IMPARTIDA-A-PADRES-DE-FAMILIA.jpeg",720,405,false]},"author_info":{"info":["tvalairenoti"]},"category_info":"<a href=\"http:\/\/tvalaire.com\/?cat=1\" rel=\"category\">La Piedad<\/a>","tag_info":"La Piedad","comment_count":"0","jetpack_featured_media_url":"http:\/\/tvalaire.com\/wp-content\/uploads\/2018\/03\/DISFUNCIONALIDAD-FAMILIAR-TEMA-DE-LA-CONFERENCIA-IMPARTIDA-A-PADRES-DE-FAMILIA.jpeg","_links":{"self":[{"href":"http:\/\/tvalaire.com\/index.php?rest_route=\/wp\/v2\/posts\/3532"}],"collection":[{"href":"http:\/\/tvalaire.com\/index.php?rest_route=\/wp\/v2\/posts"}],"about":[{"href":"http:\/\/tvalaire.com\/index.php?rest_route=\/wp\/v2\/types\/post"}],"author":[{"embeddable":true,"href":"http:\/\/tvalaire.com\/index.php?rest_route=\/wp\/v2\/users\/1"}],"replies":[{"embeddable":true,"href":"http:\/\/tvalaire.com\/index.php?rest_route=%2Fwp%2Fv2%2Fcomments&post=3532"}],"version-history":[{"count":1,"href":"http:\/\/tvalaire.com\/index.php?rest_route=\/wp\/v2\/posts\/3532\/revisions"}],"predecessor-version":[{"id":3536,"href":"http:\/\/tvalaire.com\/index.php?rest_route=\/wp\/v2\/posts\/3532\/revisions\/3536"}],"wp:featuredmedia":[{"embeddable":true,"href":"http:\/\/tvalaire.com\/index.php?rest_route=\/wp\/v2\/media\/3535"}],"wp:attachment":[{"href":"http:\/\/tvalaire.com\/index.php?rest_route=%2Fwp%2Fv2%2Fmedia&parent=3532"}],"wp:term":[{"taxonomy":"category","embeddable":true,"href":"http:\/\/tvalaire.com\/index.php?rest_route=%2Fwp%2Fv2%2Fcategories&post=3532"},{"taxonomy":"post_tag","embeddable":true,"href":"http:\/\/tvalaire.com\/index.php?rest_route=%2Fwp%2Fv2%2Ftags&post=3532"}],"curies":[{"name":"wp","href":"https:\/\/api.w.org\/{rel}","templated":true}]}}