{"id":3530,"date":"2018-03-15T10:02:53","date_gmt":"2018-03-15T16:02:53","guid":{"rendered":"http:\/\/tvalaire.com\/?p=3530"},"modified":"2018-03-15T10:02:53","modified_gmt":"2018-03-15T16:02:53","slug":"otorga-cabildo-licencia-para-ausentarse-al-alcalde-de-la-piedad","status":"publish","type":"post","link":"http:\/\/tvalaire.com\/?p=3530","title":{"rendered":"OTORGA CABILDO LICENCIA PARA AUSENTARSE AL ALCALDE DE LA PIEDAD"},"content":{"rendered":"<p>Por mayor\u00eda de votos integrantes del H. Ayuntamiento otorgaron licencias para retirarse del cargo por espacio de poco m\u00e1s 60 d\u00edas a partir de 1 de abril al Alcalde y a las regidoras Sof\u00eda Jacqueline Le\u00f3n Hern\u00e1ndez y a Alicia Ojeda P\u00e9rez, por as\u00ed convenir a sus condiciones.<\/p>\n<p>Lo anterior, con fundamento en la Ley Org\u00e1nica Municipal del Estado de Michoac\u00e1n. En el caso de la regidora Sof\u00eda Jacqueline Le\u00f3n, la licencia aplicar\u00e1\u00a0 a partir del 15 de marzo al 15 de mayo del presente a\u00f1o; Alicia Ojeda P\u00e9rez por su parte ser\u00e1 del 30 de marzo al 30 de mayo y la del Alcalde por espacio de m\u00e1s de 60 d\u00edas a partir del 1 de abril.<\/p>\n<p>El Alcalde indic\u00f3 que presentaba su licencia con fundamento en la ley a la cual siempre se ha apegado y en cuanto a su trabajo, expres\u00f3 que lo ha realizado de manera abierta y transparente, sin ver los colores de ning\u00fan partido.<\/p>\n<p>\u201cCuando entr\u00e9 dije que ven\u00eda a hacer amigos y aunque es dif\u00edcil; me qued\u00f3 con las acciones y el apoyo de muchas personas. Lo atractivo de esto, ha sido ayudar a la gente, no me quiero poner como un santo porque no lo soy, pero s\u00ed un hombre comprometido con La Piedad y sobre todo como una persona congruente en el hacer y decir\u201d.<\/p>\n<p>En cuanto a las cr\u00edticas de adversarios pol\u00edticos coment\u00f3 que a \u00e9l; \u201cjam\u00e1s me escuchar\u00e1n hablar mal de alguien, me qued\u00f3 con la mayor\u00eda de cosas positivas, porque siempre me gan\u00f3 mi forma de pensar como empresario y no venir a endeudar al municipio\u201d.<\/p>\n<p>El Presidente Municipal dijo que en el momento de retirarse lo har\u00e1 con la frente en alto porque su funci\u00f3n ha sido honesta y transparente, pues no ha tomado ni un solo centavo. \u201cAgradezco a los partidos que se sumaron en este sue\u00f1o por La Piedad, pero desgraciadamente la situaci\u00f3n econ\u00f3mica no permiti\u00f3 hacer todo lo que cre\u00edamos y queriamos, aunque no me he cansado de hacer gesti\u00f3n. Me ir\u00e9 orgulloso de trabajar con ustedes porque se sumaron a mi proyecto sin importar el color\u201d.<\/p>\n<p>Luego de la exposici\u00f3n de motivos del Alcalde, tanto el S\u00edndico como los regidores aplaudieron sus palabras y le desearon \u00e9xito en sus proyectos, incluidos regidores de oposici\u00f3n como Ulises No\u00e9 Caratachea quien reconoci\u00f3 el que los haya tratado por igual, con respeto y cordialidad. Yelitza T\u00e9llez destac\u00f3 en \u00e9l a una persona transparente y sobre todo, su buena disposici\u00f3n de trabajar con respeto y tolerancia, pero le pidi\u00f3 consultar muy bien sobre la persona a quien dejar\u00e1 en su lugar viendo en todo que sea capaz, honesta y transparente. Ra\u00fal Hern\u00e1ndez dijo quedarse con su sencillez, su sensibilidad humana y la humildad con la que realiza el trabajo en bien de los dem\u00e1s, anteponiendo siempre el bienestar com\u00fan. Brenda Orozco Torres su sum\u00f3 al reconocimiento por su sensibilidad para escuchar y apoyar los proyectos de beneficio social.<\/p>\n","protected":false},"excerpt":{"rendered":"<p>Por mayor\u00eda de votos integrantes del H. Ayuntamiento otorgaron licencias para retirarse del cargo por&#8230;<\/p>\n","protected":false},"author":1,"featured_media":3528,"comment_status":"open","ping_status":"open","sticky":false,"template":"","format":"standard","meta":{"jetpack_post_was_ever_published":false,"_jetpack_newsletter_access":"","_jetpack_dont_email_post_to_subs":false,"_jetpack_newsletter_tier_id":0,"_jetpack_memberships_contains_paywalled_content":false,"_jetpack_memberships_contains_paid_content":false,"footnotes":"","jetpack_publicize_message":"","jetpack_publicize_feature_enabled":true,"jetpack_social_post_already_shared":false,"jetpack_social_options":{"image_generator_settings":{"template":"highway","enabled":false},"version":2}},"categories":[1],"tags":[15,36],"class_list":["post-3530","post","type-post","status-publish","format-standard","has-post-thumbnail","hentry","category-la-piedad","tag-la-piedad","tag-principales"],"jetpack_publicize_connections":[],"jetpack_sharing_enabled":true,"featured_image_urls":{"full":["http:\/\/tvalaire.com\/wp-content\/uploads\/2018\/03\/OTORGA-CABILDO-LICENCIA-PARA-AUSENTARSE-AL-ALCALDE-DE-LA-PIEDAD2.jpg",2675,1871,false],"thumbnail":["http:\/\/tvalaire.com\/wp-content\/uploads\/2018\/03\/OTORGA-CABILDO-LICENCIA-PARA-AUSENTARSE-AL-ALCALDE-DE-LA-PIEDAD2-150x150.jpg",150,150,true],"medium":["http:\/\/tvalaire.com\/wp-content\/uploads\/2018\/03\/OTORGA-CABILDO-LICENCIA-PARA-AUSENTARSE-AL-ALCALDE-DE-LA-PIEDAD2-300x210.jpg",300,210,true],"medium_large":["http:\/\/tvalaire.com\/wp-content\/uploads\/2018\/03\/OTORGA-CABILDO-LICENCIA-PARA-AUSENTARSE-AL-ALCALDE-DE-LA-PIEDAD2-768x537.jpg",640,448,true],"large":["http:\/\/tvalaire.com\/wp-content\/uploads\/2018\/03\/OTORGA-CABILDO-LICENCIA-PARA-AUSENTARSE-AL-ALCALDE-DE-LA-PIEDAD2-1024x716.jpg",640,448,true],"post-slider-thumb-size":["http:\/\/tvalaire.com\/wp-content\/uploads\/2018\/03\/OTORGA-CABILDO-LICENCIA-PARA-AUSENTARSE-AL-ALCALDE-DE-LA-PIEDAD2.jpg",272,190,false],"post-category-slider-size":["http:\/\/tvalaire.com\/wp-content\/uploads\/2018\/03\/OTORGA-CABILDO-LICENCIA-PARA-AUSENTARSE-AL-ALCALDE-DE-LA-PIEDAD2.jpg",330,231,false],"1536x1536":["http:\/\/tvalaire.com\/wp-content\/uploads\/2018\/03\/OTORGA-CABILDO-LICENCIA-PARA-AUSENTARSE-AL-ALCALDE-DE-LA-PIEDAD2.jpg",1536,1074,false],"2048x2048":["http:\/\/tvalaire.com\/wp-content\/uploads\/2018\/03\/OTORGA-CABILDO-LICENCIA-PARA-AUSENTARSE-AL-ALCALDE-DE-LA-PIEDAD2.jpg",2048,1432,false],"newsium-slider-full":["http:\/\/tvalaire.com\/wp-content\/uploads\/2018\/03\/OTORGA-CABILDO-LICENCIA-PARA-AUSENTARSE-AL-ALCALDE-DE-LA-PIEDAD2.jpg",1208,845,false],"newsium-featured":["http:\/\/tvalaire.com\/wp-content\/uploads\/2018\/03\/OTORGA-CABILDO-LICENCIA-PARA-AUSENTARSE-AL-ALCALDE-DE-LA-PIEDAD2.jpg",1024,716,false],"newsium-medium":["http:\/\/tvalaire.com\/wp-content\/uploads\/2018\/03\/OTORGA-CABILDO-LICENCIA-PARA-AUSENTARSE-AL-ALCALDE-DE-LA-PIEDAD2.jpg",679,475,false]},"author_info":{"info":["tvalairenoti"]},"category_info":"<a href=\"http:\/\/tvalaire.com\/?cat=1\" rel=\"category\">La Piedad<\/a>","tag_info":"La Piedad","comment_count":"0","jetpack_featured_media_url":"http:\/\/tvalaire.com\/wp-content\/uploads\/2018\/03\/OTORGA-CABILDO-LICENCIA-PARA-AUSENTARSE-AL-ALCALDE-DE-LA-PIEDAD2.jpg","_links":{"self":[{"href":"http:\/\/tvalaire.com\/index.php?rest_route=\/wp\/v2\/posts\/3530"}],"collection":[{"href":"http:\/\/tvalaire.com\/index.php?rest_route=\/wp\/v2\/posts"}],"about":[{"href":"http:\/\/tvalaire.com\/index.php?rest_route=\/wp\/v2\/types\/post"}],"author":[{"embeddable":true,"href":"http:\/\/tvalaire.com\/index.php?rest_route=\/wp\/v2\/users\/1"}],"replies":[{"embeddable":true,"href":"http:\/\/tvalaire.com\/index.php?rest_route=%2Fwp%2Fv2%2Fcomments&post=3530"}],"version-history":[{"count":1,"href":"http:\/\/tvalaire.com\/index.php?rest_route=\/wp\/v2\/posts\/3530\/revisions"}],"predecessor-version":[{"id":3531,"href":"http:\/\/tvalaire.com\/index.php?rest_route=\/wp\/v2\/posts\/3530\/revisions\/3531"}],"wp:featuredmedia":[{"embeddable":true,"href":"http:\/\/tvalaire.com\/index.php?rest_route=\/wp\/v2\/media\/3528"}],"wp:attachment":[{"href":"http:\/\/tvalaire.com\/index.php?rest_route=%2Fwp%2Fv2%2Fmedia&parent=3530"}],"wp:term":[{"taxonomy":"category","embeddable":true,"href":"http:\/\/tvalaire.com\/index.php?rest_route=%2Fwp%2Fv2%2Fcategories&post=3530"},{"taxonomy":"post_tag","embeddable":true,"href":"http:\/\/tvalaire.com\/index.php?rest_route=%2Fwp%2Fv2%2Ftags&post=3530"}],"curies":[{"name":"wp","href":"https:\/\/api.w.org\/{rel}","templated":true}]}}