{"id":3524,"date":"2018-03-14T10:15:41","date_gmt":"2018-03-14T16:15:41","guid":{"rendered":"http:\/\/tvalaire.com\/?p=3524"},"modified":"2018-03-14T10:15:41","modified_gmt":"2018-03-14T16:15:41","slug":"inauguro-alcalde-adoquin-kiosco-de-lectura-y-entrego-libros-a-la-biblioteca-jose-hernandez","status":"publish","type":"post","link":"http:\/\/tvalaire.com\/?p=3524","title":{"rendered":"INAUGUR\u00d3 ALCALDE ADOQUIN, KIOSCO DE LECTURA Y ENTREG\u00d3 LIBROS A LA BIBLIOTECA \u201cJOS\u00c9 HERN\u00c1NDEZ\u201d"},"content":{"rendered":"<p>El Presidente Municipal, inaugur\u00f3 el camino de acceso en la biblioteca \u201cJos\u00e9 Hern\u00e1ndez Moreno\u201d, en donde aprovech\u00f3 para entregar la reciente dotaci\u00f3n de libros que gestion\u00f3 ante la direcci\u00f3n General de Bibliotecas y puso en marcha el kiosco de lectura que se instal\u00f3 por el acceso del parque Morelos.<\/p>\n<p>La entrega del camino que fue adoquinado, lo hizo el Alcalde ante la presencia de alumnos de la Preparatoria Federal por Cooperaci\u00f3n \u201cM\u00e1rtires de la Reforma\u201d y menores de la primaria \u201cArnulfo \u00c1vila\u201d, quienes son los vecinos de esta biblioteca y unos de los m\u00e1s beneficiados.<\/p>\n<p>Expuso que si bien, la obra de adoquinamiento del camino de acceso era una obra sencilla, nadie la hab\u00eda hecho, c\u00f3mo tampoco hab\u00edan impermeabilizado el edificio de la biblioteca, ni se ten\u00eda conectado el sistema de drenaje, el cual no funcionaba y las aguas negras y las de lluvia no sab\u00edan a d\u00f3nde se iban y adem\u00e1s rehabilitaron a su vez, el alumbrado p\u00fablico que era deficiente para el servicio que se ofrece en el espacio.<\/p>\n<p>El Alcalde aprovech\u00f3 para entregar una dotaci\u00f3n de 2 mil libros de diversas ramas, los cuales se suman a los 3 mil 400 ya existentes para sumar 5 mil 400 libros en existencia en este espacio que est\u00e1 siendo automatizado y que entrando del periodo vacacional de Semana Santa, ofrecer\u00e1 atenci\u00f3n a todos los alumnos y las personas que lo requieran.<\/p>\n<p>Estos libros, fueron gestionados ante la Direcci\u00f3n General de Bibliotecas y ya se encuentran en las instalaciones para que sean tomados en cuenta durante el proceso de automatizaci\u00f3n en el que se encuentra.<\/p>\n<p>Al mismo tiempo, inaugur\u00f3 el kiosco de lectura que se instal\u00f3 en el segundo ingreso que tiene la biblioteca por el interior del parque Morelos, en donde se cuenta ya con una dotaci\u00f3n de libros de Paulo Coelho, Miguel de Cervantes Saavedra, Ana Frank y otros autores que est\u00e1n disponibles para quienes asisten a diario a hacer ejercicio o a pasar un rato agradable en el parque.<\/p>\n<p>El Alcalde, reiter\u00f3 que una de sus prioridades ha sido la educaci\u00f3n y como muestra de ese inter\u00e9s por apoyar a este sector, son tambi\u00e9n estas obras con las cuales se beneficiar\u00e1n todos los alumnos.<\/p>\n<p>En el acto inaugural el Alcalde estuvo acompa\u00f1ado por el s\u00edndico, Nicol\u00e1s Hermosillo, el coordinador de bibliotecas Cristi\u00e1n Meza; el director de educaci\u00f3n, Marco Antonio Rodr\u00edguez; el oficial mayor, Benjam\u00edn Ba\u00f1ales; el dirigente del sindicato de empleados, Ricardo Garc\u00eda; el regidor Crisanto Loeza y Manuel Garc\u00eda, jefe del sector 13, entre otros.<\/p>\n<p>&nbsp;<\/p>\n","protected":false},"excerpt":{"rendered":"<p>El Presidente Municipal, inaugur\u00f3 el camino de acceso en la biblioteca \u201cJos\u00e9 Hern\u00e1ndez Moreno\u201d, en&#8230;<\/p>\n","protected":false},"author":1,"featured_media":3518,"comment_status":"open","ping_status":"open","sticky":false,"template":"","format":"standard","meta":{"jetpack_post_was_ever_published":false,"_jetpack_newsletter_access":"","_jetpack_dont_email_post_to_subs":false,"_jetpack_newsletter_tier_id":0,"_jetpack_memberships_contains_paywalled_content":false,"_jetpack_memberships_contains_paid_content":false,"footnotes":"","jetpack_publicize_message":"","jetpack_publicize_feature_enabled":true,"jetpack_social_post_already_shared":false,"jetpack_social_options":{"image_generator_settings":{"template":"highway","enabled":false},"version":2}},"categories":[1],"tags":[15,36],"class_list":["post-3524","post","type-post","status-publish","format-standard","has-post-thumbnail","hentry","category-la-piedad","tag-la-piedad","tag-principales"],"jetpack_publicize_connections":[],"jetpack_sharing_enabled":true,"featured_image_urls":{"full":["http:\/\/tvalaire.com\/wp-content\/uploads\/2018\/03\/INAUGUR\u00d3-ALCALDE-ADOQUIN-KIOSCO-DE-LECTURA-Y-ENTREG\u00d3-LIBROS-A-LA-BIBLIOTECA-\u201cJOS\u00c9-HERN\u00c1NDEZ\u201d.jpg",1024,683,false],"thumbnail":["http:\/\/tvalaire.com\/wp-content\/uploads\/2018\/03\/INAUGUR\u00d3-ALCALDE-ADOQUIN-KIOSCO-DE-LECTURA-Y-ENTREG\u00d3-LIBROS-A-LA-BIBLIOTECA-\u201cJOS\u00c9-HERN\u00c1NDEZ\u201d-150x150.jpg",150,150,true],"medium":["http:\/\/tvalaire.com\/wp-content\/uploads\/2018\/03\/INAUGUR\u00d3-ALCALDE-ADOQUIN-KIOSCO-DE-LECTURA-Y-ENTREG\u00d3-LIBROS-A-LA-BIBLIOTECA-\u201cJOS\u00c9-HERN\u00c1NDEZ\u201d-300x200.jpg",300,200,true],"medium_large":["http:\/\/tvalaire.com\/wp-content\/uploads\/2018\/03\/INAUGUR\u00d3-ALCALDE-ADOQUIN-KIOSCO-DE-LECTURA-Y-ENTREG\u00d3-LIBROS-A-LA-BIBLIOTECA-\u201cJOS\u00c9-HERN\u00c1NDEZ\u201d-768x512.jpg",640,427,true],"large":["http:\/\/tvalaire.com\/wp-content\/uploads\/2018\/03\/INAUGUR\u00d3-ALCALDE-ADOQUIN-KIOSCO-DE-LECTURA-Y-ENTREG\u00d3-LIBROS-A-LA-BIBLIOTECA-\u201cJOS\u00c9-HERN\u00c1NDEZ\u201d-1024x683.jpg",640,427,true],"post-slider-thumb-size":["http:\/\/tvalaire.com\/wp-content\/uploads\/2018\/03\/INAUGUR\u00d3-ALCALDE-ADOQUIN-KIOSCO-DE-LECTURA-Y-ENTREG\u00d3-LIBROS-A-LA-BIBLIOTECA-\u201cJOS\u00c9-HERN\u00c1NDEZ\u201d.jpg",285,190,false],"post-category-slider-size":["http:\/\/tvalaire.com\/wp-content\/uploads\/2018\/03\/INAUGUR\u00d3-ALCALDE-ADOQUIN-KIOSCO-DE-LECTURA-Y-ENTREG\u00d3-LIBROS-A-LA-BIBLIOTECA-\u201cJOS\u00c9-HERN\u00c1NDEZ\u201d.jpg",330,220,false],"1536x1536":["http:\/\/tvalaire.com\/wp-content\/uploads\/2018\/03\/INAUGUR\u00d3-ALCALDE-ADOQUIN-KIOSCO-DE-LECTURA-Y-ENTREG\u00d3-LIBROS-A-LA-BIBLIOTECA-\u201cJOS\u00c9-HERN\u00c1NDEZ\u201d.jpg",1024,683,false],"2048x2048":["http:\/\/tvalaire.com\/wp-content\/uploads\/2018\/03\/INAUGUR\u00d3-ALCALDE-ADOQUIN-KIOSCO-DE-LECTURA-Y-ENTREG\u00d3-LIBROS-A-LA-BIBLIOTECA-\u201cJOS\u00c9-HERN\u00c1NDEZ\u201d.jpg",1024,683,false],"newsium-slider-full":["http:\/\/tvalaire.com\/wp-content\/uploads\/2018\/03\/INAUGUR\u00d3-ALCALDE-ADOQUIN-KIOSCO-DE-LECTURA-Y-ENTREG\u00d3-LIBROS-A-LA-BIBLIOTECA-\u201cJOS\u00c9-HERN\u00c1NDEZ\u201d.jpg",1024,683,false],"newsium-featured":["http:\/\/tvalaire.com\/wp-content\/uploads\/2018\/03\/INAUGUR\u00d3-ALCALDE-ADOQUIN-KIOSCO-DE-LECTURA-Y-ENTREG\u00d3-LIBROS-A-LA-BIBLIOTECA-\u201cJOS\u00c9-HERN\u00c1NDEZ\u201d.jpg",1024,683,false],"newsium-medium":["http:\/\/tvalaire.com\/wp-content\/uploads\/2018\/03\/INAUGUR\u00d3-ALCALDE-ADOQUIN-KIOSCO-DE-LECTURA-Y-ENTREG\u00d3-LIBROS-A-LA-BIBLIOTECA-\u201cJOS\u00c9-HERN\u00c1NDEZ\u201d.jpg",712,475,false]},"author_info":{"info":["tvalairenoti"]},"category_info":"<a href=\"http:\/\/tvalaire.com\/?cat=1\" rel=\"category\">La Piedad<\/a>","tag_info":"La Piedad","comment_count":"0","jetpack_featured_media_url":"http:\/\/tvalaire.com\/wp-content\/uploads\/2018\/03\/INAUGUR\u00d3-ALCALDE-ADOQUIN-KIOSCO-DE-LECTURA-Y-ENTREG\u00d3-LIBROS-A-LA-BIBLIOTECA-\u201cJOS\u00c9-HERN\u00c1NDEZ\u201d.jpg","_links":{"self":[{"href":"http:\/\/tvalaire.com\/index.php?rest_route=\/wp\/v2\/posts\/3524"}],"collection":[{"href":"http:\/\/tvalaire.com\/index.php?rest_route=\/wp\/v2\/posts"}],"about":[{"href":"http:\/\/tvalaire.com\/index.php?rest_route=\/wp\/v2\/types\/post"}],"author":[{"embeddable":true,"href":"http:\/\/tvalaire.com\/index.php?rest_route=\/wp\/v2\/users\/1"}],"replies":[{"embeddable":true,"href":"http:\/\/tvalaire.com\/index.php?rest_route=%2Fwp%2Fv2%2Fcomments&post=3524"}],"version-history":[{"count":1,"href":"http:\/\/tvalaire.com\/index.php?rest_route=\/wp\/v2\/posts\/3524\/revisions"}],"predecessor-version":[{"id":3525,"href":"http:\/\/tvalaire.com\/index.php?rest_route=\/wp\/v2\/posts\/3524\/revisions\/3525"}],"wp:featuredmedia":[{"embeddable":true,"href":"http:\/\/tvalaire.com\/index.php?rest_route=\/wp\/v2\/media\/3518"}],"wp:attachment":[{"href":"http:\/\/tvalaire.com\/index.php?rest_route=%2Fwp%2Fv2%2Fmedia&parent=3524"}],"wp:term":[{"taxonomy":"category","embeddable":true,"href":"http:\/\/tvalaire.com\/index.php?rest_route=%2Fwp%2Fv2%2Fcategories&post=3524"},{"taxonomy":"post_tag","embeddable":true,"href":"http:\/\/tvalaire.com\/index.php?rest_route=%2Fwp%2Fv2%2Ftags&post=3524"}],"curies":[{"name":"wp","href":"https:\/\/api.w.org\/{rel}","templated":true}]}}