{"id":3522,"date":"2018-03-14T10:14:58","date_gmt":"2018-03-14T16:14:58","guid":{"rendered":"http:\/\/tvalaire.com\/?p=3522"},"modified":"2018-03-14T10:14:58","modified_gmt":"2018-03-14T16:14:58","slug":"area-dental-del-dif-al-servicio-de-la-poblacion","status":"publish","type":"post","link":"http:\/\/tvalaire.com\/?p=3522","title":{"rendered":"AREA DENTAL DEL DIF AL SERVICIO DE LA POBLACION"},"content":{"rendered":"<p>&nbsp;<\/p>\n<p>El servicio que se brinda a la ciudadan\u00eda de La Piedad y de los lugares circunvecinos por parte del \u00e1rea dental del Sistema para el Desarrollo Integral de la Familia (DIF) es uno de los que m\u00e1s demanda tienen, ya que el trabajo que se hace es de muy buena calidad y con costos accesibles para la poblaci\u00f3n en general.<\/p>\n<p>Los trabajos que ofrecen son los siguientes: consultas generales, colocaci\u00f3n de resinas, limpiezas, extracciones y pl\u00e1ticas de prevenci\u00f3n sobre el cuidado bucal coment\u00f3 la directora del sistema DIF Carmen Judith Cabrera Salda\u00f1a.<\/p>\n<p>\u201cEsta \u00e1rea se caracteriza por que se les da seguimiento a cada uno de los casos que llegan con alg\u00fan problema a fin de evitar complicaciones m\u00e1s severas en un futuro\u201d, enfatiz\u00f3 Cabrera Salda\u00f1a.<\/p>\n<p>El horario de atenci\u00f3n es de ocho y media de la ma\u00f1ana a una y media de la tarde de lunes a viernes, adem\u00e1s de que en caso que el paciente llegue a necesitar alg\u00fan medicamento para su recuperaci\u00f3n y si lo hay en existencia en la farmacia del DIF se le proporciona, Finaliz\u00f3 la directora.<\/p>\n<p>&nbsp;<\/p>\n","protected":false},"excerpt":{"rendered":"<p>&nbsp; El servicio que se brinda a la ciudadan\u00eda de La Piedad y de los&#8230;<\/p>\n","protected":false},"author":1,"featured_media":3519,"comment_status":"open","ping_status":"open","sticky":false,"template":"","format":"standard","meta":{"jetpack_post_was_ever_published":false,"_jetpack_newsletter_access":"","_jetpack_dont_email_post_to_subs":false,"_jetpack_newsletter_tier_id":0,"_jetpack_memberships_contains_paywalled_content":false,"_jetpack_memberships_contains_paid_content":false,"footnotes":"","jetpack_publicize_message":"","jetpack_publicize_feature_enabled":true,"jetpack_social_post_already_shared":false,"jetpack_social_options":{"image_generator_settings":{"template":"highway","enabled":false},"version":2}},"categories":[1],"tags":[15,36],"class_list":["post-3522","post","type-post","status-publish","format-standard","has-post-thumbnail","hentry","category-la-piedad","tag-la-piedad","tag-principales"],"jetpack_publicize_connections":[],"jetpack_sharing_enabled":true,"featured_image_urls":{"full":["http:\/\/tvalaire.com\/wp-content\/uploads\/2018\/03\/AREA-DENTAL-DEL-DIF-AL-SERVICIO-DE-LA-POBLACION.jpg",1024,683,false],"thumbnail":["http:\/\/tvalaire.com\/wp-content\/uploads\/2018\/03\/AREA-DENTAL-DEL-DIF-AL-SERVICIO-DE-LA-POBLACION-150x150.jpg",150,150,true],"medium":["http:\/\/tvalaire.com\/wp-content\/uploads\/2018\/03\/AREA-DENTAL-DEL-DIF-AL-SERVICIO-DE-LA-POBLACION-300x200.jpg",300,200,true],"medium_large":["http:\/\/tvalaire.com\/wp-content\/uploads\/2018\/03\/AREA-DENTAL-DEL-DIF-AL-SERVICIO-DE-LA-POBLACION-768x512.jpg",640,427,true],"large":["http:\/\/tvalaire.com\/wp-content\/uploads\/2018\/03\/AREA-DENTAL-DEL-DIF-AL-SERVICIO-DE-LA-POBLACION-1024x683.jpg",640,427,true],"post-slider-thumb-size":["http:\/\/tvalaire.com\/wp-content\/uploads\/2018\/03\/AREA-DENTAL-DEL-DIF-AL-SERVICIO-DE-LA-POBLACION.jpg",285,190,false],"post-category-slider-size":["http:\/\/tvalaire.com\/wp-content\/uploads\/2018\/03\/AREA-DENTAL-DEL-DIF-AL-SERVICIO-DE-LA-POBLACION.jpg",330,220,false],"1536x1536":["http:\/\/tvalaire.com\/wp-content\/uploads\/2018\/03\/AREA-DENTAL-DEL-DIF-AL-SERVICIO-DE-LA-POBLACION.jpg",1024,683,false],"2048x2048":["http:\/\/tvalaire.com\/wp-content\/uploads\/2018\/03\/AREA-DENTAL-DEL-DIF-AL-SERVICIO-DE-LA-POBLACION.jpg",1024,683,false],"newsium-slider-full":["http:\/\/tvalaire.com\/wp-content\/uploads\/2018\/03\/AREA-DENTAL-DEL-DIF-AL-SERVICIO-DE-LA-POBLACION.jpg",1024,683,false],"newsium-featured":["http:\/\/tvalaire.com\/wp-content\/uploads\/2018\/03\/AREA-DENTAL-DEL-DIF-AL-SERVICIO-DE-LA-POBLACION.jpg",1024,683,false],"newsium-medium":["http:\/\/tvalaire.com\/wp-content\/uploads\/2018\/03\/AREA-DENTAL-DEL-DIF-AL-SERVICIO-DE-LA-POBLACION.jpg",712,475,false]},"author_info":{"info":["tvalairenoti"]},"category_info":"<a href=\"http:\/\/tvalaire.com\/?cat=1\" rel=\"category\">La Piedad<\/a>","tag_info":"La Piedad","comment_count":"0","jetpack_featured_media_url":"http:\/\/tvalaire.com\/wp-content\/uploads\/2018\/03\/AREA-DENTAL-DEL-DIF-AL-SERVICIO-DE-LA-POBLACION.jpg","_links":{"self":[{"href":"http:\/\/tvalaire.com\/index.php?rest_route=\/wp\/v2\/posts\/3522"}],"collection":[{"href":"http:\/\/tvalaire.com\/index.php?rest_route=\/wp\/v2\/posts"}],"about":[{"href":"http:\/\/tvalaire.com\/index.php?rest_route=\/wp\/v2\/types\/post"}],"author":[{"embeddable":true,"href":"http:\/\/tvalaire.com\/index.php?rest_route=\/wp\/v2\/users\/1"}],"replies":[{"embeddable":true,"href":"http:\/\/tvalaire.com\/index.php?rest_route=%2Fwp%2Fv2%2Fcomments&post=3522"}],"version-history":[{"count":1,"href":"http:\/\/tvalaire.com\/index.php?rest_route=\/wp\/v2\/posts\/3522\/revisions"}],"predecessor-version":[{"id":3523,"href":"http:\/\/tvalaire.com\/index.php?rest_route=\/wp\/v2\/posts\/3522\/revisions\/3523"}],"wp:featuredmedia":[{"embeddable":true,"href":"http:\/\/tvalaire.com\/index.php?rest_route=\/wp\/v2\/media\/3519"}],"wp:attachment":[{"href":"http:\/\/tvalaire.com\/index.php?rest_route=%2Fwp%2Fv2%2Fmedia&parent=3522"}],"wp:term":[{"taxonomy":"category","embeddable":true,"href":"http:\/\/tvalaire.com\/index.php?rest_route=%2Fwp%2Fv2%2Fcategories&post=3522"},{"taxonomy":"post_tag","embeddable":true,"href":"http:\/\/tvalaire.com\/index.php?rest_route=%2Fwp%2Fv2%2Ftags&post=3522"}],"curies":[{"name":"wp","href":"https:\/\/api.w.org\/{rel}","templated":true}]}}