{"id":3513,"date":"2018-03-13T10:04:17","date_gmt":"2018-03-13T16:04:17","guid":{"rendered":"http:\/\/tvalaire.com\/?p=3513"},"modified":"2018-03-13T10:04:17","modified_gmt":"2018-03-13T16:04:17","slug":"artistas-piedadenses-presentes-en-el-homenaje-a-coeneo","status":"publish","type":"post","link":"http:\/\/tvalaire.com\/?p=3513","title":{"rendered":"ARTISTAS PIEDADENSES PRESENTES EN EL HOMENAJE A COENEO"},"content":{"rendered":"<p>La presencia y participaci\u00f3n de los artistas piedadenses ha logrado trascender en el interior del estado, tan es as\u00ed que los artistas en grabado y viol\u00edn que forman parte de la Escuela de Artes La Piedad, obtuvieron una brillante intervenci\u00f3n en el evento que realiz\u00f3 el \u00e1rea de Cultura en el municipio de Coeneo.<\/p>\n<p>Alejandro Villegas conocido como Alex Crimson, artista en grabado y el violinista Arturo Oceguera participaron este fin de semana en la cabecera municipal de Coeneo en donde se ofreci\u00f3 un homenaje a esta ciudad y se cont\u00f3 con la participaci\u00f3n de varios artistas y hubo una exposici\u00f3n artesanal.<\/p>\n<p>La participaci\u00f3n de estos dos artistas piedadenses se hizo posible, gracias a las buenas relaciones que hay entre los directores de Cultura en Michoac\u00e1n.<\/p>\n<p>El trabajo de promoci\u00f3n de la cultura que lleva a cabo el Gobierno Municipal, se fortalecer\u00e1 este a\u00f1o con el fin de que todos los artistas que han sido creados o forma parte de la Escuela de Artes La Piedad, para que puedan trascender y que sus logros sean admirados y escuchados por habitantes de otras ciudades, mediante la participaci\u00f3n de eventos de este tipo.<\/p>\n<p>&nbsp;<\/p>\n","protected":false},"excerpt":{"rendered":"<p>La presencia y participaci\u00f3n de los artistas piedadenses ha logrado trascender en el interior del&#8230;<\/p>\n","protected":false},"author":1,"featured_media":3510,"comment_status":"open","ping_status":"open","sticky":false,"template":"","format":"standard","meta":{"jetpack_post_was_ever_published":false,"_jetpack_newsletter_access":"","_jetpack_dont_email_post_to_subs":false,"_jetpack_newsletter_tier_id":0,"_jetpack_memberships_contains_paywalled_content":false,"_jetpack_memberships_contains_paid_content":false,"footnotes":"","jetpack_publicize_message":"","jetpack_publicize_feature_enabled":true,"jetpack_social_post_already_shared":false,"jetpack_social_options":{"image_generator_settings":{"template":"highway","enabled":false},"version":2}},"categories":[1],"tags":[15,36],"class_list":["post-3513","post","type-post","status-publish","format-standard","has-post-thumbnail","hentry","category-la-piedad","tag-la-piedad","tag-principales"],"jetpack_publicize_connections":[],"jetpack_sharing_enabled":true,"featured_image_urls":{"full":["http:\/\/tvalaire.com\/wp-content\/uploads\/2018\/03\/ARTISTAS-PIEDADENSES-PRESENTES-EN-EL-HOMENAJE-A-COENEO2.jpeg",1040,780,false],"thumbnail":["http:\/\/tvalaire.com\/wp-content\/uploads\/2018\/03\/ARTISTAS-PIEDADENSES-PRESENTES-EN-EL-HOMENAJE-A-COENEO2-150x150.jpeg",150,150,true],"medium":["http:\/\/tvalaire.com\/wp-content\/uploads\/2018\/03\/ARTISTAS-PIEDADENSES-PRESENTES-EN-EL-HOMENAJE-A-COENEO2-300x225.jpeg",300,225,true],"medium_large":["http:\/\/tvalaire.com\/wp-content\/uploads\/2018\/03\/ARTISTAS-PIEDADENSES-PRESENTES-EN-EL-HOMENAJE-A-COENEO2-768x576.jpeg",640,480,true],"large":["http:\/\/tvalaire.com\/wp-content\/uploads\/2018\/03\/ARTISTAS-PIEDADENSES-PRESENTES-EN-EL-HOMENAJE-A-COENEO2-1024x768.jpeg",640,480,true],"post-slider-thumb-size":["http:\/\/tvalaire.com\/wp-content\/uploads\/2018\/03\/ARTISTAS-PIEDADENSES-PRESENTES-EN-EL-HOMENAJE-A-COENEO2.jpeg",253,190,false],"post-category-slider-size":["http:\/\/tvalaire.com\/wp-content\/uploads\/2018\/03\/ARTISTAS-PIEDADENSES-PRESENTES-EN-EL-HOMENAJE-A-COENEO2.jpeg",330,248,false],"1536x1536":["http:\/\/tvalaire.com\/wp-content\/uploads\/2018\/03\/ARTISTAS-PIEDADENSES-PRESENTES-EN-EL-HOMENAJE-A-COENEO2.jpeg",1040,780,false],"2048x2048":["http:\/\/tvalaire.com\/wp-content\/uploads\/2018\/03\/ARTISTAS-PIEDADENSES-PRESENTES-EN-EL-HOMENAJE-A-COENEO2.jpeg",1040,780,false],"newsium-slider-full":["http:\/\/tvalaire.com\/wp-content\/uploads\/2018\/03\/ARTISTAS-PIEDADENSES-PRESENTES-EN-EL-HOMENAJE-A-COENEO2.jpeg",1040,780,false],"newsium-featured":["http:\/\/tvalaire.com\/wp-content\/uploads\/2018\/03\/ARTISTAS-PIEDADENSES-PRESENTES-EN-EL-HOMENAJE-A-COENEO2.jpeg",1024,768,false],"newsium-medium":["http:\/\/tvalaire.com\/wp-content\/uploads\/2018\/03\/ARTISTAS-PIEDADENSES-PRESENTES-EN-EL-HOMENAJE-A-COENEO2.jpeg",633,475,false]},"author_info":{"info":["tvalairenoti"]},"category_info":"<a href=\"http:\/\/tvalaire.com\/?cat=1\" rel=\"category\">La Piedad<\/a>","tag_info":"La Piedad","comment_count":"0","jetpack_featured_media_url":"http:\/\/tvalaire.com\/wp-content\/uploads\/2018\/03\/ARTISTAS-PIEDADENSES-PRESENTES-EN-EL-HOMENAJE-A-COENEO2.jpeg","_links":{"self":[{"href":"http:\/\/tvalaire.com\/index.php?rest_route=\/wp\/v2\/posts\/3513"}],"collection":[{"href":"http:\/\/tvalaire.com\/index.php?rest_route=\/wp\/v2\/posts"}],"about":[{"href":"http:\/\/tvalaire.com\/index.php?rest_route=\/wp\/v2\/types\/post"}],"author":[{"embeddable":true,"href":"http:\/\/tvalaire.com\/index.php?rest_route=\/wp\/v2\/users\/1"}],"replies":[{"embeddable":true,"href":"http:\/\/tvalaire.com\/index.php?rest_route=%2Fwp%2Fv2%2Fcomments&post=3513"}],"version-history":[{"count":1,"href":"http:\/\/tvalaire.com\/index.php?rest_route=\/wp\/v2\/posts\/3513\/revisions"}],"predecessor-version":[{"id":3514,"href":"http:\/\/tvalaire.com\/index.php?rest_route=\/wp\/v2\/posts\/3513\/revisions\/3514"}],"wp:featuredmedia":[{"embeddable":true,"href":"http:\/\/tvalaire.com\/index.php?rest_route=\/wp\/v2\/media\/3510"}],"wp:attachment":[{"href":"http:\/\/tvalaire.com\/index.php?rest_route=%2Fwp%2Fv2%2Fmedia&parent=3513"}],"wp:term":[{"taxonomy":"category","embeddable":true,"href":"http:\/\/tvalaire.com\/index.php?rest_route=%2Fwp%2Fv2%2Fcategories&post=3513"},{"taxonomy":"post_tag","embeddable":true,"href":"http:\/\/tvalaire.com\/index.php?rest_route=%2Fwp%2Fv2%2Ftags&post=3513"}],"curies":[{"name":"wp","href":"https:\/\/api.w.org\/{rel}","templated":true}]}}