{"id":3508,"date":"2018-03-13T10:03:20","date_gmt":"2018-03-13T16:03:20","guid":{"rendered":"http:\/\/tvalaire.com\/?p=3508"},"modified":"2018-03-13T10:03:20","modified_gmt":"2018-03-13T16:03:20","slug":"en-la-piedad-hemos-hecho-conciencia-a-tiempo-sobre-el-cuidado-del-agua-rubio","status":"publish","type":"post","link":"http:\/\/tvalaire.com\/?p=3508","title":{"rendered":"\u201cEN LA PIEDAD HEMOS HECHO CONCIENCIA A TIEMPO SOBRE EL CUIDADO DEL AGUA\u201d: RUBIO"},"content":{"rendered":"<p><strong>\u00a0<\/strong><\/p>\n<p>A decir del director del organismo operador del SAPAS La Piedad, Jorge Rubio Olivares, en La Piedad se ha hecho conciencia a tiempo sobre el cuidado del agua, mediante el establecimiento de programas sobre el cuidado y uso racional del l\u00edquido, adem\u00e1s de la instalaci\u00f3n de micromedidores que sirven para medir la cantidad de agua que se destina por familia.<\/p>\n<p>Estas acciones indico, que han servido para que con las fuentes de abastecimiento existentes, se garantice el servicio a la poblaci\u00f3n por 20 a\u00f1os m\u00e1s y ya se trabaja para generar nuevas alternativas, para perforar pozos que vengan a sustituir al de los mantos que puedan agotarse.<\/p>\n<p>Gracias al trabajo de fomento de la cultura del agua se ha permitido que el 25 por ciento de los usuarios cuenten con servicio continuo las 24 horas del d\u00eda y el resto cuente con servicio de 12 a 16 horas durante el d\u00eda.<\/p>\n<p>Sin embargo, los esfuerzos no terminan aqu\u00ed, pues los trabajos de cultura del agua se mantienen en busca de que la poblaci\u00f3n cree conciencia sobre el cuidado de este recurso que ya es nulo en otros puntos del mundo como Ciudad Cabo en \u00c1frica donde ya se ha pronosticado que este vital l\u00edquido se acabar\u00e1 entrando el mes de abril de este a\u00f1o.<\/p>\n<p>Es por eso, que los usuarios deben crear conciencia y cuidar \u00e9ste que es uno de los recursos m\u00e1s preciados para la vida.<\/p>\n<p>&nbsp;<\/p>\n","protected":false},"excerpt":{"rendered":"<p>\u00a0 A decir del director del organismo operador del SAPAS La Piedad, Jorge Rubio Olivares,&#8230;<\/p>\n","protected":false},"author":1,"featured_media":3511,"comment_status":"open","ping_status":"open","sticky":false,"template":"","format":"standard","meta":{"jetpack_post_was_ever_published":false,"_jetpack_newsletter_access":"","_jetpack_dont_email_post_to_subs":false,"_jetpack_newsletter_tier_id":0,"_jetpack_memberships_contains_paywalled_content":false,"_jetpack_memberships_contains_paid_content":false,"footnotes":"","jetpack_publicize_message":"","jetpack_publicize_feature_enabled":true,"jetpack_social_post_already_shared":false,"jetpack_social_options":{"image_generator_settings":{"template":"highway","enabled":false},"version":2}},"categories":[1],"tags":[15,36],"class_list":["post-3508","post","type-post","status-publish","format-standard","has-post-thumbnail","hentry","category-la-piedad","tag-la-piedad","tag-principales"],"jetpack_publicize_connections":[],"jetpack_sharing_enabled":true,"featured_image_urls":{"full":["http:\/\/tvalaire.com\/wp-content\/uploads\/2018\/03\/EN-LA-PIEDAD-HEMOS-HECHO-CONCIENCIA-A-TIEMPO-SOBRE-EL-CUIDADO-DEL-AGUA.jpg",4349,2899,false],"thumbnail":["http:\/\/tvalaire.com\/wp-content\/uploads\/2018\/03\/EN-LA-PIEDAD-HEMOS-HECHO-CONCIENCIA-A-TIEMPO-SOBRE-EL-CUIDADO-DEL-AGUA-150x150.jpg",150,150,true],"medium":["http:\/\/tvalaire.com\/wp-content\/uploads\/2018\/03\/EN-LA-PIEDAD-HEMOS-HECHO-CONCIENCIA-A-TIEMPO-SOBRE-EL-CUIDADO-DEL-AGUA-300x200.jpg",300,200,true],"medium_large":["http:\/\/tvalaire.com\/wp-content\/uploads\/2018\/03\/EN-LA-PIEDAD-HEMOS-HECHO-CONCIENCIA-A-TIEMPO-SOBRE-EL-CUIDADO-DEL-AGUA-768x512.jpg",640,427,true],"large":["http:\/\/tvalaire.com\/wp-content\/uploads\/2018\/03\/EN-LA-PIEDAD-HEMOS-HECHO-CONCIENCIA-A-TIEMPO-SOBRE-EL-CUIDADO-DEL-AGUA-1024x683.jpg",640,427,true],"post-slider-thumb-size":["http:\/\/tvalaire.com\/wp-content\/uploads\/2018\/03\/EN-LA-PIEDAD-HEMOS-HECHO-CONCIENCIA-A-TIEMPO-SOBRE-EL-CUIDADO-DEL-AGUA.jpg",285,190,false],"post-category-slider-size":["http:\/\/tvalaire.com\/wp-content\/uploads\/2018\/03\/EN-LA-PIEDAD-HEMOS-HECHO-CONCIENCIA-A-TIEMPO-SOBRE-EL-CUIDADO-DEL-AGUA.jpg",330,220,false],"1536x1536":["http:\/\/tvalaire.com\/wp-content\/uploads\/2018\/03\/EN-LA-PIEDAD-HEMOS-HECHO-CONCIENCIA-A-TIEMPO-SOBRE-EL-CUIDADO-DEL-AGUA.jpg",1536,1024,false],"2048x2048":["http:\/\/tvalaire.com\/wp-content\/uploads\/2018\/03\/EN-LA-PIEDAD-HEMOS-HECHO-CONCIENCIA-A-TIEMPO-SOBRE-EL-CUIDADO-DEL-AGUA.jpg",2048,1365,false],"newsium-slider-full":["http:\/\/tvalaire.com\/wp-content\/uploads\/2018\/03\/EN-LA-PIEDAD-HEMOS-HECHO-CONCIENCIA-A-TIEMPO-SOBRE-EL-CUIDADO-DEL-AGUA.jpg",1268,845,false],"newsium-featured":["http:\/\/tvalaire.com\/wp-content\/uploads\/2018\/03\/EN-LA-PIEDAD-HEMOS-HECHO-CONCIENCIA-A-TIEMPO-SOBRE-EL-CUIDADO-DEL-AGUA.jpg",1024,683,false],"newsium-medium":["http:\/\/tvalaire.com\/wp-content\/uploads\/2018\/03\/EN-LA-PIEDAD-HEMOS-HECHO-CONCIENCIA-A-TIEMPO-SOBRE-EL-CUIDADO-DEL-AGUA.jpg",713,475,false]},"author_info":{"info":["tvalairenoti"]},"category_info":"<a href=\"http:\/\/tvalaire.com\/?cat=1\" rel=\"category\">La Piedad<\/a>","tag_info":"La Piedad","comment_count":"0","jetpack_featured_media_url":"http:\/\/tvalaire.com\/wp-content\/uploads\/2018\/03\/EN-LA-PIEDAD-HEMOS-HECHO-CONCIENCIA-A-TIEMPO-SOBRE-EL-CUIDADO-DEL-AGUA.jpg","_links":{"self":[{"href":"http:\/\/tvalaire.com\/index.php?rest_route=\/wp\/v2\/posts\/3508"}],"collection":[{"href":"http:\/\/tvalaire.com\/index.php?rest_route=\/wp\/v2\/posts"}],"about":[{"href":"http:\/\/tvalaire.com\/index.php?rest_route=\/wp\/v2\/types\/post"}],"author":[{"embeddable":true,"href":"http:\/\/tvalaire.com\/index.php?rest_route=\/wp\/v2\/users\/1"}],"replies":[{"embeddable":true,"href":"http:\/\/tvalaire.com\/index.php?rest_route=%2Fwp%2Fv2%2Fcomments&post=3508"}],"version-history":[{"count":1,"href":"http:\/\/tvalaire.com\/index.php?rest_route=\/wp\/v2\/posts\/3508\/revisions"}],"predecessor-version":[{"id":3512,"href":"http:\/\/tvalaire.com\/index.php?rest_route=\/wp\/v2\/posts\/3508\/revisions\/3512"}],"wp:featuredmedia":[{"embeddable":true,"href":"http:\/\/tvalaire.com\/index.php?rest_route=\/wp\/v2\/media\/3511"}],"wp:attachment":[{"href":"http:\/\/tvalaire.com\/index.php?rest_route=%2Fwp%2Fv2%2Fmedia&parent=3508"}],"wp:term":[{"taxonomy":"category","embeddable":true,"href":"http:\/\/tvalaire.com\/index.php?rest_route=%2Fwp%2Fv2%2Fcategories&post=3508"},{"taxonomy":"post_tag","embeddable":true,"href":"http:\/\/tvalaire.com\/index.php?rest_route=%2Fwp%2Fv2%2Ftags&post=3508"}],"curies":[{"name":"wp","href":"https:\/\/api.w.org\/{rel}","templated":true}]}}