{"id":3502,"date":"2018-03-12T10:43:50","date_gmt":"2018-03-12T16:43:50","guid":{"rendered":"http:\/\/tvalaire.com\/?p=3502"},"modified":"2018-03-12T10:43:50","modified_gmt":"2018-03-12T16:43:50","slug":"obras-por-6-mdp-se-entregaron-en-el-algodonal","status":"publish","type":"post","link":"http:\/\/tvalaire.com\/?p=3502","title":{"rendered":"OBRAS POR 6 MDP SE ENTREGARON EN EL ALGODONAL"},"content":{"rendered":"<p>Se entregaron obras por m\u00e1s de 6 mdp en la comunidad de El Algodonal, entre las obras inauguradas se encuentran; la biblioteca p\u00fablica \u201cIsidro Castillo P\u00e9rez\u201d, el cerco perimetral del Telebachillerato y el techo de la plaza c\u00edvica en la escuela primaria \u201cMelchor Ocampo\u201d, que se hicieron a trav\u00e9s del programa federal Fondo III.<\/p>\n<p>Esto, sin contar con otras obras con las cuales esta comunidad tambi\u00e9n se ha visto beneficiada entre ellas: la rehabilitaci\u00f3n de la Telesecundaria mediante la colocaci\u00f3n del piso y pintura. El sector agr\u00edcola tambi\u00e9n se vio beneficiado con la rehabilitaci\u00f3n de caminos sacacosecha de los cuales hasta el momento el se lleva 150 kil\u00f3metros. A trav\u00e9s del Programa de Vivienda los habitantes han obtenido apoyos con l\u00e1minas, termosolares, entre otros, as\u00ed como drenajes e instalaci\u00f3n de agua potable a trav\u00e9s del programa 3 X 1 Migrantes.<\/p>\n<p>\u201cSin lugar a dudas \u00e9sta, y ojal\u00e1 que las dem\u00e1s (comunidades) no se sientan, es la m\u00e1s beneficiada, principalmente en el tema de educaci\u00f3n\u201d, expuso el Alcalde durante el recorrido de inauguraci\u00f3n de tres de un total de seis obras con las que se benefici\u00f3 el a\u00f1o pasado este lugar.<\/p>\n<p>Mencion\u00f3 que todo esto es el reflejo de los frutos que ha generado su gesti\u00f3n. En el caso de la Biblioteca indic\u00f3 que el concepto que ten\u00edan de este espacio es complemente distinto y falta a\u00fan dotarla de los libros que en unos d\u00edas m\u00e1s el director General de Bibliotecas vendr\u00e1 a hacer para este espacio.<\/p>\n<p>El Alcalde quien estuvo acompa\u00f1ado por el S\u00edndico, algunos regidores y el director de Educaci\u00f3n, fue recibido en la comunidad por el encargado del orden Francisco Anguiano Alvarado; las directoras de la escuela primaria \u00c1ngeles Morales de la Primaria; Dafne Salcedo de la Telesecundaria; Nicolasa S\u00e1nchez de Telebachillerato; Pedro Ibarra Gonz\u00e1lez supervisor de la zona 066; David Ram\u00edrez coordinador de bibliotecas regionales, entre otros.<\/p>\n","protected":false},"excerpt":{"rendered":"<p>Se entregaron obras por m\u00e1s de 6 mdp en la comunidad de El Algodonal, entre&#8230;<\/p>\n","protected":false},"author":1,"featured_media":3496,"comment_status":"open","ping_status":"open","sticky":false,"template":"","format":"standard","meta":{"jetpack_post_was_ever_published":false,"_jetpack_newsletter_access":"","_jetpack_dont_email_post_to_subs":false,"_jetpack_newsletter_tier_id":0,"_jetpack_memberships_contains_paywalled_content":false,"_jetpack_memberships_contains_paid_content":false,"footnotes":"","jetpack_publicize_message":"","jetpack_publicize_feature_enabled":true,"jetpack_social_post_already_shared":false,"jetpack_social_options":{"image_generator_settings":{"template":"highway","enabled":false},"version":2}},"categories":[1],"tags":[15,36],"class_list":["post-3502","post","type-post","status-publish","format-standard","has-post-thumbnail","hentry","category-la-piedad","tag-la-piedad","tag-principales"],"jetpack_publicize_connections":[],"jetpack_sharing_enabled":true,"featured_image_urls":{"full":["http:\/\/tvalaire.com\/wp-content\/uploads\/2018\/03\/OBRAS-POR-6-MDP-SE-ENTREGARON-EN-EL-ALGODONAL.jpg",1024,683,false],"thumbnail":["http:\/\/tvalaire.com\/wp-content\/uploads\/2018\/03\/OBRAS-POR-6-MDP-SE-ENTREGARON-EN-EL-ALGODONAL-150x150.jpg",150,150,true],"medium":["http:\/\/tvalaire.com\/wp-content\/uploads\/2018\/03\/OBRAS-POR-6-MDP-SE-ENTREGARON-EN-EL-ALGODONAL-300x200.jpg",300,200,true],"medium_large":["http:\/\/tvalaire.com\/wp-content\/uploads\/2018\/03\/OBRAS-POR-6-MDP-SE-ENTREGARON-EN-EL-ALGODONAL-768x512.jpg",640,427,true],"large":["http:\/\/tvalaire.com\/wp-content\/uploads\/2018\/03\/OBRAS-POR-6-MDP-SE-ENTREGARON-EN-EL-ALGODONAL-1024x683.jpg",640,427,true],"post-slider-thumb-size":["http:\/\/tvalaire.com\/wp-content\/uploads\/2018\/03\/OBRAS-POR-6-MDP-SE-ENTREGARON-EN-EL-ALGODONAL.jpg",285,190,false],"post-category-slider-size":["http:\/\/tvalaire.com\/wp-content\/uploads\/2018\/03\/OBRAS-POR-6-MDP-SE-ENTREGARON-EN-EL-ALGODONAL.jpg",330,220,false],"1536x1536":["http:\/\/tvalaire.com\/wp-content\/uploads\/2018\/03\/OBRAS-POR-6-MDP-SE-ENTREGARON-EN-EL-ALGODONAL.jpg",1024,683,false],"2048x2048":["http:\/\/tvalaire.com\/wp-content\/uploads\/2018\/03\/OBRAS-POR-6-MDP-SE-ENTREGARON-EN-EL-ALGODONAL.jpg",1024,683,false],"newsium-slider-full":["http:\/\/tvalaire.com\/wp-content\/uploads\/2018\/03\/OBRAS-POR-6-MDP-SE-ENTREGARON-EN-EL-ALGODONAL.jpg",1024,683,false],"newsium-featured":["http:\/\/tvalaire.com\/wp-content\/uploads\/2018\/03\/OBRAS-POR-6-MDP-SE-ENTREGARON-EN-EL-ALGODONAL.jpg",1024,683,false],"newsium-medium":["http:\/\/tvalaire.com\/wp-content\/uploads\/2018\/03\/OBRAS-POR-6-MDP-SE-ENTREGARON-EN-EL-ALGODONAL.jpg",712,475,false]},"author_info":{"info":["tvalairenoti"]},"category_info":"<a href=\"http:\/\/tvalaire.com\/?cat=1\" rel=\"category\">La Piedad<\/a>","tag_info":"La Piedad","comment_count":"0","jetpack_featured_media_url":"http:\/\/tvalaire.com\/wp-content\/uploads\/2018\/03\/OBRAS-POR-6-MDP-SE-ENTREGARON-EN-EL-ALGODONAL.jpg","_links":{"self":[{"href":"http:\/\/tvalaire.com\/index.php?rest_route=\/wp\/v2\/posts\/3502"}],"collection":[{"href":"http:\/\/tvalaire.com\/index.php?rest_route=\/wp\/v2\/posts"}],"about":[{"href":"http:\/\/tvalaire.com\/index.php?rest_route=\/wp\/v2\/types\/post"}],"author":[{"embeddable":true,"href":"http:\/\/tvalaire.com\/index.php?rest_route=\/wp\/v2\/users\/1"}],"replies":[{"embeddable":true,"href":"http:\/\/tvalaire.com\/index.php?rest_route=%2Fwp%2Fv2%2Fcomments&post=3502"}],"version-history":[{"count":1,"href":"http:\/\/tvalaire.com\/index.php?rest_route=\/wp\/v2\/posts\/3502\/revisions"}],"predecessor-version":[{"id":3503,"href":"http:\/\/tvalaire.com\/index.php?rest_route=\/wp\/v2\/posts\/3502\/revisions\/3503"}],"wp:featuredmedia":[{"embeddable":true,"href":"http:\/\/tvalaire.com\/index.php?rest_route=\/wp\/v2\/media\/3496"}],"wp:attachment":[{"href":"http:\/\/tvalaire.com\/index.php?rest_route=%2Fwp%2Fv2%2Fmedia&parent=3502"}],"wp:term":[{"taxonomy":"category","embeddable":true,"href":"http:\/\/tvalaire.com\/index.php?rest_route=%2Fwp%2Fv2%2Fcategories&post=3502"},{"taxonomy":"post_tag","embeddable":true,"href":"http:\/\/tvalaire.com\/index.php?rest_route=%2Fwp%2Fv2%2Ftags&post=3502"}],"curies":[{"name":"wp","href":"https:\/\/api.w.org\/{rel}","templated":true}]}}