{"id":3500,"date":"2018-03-12T10:42:54","date_gmt":"2018-03-12T16:42:54","guid":{"rendered":"http:\/\/tvalaire.com\/?p=3500"},"modified":"2018-03-12T10:42:54","modified_gmt":"2018-03-12T16:42:54","slug":"la-piedad-abre-sus-puertas-al-festival-mundial-de-danza-y-artes","status":"publish","type":"post","link":"http:\/\/tvalaire.com\/?p=3500","title":{"rendered":"LA PIEDAD ABRE SUS PUERTAS AL FESTIVAL MUNDIAL DE DANZA Y ARTES"},"content":{"rendered":"<p>Como una muestra del inter\u00e9s por establecer un intercambio cultural, se tiene ya la fecha para la realizaci\u00f3n del Festival Mundial de Danza y Artes 2018, en el cual se contar\u00e1 con la participaci\u00f3n de pa\u00edses como Colombia y Ecuador, as\u00ed como representativos de los estados de Colima, Veracruz y Jalisco.<\/p>\n<p>A los grupos representativos de estos pa\u00edses y estados del interior de la Rep\u00fablica, los acompa\u00f1a tambi\u00e9n el ballet infantil del DIF Municipal.<\/p>\n<p>El objetivo de traer este festival a La Piedad es atraer la cultura a los habitantes y el que conozcan del folclor de otros pa\u00edses y de estados del interior de la Rep\u00fablica, fomentando entre la poblaci\u00f3n el gusto por la m\u00fasica y el baile.<\/p>\n<p>De acuerdo al programa que se tiene establecido, el martes 13 de marzo que inicia el Festival Mundial de Danza, arranca con los ballets de Ecuador y el Contempor\u00e1neo de Colombia. El mi\u00e9rcoles 14 de marzo, se presenta el ballet de Colombia tradicional. El jueves 15 de marzo el Janikua de Jalisco. El viernes 16 de marzo el ballet I Love Salsa &amp; Salsa Kids del estado de Colima.<\/p>\n<p>El s\u00e1bado 17 de marzo arribar\u00e1 el ballet folcl\u00f3rico Xochipilli de la Antigua del estado de Veracruz y domingo 18 de marzo cerrar\u00e1n Ecuador y Colombia Contempor\u00e1nea.<\/p>\n<p>Las presentaciones de todos los ballets se har\u00e1n en la Plaza Principal a partir de las 19:00 horas, por lo que la direcci\u00f3n de Cultura invit\u00f3 a la poblaci\u00f3n a disfrutar del ambiente y el colorido de este festival con el cual tambi\u00e9n se prev\u00e9 incentivar la econom\u00eda.<\/p>\n<p>&nbsp;<\/p>\n<p>&nbsp;<\/p>\n","protected":false},"excerpt":{"rendered":"<p>Como una muestra del inter\u00e9s por establecer un intercambio cultural, se tiene ya la fecha&#8230;<\/p>\n","protected":false},"author":1,"featured_media":3497,"comment_status":"open","ping_status":"open","sticky":false,"template":"","format":"standard","meta":{"jetpack_post_was_ever_published":false,"_jetpack_newsletter_access":"","_jetpack_dont_email_post_to_subs":false,"_jetpack_newsletter_tier_id":0,"_jetpack_memberships_contains_paywalled_content":false,"_jetpack_memberships_contains_paid_content":false,"footnotes":"","jetpack_publicize_message":"","jetpack_publicize_feature_enabled":true,"jetpack_social_post_already_shared":false,"jetpack_social_options":{"image_generator_settings":{"template":"highway","enabled":false},"version":2}},"categories":[1],"tags":[15],"class_list":["post-3500","post","type-post","status-publish","format-standard","has-post-thumbnail","hentry","category-la-piedad","tag-la-piedad"],"jetpack_publicize_connections":[],"jetpack_sharing_enabled":true,"featured_image_urls":{"full":["http:\/\/tvalaire.com\/wp-content\/uploads\/2018\/03\/LA-PIEDAD-ABRE-SUS-PUERTAS-AL-FESTIVAL-MUNDIAL-DE-DANZA-Y-ARTES.jpg",1221,731,false],"thumbnail":["http:\/\/tvalaire.com\/wp-content\/uploads\/2018\/03\/LA-PIEDAD-ABRE-SUS-PUERTAS-AL-FESTIVAL-MUNDIAL-DE-DANZA-Y-ARTES-150x150.jpg",150,150,true],"medium":["http:\/\/tvalaire.com\/wp-content\/uploads\/2018\/03\/LA-PIEDAD-ABRE-SUS-PUERTAS-AL-FESTIVAL-MUNDIAL-DE-DANZA-Y-ARTES-300x180.jpg",300,180,true],"medium_large":["http:\/\/tvalaire.com\/wp-content\/uploads\/2018\/03\/LA-PIEDAD-ABRE-SUS-PUERTAS-AL-FESTIVAL-MUNDIAL-DE-DANZA-Y-ARTES-768x460.jpg",640,383,true],"large":["http:\/\/tvalaire.com\/wp-content\/uploads\/2018\/03\/LA-PIEDAD-ABRE-SUS-PUERTAS-AL-FESTIVAL-MUNDIAL-DE-DANZA-Y-ARTES-1024x613.jpg",640,383,true],"post-slider-thumb-size":["http:\/\/tvalaire.com\/wp-content\/uploads\/2018\/03\/LA-PIEDAD-ABRE-SUS-PUERTAS-AL-FESTIVAL-MUNDIAL-DE-DANZA-Y-ARTES.jpg",317,190,false],"post-category-slider-size":["http:\/\/tvalaire.com\/wp-content\/uploads\/2018\/03\/LA-PIEDAD-ABRE-SUS-PUERTAS-AL-FESTIVAL-MUNDIAL-DE-DANZA-Y-ARTES.jpg",330,198,false],"1536x1536":["http:\/\/tvalaire.com\/wp-content\/uploads\/2018\/03\/LA-PIEDAD-ABRE-SUS-PUERTAS-AL-FESTIVAL-MUNDIAL-DE-DANZA-Y-ARTES.jpg",1221,731,false],"2048x2048":["http:\/\/tvalaire.com\/wp-content\/uploads\/2018\/03\/LA-PIEDAD-ABRE-SUS-PUERTAS-AL-FESTIVAL-MUNDIAL-DE-DANZA-Y-ARTES.jpg",1221,731,false],"newsium-slider-full":["http:\/\/tvalaire.com\/wp-content\/uploads\/2018\/03\/LA-PIEDAD-ABRE-SUS-PUERTAS-AL-FESTIVAL-MUNDIAL-DE-DANZA-Y-ARTES.jpg",1221,731,false],"newsium-featured":["http:\/\/tvalaire.com\/wp-content\/uploads\/2018\/03\/LA-PIEDAD-ABRE-SUS-PUERTAS-AL-FESTIVAL-MUNDIAL-DE-DANZA-Y-ARTES.jpg",1024,613,false],"newsium-medium":["http:\/\/tvalaire.com\/wp-content\/uploads\/2018\/03\/LA-PIEDAD-ABRE-SUS-PUERTAS-AL-FESTIVAL-MUNDIAL-DE-DANZA-Y-ARTES.jpg",720,431,false]},"author_info":{"info":["tvalairenoti"]},"category_info":"<a href=\"http:\/\/tvalaire.com\/?cat=1\" rel=\"category\">La Piedad<\/a>","tag_info":"La Piedad","comment_count":"0","jetpack_featured_media_url":"http:\/\/tvalaire.com\/wp-content\/uploads\/2018\/03\/LA-PIEDAD-ABRE-SUS-PUERTAS-AL-FESTIVAL-MUNDIAL-DE-DANZA-Y-ARTES.jpg","_links":{"self":[{"href":"http:\/\/tvalaire.com\/index.php?rest_route=\/wp\/v2\/posts\/3500"}],"collection":[{"href":"http:\/\/tvalaire.com\/index.php?rest_route=\/wp\/v2\/posts"}],"about":[{"href":"http:\/\/tvalaire.com\/index.php?rest_route=\/wp\/v2\/types\/post"}],"author":[{"embeddable":true,"href":"http:\/\/tvalaire.com\/index.php?rest_route=\/wp\/v2\/users\/1"}],"replies":[{"embeddable":true,"href":"http:\/\/tvalaire.com\/index.php?rest_route=%2Fwp%2Fv2%2Fcomments&post=3500"}],"version-history":[{"count":1,"href":"http:\/\/tvalaire.com\/index.php?rest_route=\/wp\/v2\/posts\/3500\/revisions"}],"predecessor-version":[{"id":3501,"href":"http:\/\/tvalaire.com\/index.php?rest_route=\/wp\/v2\/posts\/3500\/revisions\/3501"}],"wp:featuredmedia":[{"embeddable":true,"href":"http:\/\/tvalaire.com\/index.php?rest_route=\/wp\/v2\/media\/3497"}],"wp:attachment":[{"href":"http:\/\/tvalaire.com\/index.php?rest_route=%2Fwp%2Fv2%2Fmedia&parent=3500"}],"wp:term":[{"taxonomy":"category","embeddable":true,"href":"http:\/\/tvalaire.com\/index.php?rest_route=%2Fwp%2Fv2%2Fcategories&post=3500"},{"taxonomy":"post_tag","embeddable":true,"href":"http:\/\/tvalaire.com\/index.php?rest_route=%2Fwp%2Fv2%2Ftags&post=3500"}],"curies":[{"name":"wp","href":"https:\/\/api.w.org\/{rel}","templated":true}]}}