{"id":3482,"date":"2018-03-05T09:00:58","date_gmt":"2018-03-05T15:00:58","guid":{"rendered":"http:\/\/tvalaire.com\/?p=3482"},"modified":"2018-03-05T09:00:58","modified_gmt":"2018-03-05T15:00:58","slug":"arranco-programa-proximidad-social-de-la-prevencion-de-delitos-ciberneticos-en-las-escuelas","status":"publish","type":"post","link":"http:\/\/tvalaire.com\/?p=3482","title":{"rendered":"ARRANC\u00d3 PROGRAMA \u201cPROXIMIDAD SOCIAL DE LA PREVENCI\u00d3N DE DELITOS CIBERN\u00c9TICOS\u201d EN LAS ESCUELAS"},"content":{"rendered":"<p>La Polic\u00eda Federal arranc\u00f3 el programa de \u201cProximidad social de la Prevenci\u00f3n de Delitos Cibern\u00e9ticos\u201d, en la escuela Secundaria T\u00e9cnica No. 20 en la cual se cont\u00f3 con la participaci\u00f3n de 360 alumnos atendidos en dos sesiones.<\/p>\n<p>El objetivo de esta campa\u00f1a es reconstruir el tejido social y prevenir el delito entre esta poblaci\u00f3n estudiantil, que son los m\u00e1s propensos en ser sorprendidos a trav\u00e9s de las redes sociales por personas que se dedican a delinquir.<\/p>\n<p>Este programa busca prevenir este tipo de delitos en donde las personas que son el objetivo de los delincuentes son los adolescentes y j\u00f3venes a quienes interceptan a trav\u00e8s de las redes sociales.<\/p>\n<p>En esta campa\u00f1a participa la Polic\u00eda Federal en coordinaci\u00f3n con la direcci\u00f3n de Educaci\u00f3n y la Universidad del Valle de Atemajac (UNIVA).<\/p>\n<p>Este programa ser\u00e1 replicado en todas las instituciones, ya que el objetivo es hacer llegar la pl\u00e1tica a todos los adolescentes y j\u00f3venes del municipio, para alertarlos sobre nueva forma que utiliza los delincuentes para hacer caer a este sector de la poblaci\u00f3n que es muy vulnerable.<\/p>\n<p>Para ello se les recomend\u00f3 no proporcionar todos sus datos ni informaci\u00f3n de ellos o sus familiares que los pueda poner en peligro.<\/p>\n<p>&nbsp;<\/p>\n","protected":false},"excerpt":{"rendered":"<p>La Polic\u00eda Federal arranc\u00f3 el programa de \u201cProximidad social de la Prevenci\u00f3n de Delitos Cibern\u00e9ticos\u201d,&#8230;<\/p>\n","protected":false},"author":1,"featured_media":3483,"comment_status":"open","ping_status":"open","sticky":false,"template":"","format":"standard","meta":{"jetpack_post_was_ever_published":false,"_jetpack_newsletter_access":"","_jetpack_dont_email_post_to_subs":false,"_jetpack_newsletter_tier_id":0,"_jetpack_memberships_contains_paywalled_content":false,"_jetpack_memberships_contains_paid_content":false,"footnotes":"","jetpack_publicize_message":"","jetpack_publicize_feature_enabled":true,"jetpack_social_post_already_shared":false,"jetpack_social_options":{"image_generator_settings":{"template":"highway","enabled":false},"version":2}},"categories":[1],"tags":[15,36],"class_list":["post-3482","post","type-post","status-publish","format-standard","has-post-thumbnail","hentry","category-la-piedad","tag-la-piedad","tag-principales"],"jetpack_publicize_connections":[],"jetpack_sharing_enabled":true,"featured_image_urls":{"full":["http:\/\/tvalaire.com\/wp-content\/uploads\/2018\/03\/ARRANC\u00d3-PROGRAMA-\u201cPROXIMIDAD-SOCIAL-DE-LA-PREVENCI\u00d3N-DE-DELITOS-CIBERN\u00c9TICOS\u201d-EN-LAS-ESCUELAS2.jpg",1280,720,false],"thumbnail":["http:\/\/tvalaire.com\/wp-content\/uploads\/2018\/03\/ARRANC\u00d3-PROGRAMA-\u201cPROXIMIDAD-SOCIAL-DE-LA-PREVENCI\u00d3N-DE-DELITOS-CIBERN\u00c9TICOS\u201d-EN-LAS-ESCUELAS2-150x150.jpg",150,150,true],"medium":["http:\/\/tvalaire.com\/wp-content\/uploads\/2018\/03\/ARRANC\u00d3-PROGRAMA-\u201cPROXIMIDAD-SOCIAL-DE-LA-PREVENCI\u00d3N-DE-DELITOS-CIBERN\u00c9TICOS\u201d-EN-LAS-ESCUELAS2-300x169.jpg",300,169,true],"medium_large":["http:\/\/tvalaire.com\/wp-content\/uploads\/2018\/03\/ARRANC\u00d3-PROGRAMA-\u201cPROXIMIDAD-SOCIAL-DE-LA-PREVENCI\u00d3N-DE-DELITOS-CIBERN\u00c9TICOS\u201d-EN-LAS-ESCUELAS2-768x432.jpg",640,360,true],"large":["http:\/\/tvalaire.com\/wp-content\/uploads\/2018\/03\/ARRANC\u00d3-PROGRAMA-\u201cPROXIMIDAD-SOCIAL-DE-LA-PREVENCI\u00d3N-DE-DELITOS-CIBERN\u00c9TICOS\u201d-EN-LAS-ESCUELAS2-1024x576.jpg",640,360,true],"post-slider-thumb-size":["http:\/\/tvalaire.com\/wp-content\/uploads\/2018\/03\/ARRANC\u00d3-PROGRAMA-\u201cPROXIMIDAD-SOCIAL-DE-LA-PREVENCI\u00d3N-DE-DELITOS-CIBERN\u00c9TICOS\u201d-EN-LAS-ESCUELAS2.jpg",330,186,false],"post-category-slider-size":["http:\/\/tvalaire.com\/wp-content\/uploads\/2018\/03\/ARRANC\u00d3-PROGRAMA-\u201cPROXIMIDAD-SOCIAL-DE-LA-PREVENCI\u00d3N-DE-DELITOS-CIBERN\u00c9TICOS\u201d-EN-LAS-ESCUELAS2.jpg",330,186,false],"1536x1536":["http:\/\/tvalaire.com\/wp-content\/uploads\/2018\/03\/ARRANC\u00d3-PROGRAMA-\u201cPROXIMIDAD-SOCIAL-DE-LA-PREVENCI\u00d3N-DE-DELITOS-CIBERN\u00c9TICOS\u201d-EN-LAS-ESCUELAS2.jpg",1280,720,false],"2048x2048":["http:\/\/tvalaire.com\/wp-content\/uploads\/2018\/03\/ARRANC\u00d3-PROGRAMA-\u201cPROXIMIDAD-SOCIAL-DE-LA-PREVENCI\u00d3N-DE-DELITOS-CIBERN\u00c9TICOS\u201d-EN-LAS-ESCUELAS2.jpg",1280,720,false],"newsium-slider-full":["http:\/\/tvalaire.com\/wp-content\/uploads\/2018\/03\/ARRANC\u00d3-PROGRAMA-\u201cPROXIMIDAD-SOCIAL-DE-LA-PREVENCI\u00d3N-DE-DELITOS-CIBERN\u00c9TICOS\u201d-EN-LAS-ESCUELAS2.jpg",1280,720,false],"newsium-featured":["http:\/\/tvalaire.com\/wp-content\/uploads\/2018\/03\/ARRANC\u00d3-PROGRAMA-\u201cPROXIMIDAD-SOCIAL-DE-LA-PREVENCI\u00d3N-DE-DELITOS-CIBERN\u00c9TICOS\u201d-EN-LAS-ESCUELAS2.jpg",1024,576,false],"newsium-medium":["http:\/\/tvalaire.com\/wp-content\/uploads\/2018\/03\/ARRANC\u00d3-PROGRAMA-\u201cPROXIMIDAD-SOCIAL-DE-LA-PREVENCI\u00d3N-DE-DELITOS-CIBERN\u00c9TICOS\u201d-EN-LAS-ESCUELAS2.jpg",720,405,false]},"author_info":{"info":["tvalairenoti"]},"category_info":"<a href=\"http:\/\/tvalaire.com\/?cat=1\" rel=\"category\">La Piedad<\/a>","tag_info":"La Piedad","comment_count":"0","jetpack_featured_media_url":"http:\/\/tvalaire.com\/wp-content\/uploads\/2018\/03\/ARRANC\u00d3-PROGRAMA-\u201cPROXIMIDAD-SOCIAL-DE-LA-PREVENCI\u00d3N-DE-DELITOS-CIBERN\u00c9TICOS\u201d-EN-LAS-ESCUELAS2.jpg","_links":{"self":[{"href":"http:\/\/tvalaire.com\/index.php?rest_route=\/wp\/v2\/posts\/3482"}],"collection":[{"href":"http:\/\/tvalaire.com\/index.php?rest_route=\/wp\/v2\/posts"}],"about":[{"href":"http:\/\/tvalaire.com\/index.php?rest_route=\/wp\/v2\/types\/post"}],"author":[{"embeddable":true,"href":"http:\/\/tvalaire.com\/index.php?rest_route=\/wp\/v2\/users\/1"}],"replies":[{"embeddable":true,"href":"http:\/\/tvalaire.com\/index.php?rest_route=%2Fwp%2Fv2%2Fcomments&post=3482"}],"version-history":[{"count":1,"href":"http:\/\/tvalaire.com\/index.php?rest_route=\/wp\/v2\/posts\/3482\/revisions"}],"predecessor-version":[{"id":3485,"href":"http:\/\/tvalaire.com\/index.php?rest_route=\/wp\/v2\/posts\/3482\/revisions\/3485"}],"wp:featuredmedia":[{"embeddable":true,"href":"http:\/\/tvalaire.com\/index.php?rest_route=\/wp\/v2\/media\/3483"}],"wp:attachment":[{"href":"http:\/\/tvalaire.com\/index.php?rest_route=%2Fwp%2Fv2%2Fmedia&parent=3482"}],"wp:term":[{"taxonomy":"category","embeddable":true,"href":"http:\/\/tvalaire.com\/index.php?rest_route=%2Fwp%2Fv2%2Fcategories&post=3482"},{"taxonomy":"post_tag","embeddable":true,"href":"http:\/\/tvalaire.com\/index.php?rest_route=%2Fwp%2Fv2%2Ftags&post=3482"}],"curies":[{"name":"wp","href":"https:\/\/api.w.org\/{rel}","templated":true}]}}