{"id":345,"date":"2017-02-07T09:46:29","date_gmt":"2017-02-07T15:46:29","guid":{"rendered":"http:\/\/tvalaire.com\/?p=345"},"modified":"2017-02-07T09:46:29","modified_gmt":"2017-02-07T15:46:29","slug":"firma-alcalde-acta-de-actividades-por-aniversario-de-la-carta-magna","status":"publish","type":"post","link":"http:\/\/tvalaire.com\/?p=345","title":{"rendered":"FIRMA ALCALDE ACTA DE ACTIVIDADES POR ANIVERSARIO DE LA CARTA MAGNA"},"content":{"rendered":"<p>El presidente municipal, Juan Manuel Estrada Medina firm\u00f3 ayer por la noche el acta que se redact\u00f3 al t\u00e9rmino de las actividades que el Gobierno Municipal en colaboraci\u00f3n con el Comit\u00e9 Pro Festejos del 100 Aniversario de la Promulgaci\u00f3n de la Constituci\u00f3n de 1917 realizaron para conmemorar la fecha; en total se hicieron cinco tantos, uno ser\u00e1 enviado al Archivo Hist\u00f3rico Nacional, uno m\u00e1s a la Sociedad Mexicana de Geograf\u00eda y Estad\u00edstica; uno para el Comit\u00e9, otro para el Archivo Municipal y un \u00faltimo a la biblioteca \u201cJ. Jes\u00fas Romero Flores\u201d.<\/p>\n<p>Las actividades que se prepararon para celebrar el Centenario de la Promulgaci\u00f3n de la Carta Magna, iniciaron por la ma\u00f1ana con el acto c\u00edvico y develaci\u00f3n de una placa en el Mercado Municipal \u201cGildardo Maga\u00f1a\u201d en la entrada de la calle 5 de Febrero. Por la tarde, el historiador Fernando Tejeda Alvarado y Rolando Flores Ayala dictaron la conferencia, el Centinela de la Constituci\u00f3n como se le llam\u00f3 al piedadense J. Jes\u00fas Romero Flores, quien fuera uno de los \u00faltimos constituyentes quien colabor\u00f3 en la realizaci\u00f3n de este documento que es el que actualmente rige la vida de los mexicanos.<\/p>\n<p>Por primera ocasi\u00f3n se dict\u00f3 una conferencia a la intemperie en la calle Guelatao, frente a la casa donde naci\u00f3 el profesor piedadense, J. Jes\u00fas Romero Flores, quien form\u00f3 parte del Congreso Constituyente que estuvo formado por 117 integrantes y \u00e9l fuera el \u00faltimo en morir, de ah\u00ed que lo hayan llamado el Centinela de la Constituci\u00f3n.<\/p>\n<p>Fernando Tejeda dio un relato de la vida del profesor J. Jes\u00fas Romero Flores, as\u00ed como de la \u00e9poca que se viv\u00eda en el pa\u00eds antes de haber sido elaborada la Constituci\u00f3n de 1917. Destac\u00f3 que para su elaboraci\u00f3n se convoc\u00f3 a 117 constituyentes de toda la rep\u00fablica, quienes trabajaron desde 1916 para su elaboraci\u00f3n la cual fue hecha con antecedentes de ideales liberales, enalteciendo los derechos del hombre y la equidad.<\/p>\n<p>Adem\u00e1s al profesor J. Jes\u00fas Romero Flores se le debe la mayor\u00eda de las leyes sobre la educaci\u00f3n y haber dejado una gran cantidad de obras literarias. Recibi\u00f3 varios reconocimientos entre ellos el Belisario Dom\u00ednguez que otorga el Senado de la Rep\u00fablica. La Piedad lo ha reconocido tambi\u00e9n pues existen dos escuelas que llevan su nombre, una uni\u00f3n de comerciantes y una de taxistas, as\u00ed como un espacio deportivo.<\/p>\n<p>Rolando Flores se refiri\u00f3 a la Constituci\u00f3n como un documento de los m\u00e1s antiguos de Am\u00e9rica Latina, que cuenta con 699 decretos que la reformaron. Cuenta con 136 art\u00edculos de los cuales algunos ya han reformado sobre todo los de derechos sociales como el art\u00edculo 123 que ha sido reformado 26 veces. La Constituci\u00f3n estuvo elaborada originalmente con 20 mil palabras y ahora cuenta con 70 mil.<\/p>\n<p>Al t\u00e9rmino de la conferencia se aprovech\u00f3 para develar una segunda placa ahora en la casa que lo vio nacer. Posteriormente los integrantes del Ayuntamiento e invitados se dirigieron al Jard\u00edn \u201cMarcos H. Pulido\u201d donde se encuentra el busto del Prof. J. Jes\u00fas Romero Flores para montar guardia de honor y recorrer la plaza para observar la placa en cantera que se ubica en el kiosco de esa plazoleta. De ah\u00ed, se dirigieron a la biblioteca p\u00fablica que lleva el nombre de este pr\u00f3cer de la naci\u00f3n para firmar el acta donde los organizadores dieron cuenta de las actividades conmemorativas de estos 100 a\u00f1os de la Promulgaci\u00f3n de la Constituci\u00f3n Pol\u00edtica de 1917.<\/p>\n","protected":false},"excerpt":{"rendered":"<p>El presidente municipal, Juan Manuel Estrada Medina firm\u00f3 ayer por la noche el acta que&#8230;<\/p>\n","protected":false},"author":1,"featured_media":347,"comment_status":"open","ping_status":"open","sticky":false,"template":"","format":"standard","meta":{"jetpack_post_was_ever_published":false,"_jetpack_newsletter_access":"","_jetpack_dont_email_post_to_subs":false,"_jetpack_newsletter_tier_id":0,"_jetpack_memberships_contains_paywalled_content":false,"_jetpack_memberships_contains_paid_content":false,"footnotes":"","jetpack_publicize_message":"","jetpack_publicize_feature_enabled":true,"jetpack_social_post_already_shared":false,"jetpack_social_options":{"image_generator_settings":{"template":"highway","enabled":false},"version":2}},"categories":[1],"tags":[15,36],"class_list":["post-345","post","type-post","status-publish","format-standard","has-post-thumbnail","hentry","category-la-piedad","tag-la-piedad","tag-principales"],"jetpack_publicize_connections":[],"jetpack_sharing_enabled":true,"featured_image_urls":{"full":["http:\/\/tvalaire.com\/wp-content\/uploads\/2017\/02\/FIRMA-ALCALDE-ACTA-DE-ACTIVIDADES-POR-ANIVERSARIO-DE-LA-CARTA-MAGNA.jpg",1100,733,false],"thumbnail":["http:\/\/tvalaire.com\/wp-content\/uploads\/2017\/02\/FIRMA-ALCALDE-ACTA-DE-ACTIVIDADES-POR-ANIVERSARIO-DE-LA-CARTA-MAGNA-150x150.jpg",150,150,true],"medium":["http:\/\/tvalaire.com\/wp-content\/uploads\/2017\/02\/FIRMA-ALCALDE-ACTA-DE-ACTIVIDADES-POR-ANIVERSARIO-DE-LA-CARTA-MAGNA-300x200.jpg",300,200,true],"medium_large":["http:\/\/tvalaire.com\/wp-content\/uploads\/2017\/02\/FIRMA-ALCALDE-ACTA-DE-ACTIVIDADES-POR-ANIVERSARIO-DE-LA-CARTA-MAGNA-768x512.jpg",640,427,true],"large":["http:\/\/tvalaire.com\/wp-content\/uploads\/2017\/02\/FIRMA-ALCALDE-ACTA-DE-ACTIVIDADES-POR-ANIVERSARIO-DE-LA-CARTA-MAGNA-1024x682.jpg",640,426,true],"post-slider-thumb-size":["http:\/\/tvalaire.com\/wp-content\/uploads\/2017\/02\/FIRMA-ALCALDE-ACTA-DE-ACTIVIDADES-POR-ANIVERSARIO-DE-LA-CARTA-MAGNA.jpg",285,190,false],"post-category-slider-size":["http:\/\/tvalaire.com\/wp-content\/uploads\/2017\/02\/FIRMA-ALCALDE-ACTA-DE-ACTIVIDADES-POR-ANIVERSARIO-DE-LA-CARTA-MAGNA.jpg",330,220,false],"1536x1536":["http:\/\/tvalaire.com\/wp-content\/uploads\/2017\/02\/FIRMA-ALCALDE-ACTA-DE-ACTIVIDADES-POR-ANIVERSARIO-DE-LA-CARTA-MAGNA.jpg",1100,733,false],"2048x2048":["http:\/\/tvalaire.com\/wp-content\/uploads\/2017\/02\/FIRMA-ALCALDE-ACTA-DE-ACTIVIDADES-POR-ANIVERSARIO-DE-LA-CARTA-MAGNA.jpg",1100,733,false],"newsium-slider-full":["http:\/\/tvalaire.com\/wp-content\/uploads\/2017\/02\/FIRMA-ALCALDE-ACTA-DE-ACTIVIDADES-POR-ANIVERSARIO-DE-LA-CARTA-MAGNA.jpg",1100,733,false],"newsium-featured":["http:\/\/tvalaire.com\/wp-content\/uploads\/2017\/02\/FIRMA-ALCALDE-ACTA-DE-ACTIVIDADES-POR-ANIVERSARIO-DE-LA-CARTA-MAGNA.jpg",1024,682,false],"newsium-medium":["http:\/\/tvalaire.com\/wp-content\/uploads\/2017\/02\/FIRMA-ALCALDE-ACTA-DE-ACTIVIDADES-POR-ANIVERSARIO-DE-LA-CARTA-MAGNA.jpg",713,475,false]},"author_info":{"info":["tvalairenoti"]},"category_info":"<a href=\"http:\/\/tvalaire.com\/?cat=1\" rel=\"category\">La Piedad<\/a>","tag_info":"La Piedad","comment_count":"0","jetpack_featured_media_url":"http:\/\/tvalaire.com\/wp-content\/uploads\/2017\/02\/FIRMA-ALCALDE-ACTA-DE-ACTIVIDADES-POR-ANIVERSARIO-DE-LA-CARTA-MAGNA.jpg","_links":{"self":[{"href":"http:\/\/tvalaire.com\/index.php?rest_route=\/wp\/v2\/posts\/345"}],"collection":[{"href":"http:\/\/tvalaire.com\/index.php?rest_route=\/wp\/v2\/posts"}],"about":[{"href":"http:\/\/tvalaire.com\/index.php?rest_route=\/wp\/v2\/types\/post"}],"author":[{"embeddable":true,"href":"http:\/\/tvalaire.com\/index.php?rest_route=\/wp\/v2\/users\/1"}],"replies":[{"embeddable":true,"href":"http:\/\/tvalaire.com\/index.php?rest_route=%2Fwp%2Fv2%2Fcomments&post=345"}],"version-history":[{"count":1,"href":"http:\/\/tvalaire.com\/index.php?rest_route=\/wp\/v2\/posts\/345\/revisions"}],"predecessor-version":[{"id":348,"href":"http:\/\/tvalaire.com\/index.php?rest_route=\/wp\/v2\/posts\/345\/revisions\/348"}],"wp:featuredmedia":[{"embeddable":true,"href":"http:\/\/tvalaire.com\/index.php?rest_route=\/wp\/v2\/media\/347"}],"wp:attachment":[{"href":"http:\/\/tvalaire.com\/index.php?rest_route=%2Fwp%2Fv2%2Fmedia&parent=345"}],"wp:term":[{"taxonomy":"category","embeddable":true,"href":"http:\/\/tvalaire.com\/index.php?rest_route=%2Fwp%2Fv2%2Fcategories&post=345"},{"taxonomy":"post_tag","embeddable":true,"href":"http:\/\/tvalaire.com\/index.php?rest_route=%2Fwp%2Fv2%2Ftags&post=345"}],"curies":[{"name":"wp","href":"https:\/\/api.w.org\/{rel}","templated":true}]}}