{"id":3354,"date":"2018-01-30T11:22:16","date_gmt":"2018-01-30T17:22:16","guid":{"rendered":"http:\/\/tvalaire.com\/?p=3354"},"modified":"2018-01-30T11:22:16","modified_gmt":"2018-01-30T17:22:16","slug":"aprehende-pgje-a-implicado-en-homicidio-de-menor-en-la-piedad","status":"publish","type":"post","link":"http:\/\/tvalaire.com\/?p=3354","title":{"rendered":"Aprehende PGJE a implicado en homicidio de menor en La Piedad"},"content":{"rendered":"<ul>\n<li>La menor fue localizada sin vida el pasado 25 de enero; el detenido es su t\u00edo.<\/li>\n<li>Garantiza PGJE aplicaci\u00f3n de la ley en todo hecho que atente contra la integridad de la ni\u00f1ez \u00a0y mujer michoacana.<\/li>\n<\/ul>\n<p>La Procuradur\u00eda General de Justicia cumpliment\u00f3 orden de aprehensi\u00f3n en contra de un hombre relacionado en el homicidio de su sobrina, hecho ocurrido el pasado 25 de enero en esta ciudad.<\/p>\n<p>Ante el Juez de Control ser\u00e1 presentado Juan Ram\u00f3n F., quien de acuerdo a datos de prueba se encontraba de visita el pasado jueves en el domicilio de su hermana en la colonia El Camich\u00edn, y en un momento determinado sali\u00f3 de \u00a0la casa en compa\u00f1\u00eda de su sobrina menor de edad, con la finalidad de ir a la tienda.<\/p>\n<p>M\u00e1s tarde, Juan Ram\u00f3n F., regres\u00f3 a la casa de su hermana y abord\u00f3 \u00a0su camioneta en la que se retir\u00f3, asegurando desconocer el paradero a la ni\u00f1a.<\/p>\n<p>Aproximadamente a las 16:30 horas fue localizado el cuerpo sin vida de la menor, por lo que se hizo de conocimiento a las autoridades determin\u00e1ndose, mediante necropsia, que la causa del deceso fue asfixia mec\u00e1nica por estrangulamiento.<\/p>\n<p>Con datos de prueba recabados por la Fiscal\u00eda Regional, se solicit\u00f3 la respectiva orden de aprehensi\u00f3n en contra de Juan Ram\u00f3n F., quien fue detenido el d\u00eda de ayer, por lo que en las pr\u00f3ximas horas se presentar\u00e1 \u00a0ante el Juez de Control para que resuelva su situaci\u00f3n jur\u00eddica.<\/p>\n<p>La Procuradur\u00eda General de Justicia del Estado reitera su compromiso de garantizar el acceso a la justicia a las mujeres, como un derecho humano que no est\u00e1 sujeto a condiciones, as\u00ed como a mantener una pol\u00edtica con perspectiva de g\u00e9nero y cero impunidad.<\/p>\n<p>&nbsp;<\/p>\n","protected":false},"excerpt":{"rendered":"<p>La menor fue localizada sin vida el pasado 25 de enero; el detenido es su&#8230;<\/p>\n","protected":false},"author":1,"featured_media":3351,"comment_status":"open","ping_status":"open","sticky":false,"template":"","format":"standard","meta":{"jetpack_post_was_ever_published":false,"_jetpack_newsletter_access":"","_jetpack_dont_email_post_to_subs":false,"_jetpack_newsletter_tier_id":0,"_jetpack_memberships_contains_paywalled_content":false,"_jetpack_memberships_contains_paid_content":false,"footnotes":"","jetpack_publicize_message":"","jetpack_publicize_feature_enabled":true,"jetpack_social_post_already_shared":false,"jetpack_social_options":{"image_generator_settings":{"template":"highway","enabled":false},"version":2}},"categories":[1],"tags":[15,36],"class_list":["post-3354","post","type-post","status-publish","format-standard","has-post-thumbnail","hentry","category-la-piedad","tag-la-piedad","tag-principales"],"jetpack_publicize_connections":[],"jetpack_sharing_enabled":true,"featured_image_urls":{"full":["http:\/\/tvalaire.com\/wp-content\/uploads\/2018\/01\/Aprehende-PGJE-a-implicado-en-homicidio-de-menor-en-La-Piedad.jpg",518,635,false],"thumbnail":["http:\/\/tvalaire.com\/wp-content\/uploads\/2018\/01\/Aprehende-PGJE-a-implicado-en-homicidio-de-menor-en-La-Piedad-150x150.jpg",150,150,true],"medium":["http:\/\/tvalaire.com\/wp-content\/uploads\/2018\/01\/Aprehende-PGJE-a-implicado-en-homicidio-de-menor-en-La-Piedad-245x300.jpg",245,300,true],"medium_large":["http:\/\/tvalaire.com\/wp-content\/uploads\/2018\/01\/Aprehende-PGJE-a-implicado-en-homicidio-de-menor-en-La-Piedad.jpg",518,635,false],"large":["http:\/\/tvalaire.com\/wp-content\/uploads\/2018\/01\/Aprehende-PGJE-a-implicado-en-homicidio-de-menor-en-La-Piedad.jpg",518,635,false],"post-slider-thumb-size":["http:\/\/tvalaire.com\/wp-content\/uploads\/2018\/01\/Aprehende-PGJE-a-implicado-en-homicidio-de-menor-en-La-Piedad.jpg",155,190,false],"post-category-slider-size":["http:\/\/tvalaire.com\/wp-content\/uploads\/2018\/01\/Aprehende-PGJE-a-implicado-en-homicidio-de-menor-en-La-Piedad.jpg",286,350,false],"1536x1536":["http:\/\/tvalaire.com\/wp-content\/uploads\/2018\/01\/Aprehende-PGJE-a-implicado-en-homicidio-de-menor-en-La-Piedad.jpg",518,635,false],"2048x2048":["http:\/\/tvalaire.com\/wp-content\/uploads\/2018\/01\/Aprehende-PGJE-a-implicado-en-homicidio-de-menor-en-La-Piedad.jpg",518,635,false],"newsium-slider-full":["http:\/\/tvalaire.com\/wp-content\/uploads\/2018\/01\/Aprehende-PGJE-a-implicado-en-homicidio-de-menor-en-La-Piedad.jpg",518,635,false],"newsium-featured":["http:\/\/tvalaire.com\/wp-content\/uploads\/2018\/01\/Aprehende-PGJE-a-implicado-en-homicidio-de-menor-en-La-Piedad.jpg",518,635,false],"newsium-medium":["http:\/\/tvalaire.com\/wp-content\/uploads\/2018\/01\/Aprehende-PGJE-a-implicado-en-homicidio-de-menor-en-La-Piedad.jpg",387,475,false]},"author_info":{"info":["tvalairenoti"]},"category_info":"<a href=\"http:\/\/tvalaire.com\/?cat=1\" rel=\"category\">La Piedad<\/a>","tag_info":"La Piedad","comment_count":"0","jetpack_featured_media_url":"http:\/\/tvalaire.com\/wp-content\/uploads\/2018\/01\/Aprehende-PGJE-a-implicado-en-homicidio-de-menor-en-La-Piedad.jpg","_links":{"self":[{"href":"http:\/\/tvalaire.com\/index.php?rest_route=\/wp\/v2\/posts\/3354"}],"collection":[{"href":"http:\/\/tvalaire.com\/index.php?rest_route=\/wp\/v2\/posts"}],"about":[{"href":"http:\/\/tvalaire.com\/index.php?rest_route=\/wp\/v2\/types\/post"}],"author":[{"embeddable":true,"href":"http:\/\/tvalaire.com\/index.php?rest_route=\/wp\/v2\/users\/1"}],"replies":[{"embeddable":true,"href":"http:\/\/tvalaire.com\/index.php?rest_route=%2Fwp%2Fv2%2Fcomments&post=3354"}],"version-history":[{"count":1,"href":"http:\/\/tvalaire.com\/index.php?rest_route=\/wp\/v2\/posts\/3354\/revisions"}],"predecessor-version":[{"id":3355,"href":"http:\/\/tvalaire.com\/index.php?rest_route=\/wp\/v2\/posts\/3354\/revisions\/3355"}],"wp:featuredmedia":[{"embeddable":true,"href":"http:\/\/tvalaire.com\/index.php?rest_route=\/wp\/v2\/media\/3351"}],"wp:attachment":[{"href":"http:\/\/tvalaire.com\/index.php?rest_route=%2Fwp%2Fv2%2Fmedia&parent=3354"}],"wp:term":[{"taxonomy":"category","embeddable":true,"href":"http:\/\/tvalaire.com\/index.php?rest_route=%2Fwp%2Fv2%2Fcategories&post=3354"},{"taxonomy":"post_tag","embeddable":true,"href":"http:\/\/tvalaire.com\/index.php?rest_route=%2Fwp%2Fv2%2Ftags&post=3354"}],"curies":[{"name":"wp","href":"https:\/\/api.w.org\/{rel}","templated":true}]}}