{"id":3349,"date":"2018-01-30T11:21:38","date_gmt":"2018-01-30T17:21:38","guid":{"rendered":"http:\/\/tvalaire.com\/?p=3349"},"modified":"2018-01-30T11:21:38","modified_gmt":"2018-01-30T17:21:38","slug":"se-pide-precaucion-por-las-bajas-temperaturas","status":"publish","type":"post","link":"http:\/\/tvalaire.com\/?p=3349","title":{"rendered":"SE PIDE PRECAUCION POR LAS BAJAS TEMPERATURAS"},"content":{"rendered":"<p>La Piedad amaneci\u00f3 con 6 grados cent\u00edgrados de temperatura con el cielo nublado y viento helado y baja probabilidad de precipitaciones, y esto a pesar de que el d\u00eda de ayer hubo algunas lloviznas durante el d\u00eda, en algunos de los alrededores como Atotonilco el Alto, Jalisco amaneci\u00f3 con nieve, seg\u00fan el pron\u00f3stico para hoy puede bajar hasta 4 grados cent\u00edgrados ya ca\u00edda la noche.<\/p>\n<p>Dada la temporada g\u00e9lida que se vive en distintas partes del pa\u00eds, el DIF Municipal mantiene los recorridos para invitar a los migrantes y personas en situaci\u00f3n de calle a pasar la noche en el albergue que se ubica sobre la calle Hidalgo. Se informa que se mantiene abierto diariamente de las 19:00 a las 21:00 horas para los ingresos y la salida es a las 07:00 horas del d\u00eda siguiente.<\/p>\n<p>A pesar del apoyo que se tiene con el alberque y sobre todo del fr\u00edo que azota la zona en estos d\u00edas, por lo menos hay 6 indigentes que duermen al interperie y est\u00e1n expuestos de contraer alguna enfermedad a consecuencia del fr\u00edo.<\/p>\n<p>Cabe destacar que en d\u00edas pasados se encontraron ya a dos decesos de personas en situaci\u00f3n de calle.<\/p>\n","protected":false},"excerpt":{"rendered":"<p>La Piedad amaneci\u00f3 con 6 grados cent\u00edgrados de temperatura con el cielo nublado y viento&#8230;<\/p>\n","protected":false},"author":1,"featured_media":3352,"comment_status":"open","ping_status":"open","sticky":false,"template":"","format":"standard","meta":{"jetpack_post_was_ever_published":false,"_jetpack_newsletter_access":"","_jetpack_dont_email_post_to_subs":false,"_jetpack_newsletter_tier_id":0,"_jetpack_memberships_contains_paywalled_content":false,"_jetpack_memberships_contains_paid_content":false,"footnotes":"","jetpack_publicize_message":"","jetpack_publicize_feature_enabled":true,"jetpack_social_post_already_shared":false,"jetpack_social_options":{"image_generator_settings":{"template":"highway","enabled":false},"version":2}},"categories":[1],"tags":[15,36],"class_list":["post-3349","post","type-post","status-publish","format-standard","has-post-thumbnail","hentry","category-la-piedad","tag-la-piedad","tag-principales"],"jetpack_publicize_connections":[],"jetpack_sharing_enabled":true,"featured_image_urls":{"full":["http:\/\/tvalaire.com\/wp-content\/uploads\/2018\/01\/DIF-SIGUE-CON-LOS-RONDINES-PARA-ATENDER-A-LOS-INDIGENTES-EN-ALBERGUE.jpg",4032,3024,false],"thumbnail":["http:\/\/tvalaire.com\/wp-content\/uploads\/2018\/01\/DIF-SIGUE-CON-LOS-RONDINES-PARA-ATENDER-A-LOS-INDIGENTES-EN-ALBERGUE-150x150.jpg",150,150,true],"medium":["http:\/\/tvalaire.com\/wp-content\/uploads\/2018\/01\/DIF-SIGUE-CON-LOS-RONDINES-PARA-ATENDER-A-LOS-INDIGENTES-EN-ALBERGUE-300x225.jpg",300,225,true],"medium_large":["http:\/\/tvalaire.com\/wp-content\/uploads\/2018\/01\/DIF-SIGUE-CON-LOS-RONDINES-PARA-ATENDER-A-LOS-INDIGENTES-EN-ALBERGUE-768x576.jpg",640,480,true],"large":["http:\/\/tvalaire.com\/wp-content\/uploads\/2018\/01\/DIF-SIGUE-CON-LOS-RONDINES-PARA-ATENDER-A-LOS-INDIGENTES-EN-ALBERGUE-1024x768.jpg",640,480,true],"post-slider-thumb-size":["http:\/\/tvalaire.com\/wp-content\/uploads\/2018\/01\/DIF-SIGUE-CON-LOS-RONDINES-PARA-ATENDER-A-LOS-INDIGENTES-EN-ALBERGUE.jpg",253,190,false],"post-category-slider-size":["http:\/\/tvalaire.com\/wp-content\/uploads\/2018\/01\/DIF-SIGUE-CON-LOS-RONDINES-PARA-ATENDER-A-LOS-INDIGENTES-EN-ALBERGUE.jpg",330,248,false],"1536x1536":["http:\/\/tvalaire.com\/wp-content\/uploads\/2018\/01\/DIF-SIGUE-CON-LOS-RONDINES-PARA-ATENDER-A-LOS-INDIGENTES-EN-ALBERGUE.jpg",1536,1152,false],"2048x2048":["http:\/\/tvalaire.com\/wp-content\/uploads\/2018\/01\/DIF-SIGUE-CON-LOS-RONDINES-PARA-ATENDER-A-LOS-INDIGENTES-EN-ALBERGUE.jpg",2048,1536,false],"newsium-slider-full":["http:\/\/tvalaire.com\/wp-content\/uploads\/2018\/01\/DIF-SIGUE-CON-LOS-RONDINES-PARA-ATENDER-A-LOS-INDIGENTES-EN-ALBERGUE.jpg",1127,845,false],"newsium-featured":["http:\/\/tvalaire.com\/wp-content\/uploads\/2018\/01\/DIF-SIGUE-CON-LOS-RONDINES-PARA-ATENDER-A-LOS-INDIGENTES-EN-ALBERGUE.jpg",1024,768,false],"newsium-medium":["http:\/\/tvalaire.com\/wp-content\/uploads\/2018\/01\/DIF-SIGUE-CON-LOS-RONDINES-PARA-ATENDER-A-LOS-INDIGENTES-EN-ALBERGUE.jpg",633,475,false]},"author_info":{"info":["tvalairenoti"]},"category_info":"<a href=\"http:\/\/tvalaire.com\/?cat=1\" rel=\"category\">La Piedad<\/a>","tag_info":"La Piedad","comment_count":"0","jetpack_featured_media_url":"http:\/\/tvalaire.com\/wp-content\/uploads\/2018\/01\/DIF-SIGUE-CON-LOS-RONDINES-PARA-ATENDER-A-LOS-INDIGENTES-EN-ALBERGUE.jpg","_links":{"self":[{"href":"http:\/\/tvalaire.com\/index.php?rest_route=\/wp\/v2\/posts\/3349"}],"collection":[{"href":"http:\/\/tvalaire.com\/index.php?rest_route=\/wp\/v2\/posts"}],"about":[{"href":"http:\/\/tvalaire.com\/index.php?rest_route=\/wp\/v2\/types\/post"}],"author":[{"embeddable":true,"href":"http:\/\/tvalaire.com\/index.php?rest_route=\/wp\/v2\/users\/1"}],"replies":[{"embeddable":true,"href":"http:\/\/tvalaire.com\/index.php?rest_route=%2Fwp%2Fv2%2Fcomments&post=3349"}],"version-history":[{"count":1,"href":"http:\/\/tvalaire.com\/index.php?rest_route=\/wp\/v2\/posts\/3349\/revisions"}],"predecessor-version":[{"id":3353,"href":"http:\/\/tvalaire.com\/index.php?rest_route=\/wp\/v2\/posts\/3349\/revisions\/3353"}],"wp:featuredmedia":[{"embeddable":true,"href":"http:\/\/tvalaire.com\/index.php?rest_route=\/wp\/v2\/media\/3352"}],"wp:attachment":[{"href":"http:\/\/tvalaire.com\/index.php?rest_route=%2Fwp%2Fv2%2Fmedia&parent=3349"}],"wp:term":[{"taxonomy":"category","embeddable":true,"href":"http:\/\/tvalaire.com\/index.php?rest_route=%2Fwp%2Fv2%2Fcategories&post=3349"},{"taxonomy":"post_tag","embeddable":true,"href":"http:\/\/tvalaire.com\/index.php?rest_route=%2Fwp%2Fv2%2Ftags&post=3349"}],"curies":[{"name":"wp","href":"https:\/\/api.w.org\/{rel}","templated":true}]}}