{"id":3346,"date":"2018-01-29T10:34:23","date_gmt":"2018-01-29T16:34:23","guid":{"rendered":"http:\/\/tvalaire.com\/?p=3346"},"modified":"2018-01-29T10:34:23","modified_gmt":"2018-01-29T16:34:23","slug":"clubes-de-migrantes-obtuvieron-la-toma-de-nota-de-los-consules-de-fresno-y-san-jose-california","status":"publish","type":"post","link":"http:\/\/tvalaire.com\/?p=3346","title":{"rendered":"CLUBES DE MIGRANTES OBTUVIERON LA TOMA DE NOTA DE LOS C\u00d3NSULES DE FRESNO Y SAN JOS\u00c9 CALIFORNIA"},"content":{"rendered":"<p>Los Clubes de Migrantes \u201cUnidos por Ticu\u00edtaco\u201d y \u201cMigrantes Piedadenses\u201d, obtuvieron la Toma de Nota otorgada por los consulados mexicanos, en Fresno y San Jos\u00e9 California.<\/p>\n<p>El objetivo de las organizaciones de migrantes, es promover el mejoramiento de las condiciones sociales y econ\u00f3micas de las comunidades mexicanas a trav\u00e9s de su participaci\u00f3n en el Programa 3 X 1 para Migrantes, adscrito a la Secretar\u00eda de Desarrollo Social.<\/p>\n<p>Con este programa se asegura recursos del programa federal 3 X 1 Migrantes para el pueblo de La Piedad y se garantiza por los pr\u00f3ximos a\u00f1os que tienen de vigencia las Tomas de Nota, pues en el caso particular de La Piedad, no pudo acceder a estos recursos, porque no se hab\u00eda dado seguimiento a la renovaci\u00f3n de este tr\u00e1mite que es indispensable para poder acceder a esos apoyos en a\u00f1os anteriores.<\/p>\n<p>En el caso del Club de Migrantes \u201cUnidos por Ticu\u00edtaco\u201d, qued\u00f3 integrado de la siguiente manera: Presidente, Emilio Moreno Solorio; vicepresidente, Nicol\u00e1s Solorio Pimentel; secretario, Luis Alberto Moreno Delgado; tesorero, Araceli Moreno V\u00e1zquez y Aurelio Moreno L\u00f3pez; vocal, Rafael Negrete Silva.<\/p>\n<p>La Toma de Nota est\u00e1 firmada por David Manuel Preciado Ju\u00e1rez, c\u00f3nsul de M\u00e9xico en Fresno y la vigencia del documento es por 3 a\u00f1os a partir de la fecha de expedici\u00f3n.<\/p>\n<p>En el caso del Club de \u201cMigrantes Piedadenses\u201d, la Toma de Nota fue dada por el consulado mexicano en San Jos\u00e9 por parte del c\u00f3nsul, Loren de Montserrat Cruz Sandoval y los integrantes son los siguientes: Presidente, Rigoberto P\u00e9rez Garc\u00eda; vicepresidente, Amparo Mora Pimentel; secretario, Vicente Mora Pimentel; tesorero, Rogelio L\u00f3pez Cort\u00e9s; vocal Alma Delia P\u00e9rez Mora.<\/p>\n<p>&nbsp;<\/p>\n","protected":false},"excerpt":{"rendered":"<p>Los Clubes de Migrantes \u201cUnidos por Ticu\u00edtaco\u201d y \u201cMigrantes Piedadenses\u201d, obtuvieron la Toma de Nota&#8230;<\/p>\n","protected":false},"author":1,"featured_media":3340,"comment_status":"open","ping_status":"open","sticky":false,"template":"","format":"standard","meta":{"jetpack_post_was_ever_published":false,"_jetpack_newsletter_access":"","_jetpack_dont_email_post_to_subs":false,"_jetpack_newsletter_tier_id":0,"_jetpack_memberships_contains_paywalled_content":false,"_jetpack_memberships_contains_paid_content":false,"footnotes":"","jetpack_publicize_message":"","jetpack_publicize_feature_enabled":true,"jetpack_social_post_already_shared":false,"jetpack_social_options":{"image_generator_settings":{"template":"highway","enabled":false},"version":2}},"categories":[1],"tags":[15,36],"class_list":["post-3346","post","type-post","status-publish","format-standard","has-post-thumbnail","hentry","category-la-piedad","tag-la-piedad","tag-principales"],"jetpack_publicize_connections":[],"jetpack_sharing_enabled":true,"featured_image_urls":{"full":["http:\/\/tvalaire.com\/wp-content\/uploads\/2018\/01\/CLUBES-DE-MIGRANTES-OBTUVIERON-LA-TOMA-DE-NOTA-DE-LOS-C\u00d3NSULES-DE-FRESNO-Y-SAN-JOS\u00c9-CALIFORNIA.jpg",1024,1145,false],"thumbnail":["http:\/\/tvalaire.com\/wp-content\/uploads\/2018\/01\/CLUBES-DE-MIGRANTES-OBTUVIERON-LA-TOMA-DE-NOTA-DE-LOS-C\u00d3NSULES-DE-FRESNO-Y-SAN-JOS\u00c9-CALIFORNIA-150x150.jpg",150,150,true],"medium":["http:\/\/tvalaire.com\/wp-content\/uploads\/2018\/01\/CLUBES-DE-MIGRANTES-OBTUVIERON-LA-TOMA-DE-NOTA-DE-LOS-C\u00d3NSULES-DE-FRESNO-Y-SAN-JOS\u00c9-CALIFORNIA-268x300.jpg",268,300,true],"medium_large":["http:\/\/tvalaire.com\/wp-content\/uploads\/2018\/01\/CLUBES-DE-MIGRANTES-OBTUVIERON-LA-TOMA-DE-NOTA-DE-LOS-C\u00d3NSULES-DE-FRESNO-Y-SAN-JOS\u00c9-CALIFORNIA-768x859.jpg",640,716,true],"large":["http:\/\/tvalaire.com\/wp-content\/uploads\/2018\/01\/CLUBES-DE-MIGRANTES-OBTUVIERON-LA-TOMA-DE-NOTA-DE-LOS-C\u00d3NSULES-DE-FRESNO-Y-SAN-JOS\u00c9-CALIFORNIA-916x1024.jpg",640,715,true],"post-slider-thumb-size":["http:\/\/tvalaire.com\/wp-content\/uploads\/2018\/01\/CLUBES-DE-MIGRANTES-OBTUVIERON-LA-TOMA-DE-NOTA-DE-LOS-C\u00d3NSULES-DE-FRESNO-Y-SAN-JOS\u00c9-CALIFORNIA.jpg",170,190,false],"post-category-slider-size":["http:\/\/tvalaire.com\/wp-content\/uploads\/2018\/01\/CLUBES-DE-MIGRANTES-OBTUVIERON-LA-TOMA-DE-NOTA-DE-LOS-C\u00d3NSULES-DE-FRESNO-Y-SAN-JOS\u00c9-CALIFORNIA.jpg",313,350,false],"1536x1536":["http:\/\/tvalaire.com\/wp-content\/uploads\/2018\/01\/CLUBES-DE-MIGRANTES-OBTUVIERON-LA-TOMA-DE-NOTA-DE-LOS-C\u00d3NSULES-DE-FRESNO-Y-SAN-JOS\u00c9-CALIFORNIA.jpg",1024,1145,false],"2048x2048":["http:\/\/tvalaire.com\/wp-content\/uploads\/2018\/01\/CLUBES-DE-MIGRANTES-OBTUVIERON-LA-TOMA-DE-NOTA-DE-LOS-C\u00d3NSULES-DE-FRESNO-Y-SAN-JOS\u00c9-CALIFORNIA.jpg",1024,1145,false],"newsium-slider-full":["http:\/\/tvalaire.com\/wp-content\/uploads\/2018\/01\/CLUBES-DE-MIGRANTES-OBTUVIERON-LA-TOMA-DE-NOTA-DE-LOS-C\u00d3NSULES-DE-FRESNO-Y-SAN-JOS\u00c9-CALIFORNIA.jpg",756,845,false],"newsium-featured":["http:\/\/tvalaire.com\/wp-content\/uploads\/2018\/01\/CLUBES-DE-MIGRANTES-OBTUVIERON-LA-TOMA-DE-NOTA-DE-LOS-C\u00d3NSULES-DE-FRESNO-Y-SAN-JOS\u00c9-CALIFORNIA.jpg",1024,1145,false],"newsium-medium":["http:\/\/tvalaire.com\/wp-content\/uploads\/2018\/01\/CLUBES-DE-MIGRANTES-OBTUVIERON-LA-TOMA-DE-NOTA-DE-LOS-C\u00d3NSULES-DE-FRESNO-Y-SAN-JOS\u00c9-CALIFORNIA.jpg",425,475,false]},"author_info":{"info":["tvalairenoti"]},"category_info":"<a href=\"http:\/\/tvalaire.com\/?cat=1\" rel=\"category\">La Piedad<\/a>","tag_info":"La Piedad","comment_count":"0","jetpack_featured_media_url":"http:\/\/tvalaire.com\/wp-content\/uploads\/2018\/01\/CLUBES-DE-MIGRANTES-OBTUVIERON-LA-TOMA-DE-NOTA-DE-LOS-C\u00d3NSULES-DE-FRESNO-Y-SAN-JOS\u00c9-CALIFORNIA.jpg","_links":{"self":[{"href":"http:\/\/tvalaire.com\/index.php?rest_route=\/wp\/v2\/posts\/3346"}],"collection":[{"href":"http:\/\/tvalaire.com\/index.php?rest_route=\/wp\/v2\/posts"}],"about":[{"href":"http:\/\/tvalaire.com\/index.php?rest_route=\/wp\/v2\/types\/post"}],"author":[{"embeddable":true,"href":"http:\/\/tvalaire.com\/index.php?rest_route=\/wp\/v2\/users\/1"}],"replies":[{"embeddable":true,"href":"http:\/\/tvalaire.com\/index.php?rest_route=%2Fwp%2Fv2%2Fcomments&post=3346"}],"version-history":[{"count":1,"href":"http:\/\/tvalaire.com\/index.php?rest_route=\/wp\/v2\/posts\/3346\/revisions"}],"predecessor-version":[{"id":3347,"href":"http:\/\/tvalaire.com\/index.php?rest_route=\/wp\/v2\/posts\/3346\/revisions\/3347"}],"wp:featuredmedia":[{"embeddable":true,"href":"http:\/\/tvalaire.com\/index.php?rest_route=\/wp\/v2\/media\/3340"}],"wp:attachment":[{"href":"http:\/\/tvalaire.com\/index.php?rest_route=%2Fwp%2Fv2%2Fmedia&parent=3346"}],"wp:term":[{"taxonomy":"category","embeddable":true,"href":"http:\/\/tvalaire.com\/index.php?rest_route=%2Fwp%2Fv2%2Fcategories&post=3346"},{"taxonomy":"post_tag","embeddable":true,"href":"http:\/\/tvalaire.com\/index.php?rest_route=%2Fwp%2Fv2%2Ftags&post=3346"}],"curies":[{"name":"wp","href":"https:\/\/api.w.org\/{rel}","templated":true}]}}