{"id":3331,"date":"2018-01-25T09:34:01","date_gmt":"2018-01-25T15:34:01","guid":{"rendered":"http:\/\/tvalaire.com\/?p=3331"},"modified":"2018-01-25T09:34:11","modified_gmt":"2018-01-25T15:34:11","slug":"dio-inicio-el-primer-curso-taller-de-pre-incubacion-de-alto-impacto","status":"publish","type":"post","link":"http:\/\/tvalaire.com\/?p=3331","title":{"rendered":"DIO INICIO EL PRIMER CURSO-TALLER DE PRE-INCUBACI\u00d3N DE ALTO IMPACTO"},"content":{"rendered":"<p>Con la participaci\u00f3n de 50 emprendedores locales, arranc\u00f3 el Primer Curso-taller de Pre-Incubaci\u00f3n de Alto Impacto, para personas que desean poner en marcha una idea de negocio.<\/p>\n<p>El arranque de este taller que se imparte con recursos del Instituto Nacional del Emprendedor (INADEM) y el Centro de Innovaci\u00f3n y Competitividad de La Piedad A.C., se realiz\u00f3 en el auditorio de Lapisa, en donde se cont\u00f3 con la presencia de Oscar Sevilla, presidente y director del CINCOM, as\u00ed como Juan Manuel Padilla, director del Instituto Tecnol\u00f3gico de La Piedad.<\/p>\n<p>El objetivo de este taller, fue el que los asistentes puedan desarrollar nuevas ideas de negocios, para incrementar las capacidades empresariales de los emprendedores, a trav\u00e9s de procesos de capacitaciones en diferentes \u00e1reas, tales como: Innovaci\u00f3n, Marketing, Modelo de Negocios, Pitch y Metodolog\u00edas de Emprendimiento.<\/p>\n<p>Adem\u00e1s se se\u00f1al\u00f3 que La Piedad es una zona de emprendedores que cuentan con diversas iniciativas, por lo que los invit\u00f3 a que realicen sus proyectos y los lleven a la pr\u00e1ctica.<\/p>\n<p>Oscar Sevilla mencion\u00f3 que el traer este curso-taller es precisamente para que esos emprendedores, puedan desarrollar y darle forma a su idea, para que a trav\u00e9s de estos tres meses que durar\u00e1 el curso sean acompa\u00f1ados en todo el proceso.<\/p>\n<p>Por su parte, el director del Instituto Tecnol\u00f3gico dijo que existen varios proyectos referentes a la generaci\u00f3n de proyectos hechos por j\u00f3venes de La Piedad y elogi\u00f3 el que ahora se preocupen por darles las herramientas para que los pongan en pr\u00e1ctica.<\/p>\n<p>La primera ponencia de este curso-taller corri\u00f3 a cargo de Juan Pablo S\u00e1nchez Gnecchi, fundador de Blue Box; los temas continuar\u00e1n la pr\u00f3xima semana los d\u00edas martes y mi\u00e9rcoles en el CINCOM.<\/p>\n<p>&nbsp;<\/p>\n","protected":false},"excerpt":{"rendered":"<p>Con la participaci\u00f3n de 50 emprendedores locales, arranc\u00f3 el Primer Curso-taller de Pre-Incubaci\u00f3n de Alto&#8230;<\/p>\n","protected":false},"author":1,"featured_media":3328,"comment_status":"open","ping_status":"open","sticky":false,"template":"","format":"standard","meta":{"jetpack_post_was_ever_published":false,"_jetpack_newsletter_access":"","_jetpack_dont_email_post_to_subs":false,"_jetpack_newsletter_tier_id":0,"_jetpack_memberships_contains_paywalled_content":false,"_jetpack_memberships_contains_paid_content":false,"footnotes":"","jetpack_publicize_message":"","jetpack_publicize_feature_enabled":true,"jetpack_social_post_already_shared":false,"jetpack_social_options":{"image_generator_settings":{"template":"highway","enabled":false},"version":2}},"categories":[1],"tags":[15,36],"class_list":["post-3331","post","type-post","status-publish","format-standard","has-post-thumbnail","hentry","category-la-piedad","tag-la-piedad","tag-principales"],"jetpack_publicize_connections":[],"jetpack_sharing_enabled":true,"featured_image_urls":{"full":["http:\/\/tvalaire.com\/wp-content\/uploads\/2018\/01\/DIO-INICIO-EL-PRIMER-CURSO-TALLER-DE-PRE-INCUBACI\u00d3N-DE-ALTO-IMPACTO.jpg",2304,1536,false],"thumbnail":["http:\/\/tvalaire.com\/wp-content\/uploads\/2018\/01\/DIO-INICIO-EL-PRIMER-CURSO-TALLER-DE-PRE-INCUBACI\u00d3N-DE-ALTO-IMPACTO-150x150.jpg",150,150,true],"medium":["http:\/\/tvalaire.com\/wp-content\/uploads\/2018\/01\/DIO-INICIO-EL-PRIMER-CURSO-TALLER-DE-PRE-INCUBACI\u00d3N-DE-ALTO-IMPACTO-300x200.jpg",300,200,true],"medium_large":["http:\/\/tvalaire.com\/wp-content\/uploads\/2018\/01\/DIO-INICIO-EL-PRIMER-CURSO-TALLER-DE-PRE-INCUBACI\u00d3N-DE-ALTO-IMPACTO-768x512.jpg",640,427,true],"large":["http:\/\/tvalaire.com\/wp-content\/uploads\/2018\/01\/DIO-INICIO-EL-PRIMER-CURSO-TALLER-DE-PRE-INCUBACI\u00d3N-DE-ALTO-IMPACTO-1024x683.jpg",640,427,true],"post-slider-thumb-size":["http:\/\/tvalaire.com\/wp-content\/uploads\/2018\/01\/DIO-INICIO-EL-PRIMER-CURSO-TALLER-DE-PRE-INCUBACI\u00d3N-DE-ALTO-IMPACTO.jpg",285,190,false],"post-category-slider-size":["http:\/\/tvalaire.com\/wp-content\/uploads\/2018\/01\/DIO-INICIO-EL-PRIMER-CURSO-TALLER-DE-PRE-INCUBACI\u00d3N-DE-ALTO-IMPACTO.jpg",330,220,false],"1536x1536":["http:\/\/tvalaire.com\/wp-content\/uploads\/2018\/01\/DIO-INICIO-EL-PRIMER-CURSO-TALLER-DE-PRE-INCUBACI\u00d3N-DE-ALTO-IMPACTO.jpg",1536,1024,false],"2048x2048":["http:\/\/tvalaire.com\/wp-content\/uploads\/2018\/01\/DIO-INICIO-EL-PRIMER-CURSO-TALLER-DE-PRE-INCUBACI\u00d3N-DE-ALTO-IMPACTO.jpg",2048,1365,false],"newsium-slider-full":["http:\/\/tvalaire.com\/wp-content\/uploads\/2018\/01\/DIO-INICIO-EL-PRIMER-CURSO-TALLER-DE-PRE-INCUBACI\u00d3N-DE-ALTO-IMPACTO.jpg",1268,845,false],"newsium-featured":["http:\/\/tvalaire.com\/wp-content\/uploads\/2018\/01\/DIO-INICIO-EL-PRIMER-CURSO-TALLER-DE-PRE-INCUBACI\u00d3N-DE-ALTO-IMPACTO.jpg",1024,683,false],"newsium-medium":["http:\/\/tvalaire.com\/wp-content\/uploads\/2018\/01\/DIO-INICIO-EL-PRIMER-CURSO-TALLER-DE-PRE-INCUBACI\u00d3N-DE-ALTO-IMPACTO.jpg",713,475,false]},"author_info":{"info":["tvalairenoti"]},"category_info":"<a href=\"http:\/\/tvalaire.com\/?cat=1\" rel=\"category\">La Piedad<\/a>","tag_info":"La Piedad","comment_count":"0","jetpack_featured_media_url":"http:\/\/tvalaire.com\/wp-content\/uploads\/2018\/01\/DIO-INICIO-EL-PRIMER-CURSO-TALLER-DE-PRE-INCUBACI\u00d3N-DE-ALTO-IMPACTO.jpg","_links":{"self":[{"href":"http:\/\/tvalaire.com\/index.php?rest_route=\/wp\/v2\/posts\/3331"}],"collection":[{"href":"http:\/\/tvalaire.com\/index.php?rest_route=\/wp\/v2\/posts"}],"about":[{"href":"http:\/\/tvalaire.com\/index.php?rest_route=\/wp\/v2\/types\/post"}],"author":[{"embeddable":true,"href":"http:\/\/tvalaire.com\/index.php?rest_route=\/wp\/v2\/users\/1"}],"replies":[{"embeddable":true,"href":"http:\/\/tvalaire.com\/index.php?rest_route=%2Fwp%2Fv2%2Fcomments&post=3331"}],"version-history":[{"count":1,"href":"http:\/\/tvalaire.com\/index.php?rest_route=\/wp\/v2\/posts\/3331\/revisions"}],"predecessor-version":[{"id":3332,"href":"http:\/\/tvalaire.com\/index.php?rest_route=\/wp\/v2\/posts\/3331\/revisions\/3332"}],"wp:featuredmedia":[{"embeddable":true,"href":"http:\/\/tvalaire.com\/index.php?rest_route=\/wp\/v2\/media\/3328"}],"wp:attachment":[{"href":"http:\/\/tvalaire.com\/index.php?rest_route=%2Fwp%2Fv2%2Fmedia&parent=3331"}],"wp:term":[{"taxonomy":"category","embeddable":true,"href":"http:\/\/tvalaire.com\/index.php?rest_route=%2Fwp%2Fv2%2Fcategories&post=3331"},{"taxonomy":"post_tag","embeddable":true,"href":"http:\/\/tvalaire.com\/index.php?rest_route=%2Fwp%2Fv2%2Ftags&post=3331"}],"curies":[{"name":"wp","href":"https:\/\/api.w.org\/{rel}","templated":true}]}}