{"id":3320,"date":"2018-01-24T09:24:47","date_gmt":"2018-01-24T15:24:47","guid":{"rendered":"http:\/\/tvalaire.com\/?p=3320"},"modified":"2018-01-24T09:24:47","modified_gmt":"2018-01-24T15:24:47","slug":"se-reune-vecinos-de-pedregal-san-jose-y-la-constructora-con-autoridades-municipales","status":"publish","type":"post","link":"http:\/\/tvalaire.com\/?p=3320","title":{"rendered":"SE RE\u00daNE VECINOS DE PEDREGAL SAN JOS\u00c9 Y LA CONSTRUCTORA CON AUTORIDADES MUNICIPALES"},"content":{"rendered":"<p>Se acord\u00f3 agilizar los tr\u00e1mites para que la Secretar\u00eda de Comunicaciones y Transportes (SCT), autorice la construcci\u00f3n de un camino de acceso por el lado de la carretera a Zamora; esto en reuni\u00f3n\u00a0 que sostuvieron vecinos del fraccionamiento Pedregal de San Jos\u00e9 con la constructora de dicha colonia, donde adem\u00e1s estuvieron presentes autoridades municipales.<\/p>\n<p>Los colonos del lugar est\u00e1n representados por el movimiento Antorchista quienes pretend\u00edan cerrar el camino de acceso a la constructora para impedir que continuaran con los trabajos de edificaci\u00f3n en otra etapa del fraccionamiento.<\/p>\n<p>Ernesto P\u00e9rez Nu\u00f1ez, dirigente del movimiento antorchista y los representantes de los vecinos, indicaron que tienen desde que se edific\u00f3 la primera etapa del fraccionamiento y han tenido el problema de acceso al mismo, ya que solo se cuenta con una calle de entrada y salida y que la constructora no les ha dado soluci\u00f3n a la problem\u00e1tica.<\/p>\n<p>De acuerdo a lo dicho por los constructores representados por el se\u00f1or Joaqu\u00edn Anaya, la SCT hasta el momento no ha otorgado el visto bueno para que se inicien los trabajos de construcci\u00f3n del camino y pidieron a los vecinos un lapso de 22 d\u00edas para que la Secretar\u00eda les responda.<\/p>\n<p>De hecho, mostraron un documento fechado el 11 de enero por parte de SCT en donde da entrada a la tercera petici\u00f3n que hace la empresa constructora para que les autoricen dicha construcci\u00f3n.<\/p>\n<p>Para tratar de solucionar este problema, autoridades municipales ofrecieron dar la autorizaci\u00f3n para que en cuanto la SCT d\u00e9 el visto bueno se inicien los trabajos del camino de acceso e incluso habl\u00f3 de la posibilidad de abrir otro acceso que sirva de salida, el cual conectar\u00eda con la colonia Nueva Banquetes y para el cual, tambi\u00e9n buscar\u00edan el apoyo de los constructores.<\/p>\n<p>El se\u00f1or Joaqu\u00edn Anaya dijo que una vez que se cuente con el visto bueno de la SCT, de inmediato comenzar\u00e1n los trabajos de construcci\u00f3n del camino de acceso el cual podr\u00eda estar en 15 d\u00edas despu\u00e9s del permiso. Adem\u00e1s de este tema, tambi\u00e9n se analizaron otros temas como el de la construcci\u00f3n de topes en las calles, la escuela y \u00e1reas verdes que la empresa ofreci\u00f3 y que hasta el momento no les ha otorgado.\u00a0 Acordando que los reductores de velocidad podr\u00edan quedar esta misma semana.<\/p>\n<p>&nbsp;<\/p>\n","protected":false},"excerpt":{"rendered":"<p>Se acord\u00f3 agilizar los tr\u00e1mites para que la Secretar\u00eda de Comunicaciones y Transportes (SCT), autorice&#8230;<\/p>\n","protected":false},"author":1,"featured_media":3321,"comment_status":"open","ping_status":"open","sticky":false,"template":"","format":"standard","meta":{"jetpack_post_was_ever_published":false,"_jetpack_newsletter_access":"","_jetpack_dont_email_post_to_subs":false,"_jetpack_newsletter_tier_id":0,"_jetpack_memberships_contains_paywalled_content":false,"_jetpack_memberships_contains_paid_content":false,"footnotes":"","jetpack_publicize_message":"","jetpack_publicize_feature_enabled":true,"jetpack_social_post_already_shared":false,"jetpack_social_options":{"image_generator_settings":{"template":"highway","enabled":false},"version":2}},"categories":[1],"tags":[15,36],"class_list":["post-3320","post","type-post","status-publish","format-standard","has-post-thumbnail","hentry","category-la-piedad","tag-la-piedad","tag-principales"],"jetpack_publicize_connections":[],"jetpack_sharing_enabled":true,"featured_image_urls":{"full":["http:\/\/tvalaire.com\/wp-content\/uploads\/2018\/01\/SE-RE\u00daNE-VECINOS-DE-PEDREGAL-SAN-JOS\u00c9-Y-LA-CONSTRUCTORA-CON-AUTORIDADES-MUNICIPALES.jpg",1024,768,false],"thumbnail":["http:\/\/tvalaire.com\/wp-content\/uploads\/2018\/01\/SE-RE\u00daNE-VECINOS-DE-PEDREGAL-SAN-JOS\u00c9-Y-LA-CONSTRUCTORA-CON-AUTORIDADES-MUNICIPALES-150x150.jpg",150,150,true],"medium":["http:\/\/tvalaire.com\/wp-content\/uploads\/2018\/01\/SE-RE\u00daNE-VECINOS-DE-PEDREGAL-SAN-JOS\u00c9-Y-LA-CONSTRUCTORA-CON-AUTORIDADES-MUNICIPALES-300x225.jpg",300,225,true],"medium_large":["http:\/\/tvalaire.com\/wp-content\/uploads\/2018\/01\/SE-RE\u00daNE-VECINOS-DE-PEDREGAL-SAN-JOS\u00c9-Y-LA-CONSTRUCTORA-CON-AUTORIDADES-MUNICIPALES-768x576.jpg",640,480,true],"large":["http:\/\/tvalaire.com\/wp-content\/uploads\/2018\/01\/SE-RE\u00daNE-VECINOS-DE-PEDREGAL-SAN-JOS\u00c9-Y-LA-CONSTRUCTORA-CON-AUTORIDADES-MUNICIPALES-1024x768.jpg",640,480,true],"post-slider-thumb-size":["http:\/\/tvalaire.com\/wp-content\/uploads\/2018\/01\/SE-RE\u00daNE-VECINOS-DE-PEDREGAL-SAN-JOS\u00c9-Y-LA-CONSTRUCTORA-CON-AUTORIDADES-MUNICIPALES.jpg",253,190,false],"post-category-slider-size":["http:\/\/tvalaire.com\/wp-content\/uploads\/2018\/01\/SE-RE\u00daNE-VECINOS-DE-PEDREGAL-SAN-JOS\u00c9-Y-LA-CONSTRUCTORA-CON-AUTORIDADES-MUNICIPALES.jpg",330,248,false],"1536x1536":["http:\/\/tvalaire.com\/wp-content\/uploads\/2018\/01\/SE-RE\u00daNE-VECINOS-DE-PEDREGAL-SAN-JOS\u00c9-Y-LA-CONSTRUCTORA-CON-AUTORIDADES-MUNICIPALES.jpg",1024,768,false],"2048x2048":["http:\/\/tvalaire.com\/wp-content\/uploads\/2018\/01\/SE-RE\u00daNE-VECINOS-DE-PEDREGAL-SAN-JOS\u00c9-Y-LA-CONSTRUCTORA-CON-AUTORIDADES-MUNICIPALES.jpg",1024,768,false],"newsium-slider-full":["http:\/\/tvalaire.com\/wp-content\/uploads\/2018\/01\/SE-RE\u00daNE-VECINOS-DE-PEDREGAL-SAN-JOS\u00c9-Y-LA-CONSTRUCTORA-CON-AUTORIDADES-MUNICIPALES.jpg",1024,768,false],"newsium-featured":["http:\/\/tvalaire.com\/wp-content\/uploads\/2018\/01\/SE-RE\u00daNE-VECINOS-DE-PEDREGAL-SAN-JOS\u00c9-Y-LA-CONSTRUCTORA-CON-AUTORIDADES-MUNICIPALES.jpg",1024,768,false],"newsium-medium":["http:\/\/tvalaire.com\/wp-content\/uploads\/2018\/01\/SE-RE\u00daNE-VECINOS-DE-PEDREGAL-SAN-JOS\u00c9-Y-LA-CONSTRUCTORA-CON-AUTORIDADES-MUNICIPALES.jpg",633,475,false]},"author_info":{"info":["tvalairenoti"]},"category_info":"<a href=\"http:\/\/tvalaire.com\/?cat=1\" rel=\"category\">La Piedad<\/a>","tag_info":"La Piedad","comment_count":"0","jetpack_featured_media_url":"http:\/\/tvalaire.com\/wp-content\/uploads\/2018\/01\/SE-RE\u00daNE-VECINOS-DE-PEDREGAL-SAN-JOS\u00c9-Y-LA-CONSTRUCTORA-CON-AUTORIDADES-MUNICIPALES.jpg","_links":{"self":[{"href":"http:\/\/tvalaire.com\/index.php?rest_route=\/wp\/v2\/posts\/3320"}],"collection":[{"href":"http:\/\/tvalaire.com\/index.php?rest_route=\/wp\/v2\/posts"}],"about":[{"href":"http:\/\/tvalaire.com\/index.php?rest_route=\/wp\/v2\/types\/post"}],"author":[{"embeddable":true,"href":"http:\/\/tvalaire.com\/index.php?rest_route=\/wp\/v2\/users\/1"}],"replies":[{"embeddable":true,"href":"http:\/\/tvalaire.com\/index.php?rest_route=%2Fwp%2Fv2%2Fcomments&post=3320"}],"version-history":[{"count":1,"href":"http:\/\/tvalaire.com\/index.php?rest_route=\/wp\/v2\/posts\/3320\/revisions"}],"predecessor-version":[{"id":3322,"href":"http:\/\/tvalaire.com\/index.php?rest_route=\/wp\/v2\/posts\/3320\/revisions\/3322"}],"wp:featuredmedia":[{"embeddable":true,"href":"http:\/\/tvalaire.com\/index.php?rest_route=\/wp\/v2\/media\/3321"}],"wp:attachment":[{"href":"http:\/\/tvalaire.com\/index.php?rest_route=%2Fwp%2Fv2%2Fmedia&parent=3320"}],"wp:term":[{"taxonomy":"category","embeddable":true,"href":"http:\/\/tvalaire.com\/index.php?rest_route=%2Fwp%2Fv2%2Fcategories&post=3320"},{"taxonomy":"post_tag","embeddable":true,"href":"http:\/\/tvalaire.com\/index.php?rest_route=%2Fwp%2Fv2%2Ftags&post=3320"}],"curies":[{"name":"wp","href":"https:\/\/api.w.org\/{rel}","templated":true}]}}