{"id":3310,"date":"2018-01-23T11:46:27","date_gmt":"2018-01-23T17:46:27","guid":{"rendered":"http:\/\/tvalaire.com\/?p=3310"},"modified":"2018-01-23T11:46:27","modified_gmt":"2018-01-23T17:46:27","slug":"presidente-municipal-inaugura-cerco-perimetral-en-la-escuela-primaria-mariano-matamoros-de-la-comunidad-de-la-quemada","status":"publish","type":"post","link":"http:\/\/tvalaire.com\/?p=3310","title":{"rendered":"PRESIDENTE MUNICIPAL INAUGURA CERCO PERIMETRAL EN LA ESCUELA PRIMARIA \u201cMARIANO MATAMOROS\u201d DE LA COMUNIDAD DE LA QUEMADA."},"content":{"rendered":"<p>Gracias a la participaci\u00f3n de los padres de familia de la Escuela Primaria \u201cMariano Matamoros\u201d, el Gobierno Municipal que encabeza V\u00edctor V\u00e1zquez logro extender la meta de la construcci\u00f3n del cerco perimetral de la instituci\u00f3n, quedando concluida al cien por ciento la obra.<\/p>\n<p>Es por ello que el Edil les agradeci\u00f3 por la participaci\u00f3n que realizaron los padres de familia, adem\u00e1s resalt\u00f3: \u201cpasamos del discurso a los hechos, porque siempre seremos aliados de la educaci\u00f3n, trabajando de manera conjunta para poco a poco ir resolviendo sus necesidades\u201d.<\/p>\n<p>De igual manera el Presidente Municipal constat\u00f3 que los recursos estuvieran bien empleados en dicha obra mencionada, en compa\u00f1\u00eda de la S\u00edndico Municipal y de algunos Regidores.<\/p>\n<p>&nbsp;<\/p>\n<p>&nbsp;<\/p>\n<p><img loading=\"lazy\" decoding=\"async\" class=\"alignnone size-medium wp-image-3313\" src=\"http:\/\/tvalaire.com\/wp-content\/uploads\/2018\/01\/SE-CONSTATA-QUE-LOS-RECURSOS-SON-BIEN-EMPLEADOS-EN-LAS-OBRAS-3-300x199.jpg\" alt=\"\" width=\"300\" height=\"199\" srcset=\"http:\/\/tvalaire.com\/wp-content\/uploads\/2018\/01\/SE-CONSTATA-QUE-LOS-RECURSOS-SON-BIEN-EMPLEADOS-EN-LAS-OBRAS-3-300x199.jpg 300w, http:\/\/tvalaire.com\/wp-content\/uploads\/2018\/01\/SE-CONSTATA-QUE-LOS-RECURSOS-SON-BIEN-EMPLEADOS-EN-LAS-OBRAS-3-768x509.jpg 768w, http:\/\/tvalaire.com\/wp-content\/uploads\/2018\/01\/SE-CONSTATA-QUE-LOS-RECURSOS-SON-BIEN-EMPLEADOS-EN-LAS-OBRAS-3-1024x678.jpg 1024w\" sizes=\"(max-width: 300px) 100vw, 300px\" \/><\/p>\n<p><img loading=\"lazy\" decoding=\"async\" class=\"alignnone size-medium wp-image-3311\" src=\"http:\/\/tvalaire.com\/wp-content\/uploads\/2018\/01\/SE-CONSTATA-QUE-LOS-RECURSOS-SON-BIEN-EMPLEADOS-EN-LAS-OBRAS-1-300x199.jpg\" alt=\"\" width=\"300\" height=\"199\" srcset=\"http:\/\/tvalaire.com\/wp-content\/uploads\/2018\/01\/SE-CONSTATA-QUE-LOS-RECURSOS-SON-BIEN-EMPLEADOS-EN-LAS-OBRAS-1-300x199.jpg 300w, http:\/\/tvalaire.com\/wp-content\/uploads\/2018\/01\/SE-CONSTATA-QUE-LOS-RECURSOS-SON-BIEN-EMPLEADOS-EN-LAS-OBRAS-1-768x509.jpg 768w, http:\/\/tvalaire.com\/wp-content\/uploads\/2018\/01\/SE-CONSTATA-QUE-LOS-RECURSOS-SON-BIEN-EMPLEADOS-EN-LAS-OBRAS-1-1024x678.jpg 1024w\" sizes=\"(max-width: 300px) 100vw, 300px\" \/><\/p>\n","protected":false},"excerpt":{"rendered":"<p>Gracias a la participaci\u00f3n de los padres de familia de la Escuela Primaria \u201cMariano Matamoros\u201d,&#8230;<\/p>\n","protected":false},"author":1,"featured_media":3312,"comment_status":"open","ping_status":"open","sticky":false,"template":"","format":"standard","meta":{"jetpack_post_was_ever_published":false,"_jetpack_newsletter_access":"","_jetpack_dont_email_post_to_subs":false,"_jetpack_newsletter_tier_id":0,"_jetpack_memberships_contains_paywalled_content":false,"_jetpack_memberships_contains_paid_content":false,"footnotes":"","jetpack_publicize_message":"","jetpack_publicize_feature_enabled":true,"jetpack_social_post_already_shared":false,"jetpack_social_options":{"image_generator_settings":{"template":"highway","enabled":false},"version":2}},"categories":[4],"tags":[36,24],"class_list":["post-3310","post","type-post","status-publish","format-standard","has-post-thumbnail","hentry","category-puruandiro","tag-principales","tag-puruandiro"],"jetpack_publicize_connections":[],"jetpack_sharing_enabled":true,"featured_image_urls":{"full":["http:\/\/tvalaire.com\/wp-content\/uploads\/2018\/01\/SE-CONSTATA-QUE-LOS-RECURSOS-SON-BIEN-EMPLEADOS-EN-LAS-OBRAS-2.jpg",4928,3264,false],"thumbnail":["http:\/\/tvalaire.com\/wp-content\/uploads\/2018\/01\/SE-CONSTATA-QUE-LOS-RECURSOS-SON-BIEN-EMPLEADOS-EN-LAS-OBRAS-2-150x150.jpg",150,150,true],"medium":["http:\/\/tvalaire.com\/wp-content\/uploads\/2018\/01\/SE-CONSTATA-QUE-LOS-RECURSOS-SON-BIEN-EMPLEADOS-EN-LAS-OBRAS-2-300x199.jpg",300,199,true],"medium_large":["http:\/\/tvalaire.com\/wp-content\/uploads\/2018\/01\/SE-CONSTATA-QUE-LOS-RECURSOS-SON-BIEN-EMPLEADOS-EN-LAS-OBRAS-2-768x509.jpg",640,424,true],"large":["http:\/\/tvalaire.com\/wp-content\/uploads\/2018\/01\/SE-CONSTATA-QUE-LOS-RECURSOS-SON-BIEN-EMPLEADOS-EN-LAS-OBRAS-2-1024x678.jpg",640,424,true],"post-slider-thumb-size":["http:\/\/tvalaire.com\/wp-content\/uploads\/2018\/01\/SE-CONSTATA-QUE-LOS-RECURSOS-SON-BIEN-EMPLEADOS-EN-LAS-OBRAS-2.jpg",287,190,false],"post-category-slider-size":["http:\/\/tvalaire.com\/wp-content\/uploads\/2018\/01\/SE-CONSTATA-QUE-LOS-RECURSOS-SON-BIEN-EMPLEADOS-EN-LAS-OBRAS-2.jpg",330,219,false],"1536x1536":["http:\/\/tvalaire.com\/wp-content\/uploads\/2018\/01\/SE-CONSTATA-QUE-LOS-RECURSOS-SON-BIEN-EMPLEADOS-EN-LAS-OBRAS-2.jpg",1536,1017,false],"2048x2048":["http:\/\/tvalaire.com\/wp-content\/uploads\/2018\/01\/SE-CONSTATA-QUE-LOS-RECURSOS-SON-BIEN-EMPLEADOS-EN-LAS-OBRAS-2.jpg",2048,1356,false],"newsium-slider-full":["http:\/\/tvalaire.com\/wp-content\/uploads\/2018\/01\/SE-CONSTATA-QUE-LOS-RECURSOS-SON-BIEN-EMPLEADOS-EN-LAS-OBRAS-2.jpg",1276,845,false],"newsium-featured":["http:\/\/tvalaire.com\/wp-content\/uploads\/2018\/01\/SE-CONSTATA-QUE-LOS-RECURSOS-SON-BIEN-EMPLEADOS-EN-LAS-OBRAS-2.jpg",1024,678,false],"newsium-medium":["http:\/\/tvalaire.com\/wp-content\/uploads\/2018\/01\/SE-CONSTATA-QUE-LOS-RECURSOS-SON-BIEN-EMPLEADOS-EN-LAS-OBRAS-2.jpg",717,475,false]},"author_info":{"info":["tvalairenoti"]},"category_info":"<a href=\"http:\/\/tvalaire.com\/?cat=4\" rel=\"category\">Puru\u00e1ndiro<\/a>","tag_info":"Puru\u00e1ndiro","comment_count":"0","jetpack_featured_media_url":"http:\/\/tvalaire.com\/wp-content\/uploads\/2018\/01\/SE-CONSTATA-QUE-LOS-RECURSOS-SON-BIEN-EMPLEADOS-EN-LAS-OBRAS-2.jpg","_links":{"self":[{"href":"http:\/\/tvalaire.com\/index.php?rest_route=\/wp\/v2\/posts\/3310"}],"collection":[{"href":"http:\/\/tvalaire.com\/index.php?rest_route=\/wp\/v2\/posts"}],"about":[{"href":"http:\/\/tvalaire.com\/index.php?rest_route=\/wp\/v2\/types\/post"}],"author":[{"embeddable":true,"href":"http:\/\/tvalaire.com\/index.php?rest_route=\/wp\/v2\/users\/1"}],"replies":[{"embeddable":true,"href":"http:\/\/tvalaire.com\/index.php?rest_route=%2Fwp%2Fv2%2Fcomments&post=3310"}],"version-history":[{"count":1,"href":"http:\/\/tvalaire.com\/index.php?rest_route=\/wp\/v2\/posts\/3310\/revisions"}],"predecessor-version":[{"id":3314,"href":"http:\/\/tvalaire.com\/index.php?rest_route=\/wp\/v2\/posts\/3310\/revisions\/3314"}],"wp:featuredmedia":[{"embeddable":true,"href":"http:\/\/tvalaire.com\/index.php?rest_route=\/wp\/v2\/media\/3312"}],"wp:attachment":[{"href":"http:\/\/tvalaire.com\/index.php?rest_route=%2Fwp%2Fv2%2Fmedia&parent=3310"}],"wp:term":[{"taxonomy":"category","embeddable":true,"href":"http:\/\/tvalaire.com\/index.php?rest_route=%2Fwp%2Fv2%2Fcategories&post=3310"},{"taxonomy":"post_tag","embeddable":true,"href":"http:\/\/tvalaire.com\/index.php?rest_route=%2Fwp%2Fv2%2Ftags&post=3310"}],"curies":[{"name":"wp","href":"https:\/\/api.w.org\/{rel}","templated":true}]}}