{"id":3306,"date":"2018-01-23T11:44:32","date_gmt":"2018-01-23T17:44:32","guid":{"rendered":"http:\/\/tvalaire.com\/?p=3306"},"modified":"2018-01-23T11:44:32","modified_gmt":"2018-01-23T17:44:32","slug":"comunidad-de-la-quemadita-se-sigue-beneficiando-con-los-servicios-prioritarios","status":"publish","type":"post","link":"http:\/\/tvalaire.com\/?p=3306","title":{"rendered":"COMUNIDAD DE LA QUEMADITA SE SIGUE BENEFICIANDO CON LOS SERVICIOS PRIORITARIOS\u00a0"},"content":{"rendered":"<p>Siendo una de las necesidades m\u00e1s prioritarias, Presidente Municipal V\u00edctor V\u00e1zquez hace entrega de la construcci\u00f3n de l\u00ednea de conducci\u00f3n del dep\u00f3sito de agua a la pila de la comunidad de la Quemadita y una ampliaci\u00f3n de red de agua potable.<br \/>\nAsimismo el Edil escucho a la gente de la localidad, ya que siempre ha comentado que ellos son los patrones del Ayuntamiento, a quienes se les debe de tratar de manera c\u00e1lida y digna, as\u00ed como tambi\u00e9n de entregarles resultados, que es lo que se ha trato de hacer desde que inici\u00f3 esta administraci\u00f3n.<br \/>\nEn el mismo marco demostr\u00f3 el Presidente Municipal que se ha trabajado con los servidores p\u00fablicos de tiempo completo, como es en este caso, en donde asistieron la mayor\u00eda de ellos para poderles resolver las peticiones o necesidades que les externaron algunas de las familias en el acercamiento que tuvieron en la comunidad.<\/p>\n<p>&nbsp;<\/p>\n<p><img loading=\"lazy\" decoding=\"async\" class=\"alignnone size-medium wp-image-3307\" src=\"http:\/\/tvalaire.com\/wp-content\/uploads\/2018\/01\/COMUNIDAD-DE-LA-QUEMADITA-SE-SIGUE-BENEFICIANDO-CON-LOS-SERVICIOS-PRIORITARIOS-2-300x199.jpg\" alt=\"\" width=\"300\" height=\"199\" srcset=\"http:\/\/tvalaire.com\/wp-content\/uploads\/2018\/01\/COMUNIDAD-DE-LA-QUEMADITA-SE-SIGUE-BENEFICIANDO-CON-LOS-SERVICIOS-PRIORITARIOS-2-300x199.jpg 300w, http:\/\/tvalaire.com\/wp-content\/uploads\/2018\/01\/COMUNIDAD-DE-LA-QUEMADITA-SE-SIGUE-BENEFICIANDO-CON-LOS-SERVICIOS-PRIORITARIOS-2-768x509.jpg 768w, http:\/\/tvalaire.com\/wp-content\/uploads\/2018\/01\/COMUNIDAD-DE-LA-QUEMADITA-SE-SIGUE-BENEFICIANDO-CON-LOS-SERVICIOS-PRIORITARIOS-2-1024x678.jpg 1024w\" sizes=\"(max-width: 300px) 100vw, 300px\" \/><\/p>\n","protected":false},"excerpt":{"rendered":"<p>Siendo una de las necesidades m\u00e1s prioritarias, Presidente Municipal V\u00edctor V\u00e1zquez hace entrega de la&#8230;<\/p>\n","protected":false},"author":1,"featured_media":3308,"comment_status":"open","ping_status":"open","sticky":false,"template":"","format":"standard","meta":{"jetpack_post_was_ever_published":false,"_jetpack_newsletter_access":"","_jetpack_dont_email_post_to_subs":false,"_jetpack_newsletter_tier_id":0,"_jetpack_memberships_contains_paywalled_content":false,"_jetpack_memberships_contains_paid_content":false,"footnotes":"","jetpack_publicize_message":"","jetpack_publicize_feature_enabled":true,"jetpack_social_post_already_shared":false,"jetpack_social_options":{"image_generator_settings":{"template":"highway","enabled":false},"version":2}},"categories":[4],"tags":[36,24],"class_list":["post-3306","post","type-post","status-publish","format-standard","has-post-thumbnail","hentry","category-puruandiro","tag-principales","tag-puruandiro"],"jetpack_publicize_connections":[],"jetpack_sharing_enabled":true,"featured_image_urls":{"full":["http:\/\/tvalaire.com\/wp-content\/uploads\/2018\/01\/COMUNIDAD-DE-LA-QUEMADITA-SE-SIGUE-BENEFICIANDO-CON-LOS-SERVICIOS-PRIORITARIOS-3.jpg",4928,3264,false],"thumbnail":["http:\/\/tvalaire.com\/wp-content\/uploads\/2018\/01\/COMUNIDAD-DE-LA-QUEMADITA-SE-SIGUE-BENEFICIANDO-CON-LOS-SERVICIOS-PRIORITARIOS-3-150x150.jpg",150,150,true],"medium":["http:\/\/tvalaire.com\/wp-content\/uploads\/2018\/01\/COMUNIDAD-DE-LA-QUEMADITA-SE-SIGUE-BENEFICIANDO-CON-LOS-SERVICIOS-PRIORITARIOS-3-300x199.jpg",300,199,true],"medium_large":["http:\/\/tvalaire.com\/wp-content\/uploads\/2018\/01\/COMUNIDAD-DE-LA-QUEMADITA-SE-SIGUE-BENEFICIANDO-CON-LOS-SERVICIOS-PRIORITARIOS-3-768x509.jpg",640,424,true],"large":["http:\/\/tvalaire.com\/wp-content\/uploads\/2018\/01\/COMUNIDAD-DE-LA-QUEMADITA-SE-SIGUE-BENEFICIANDO-CON-LOS-SERVICIOS-PRIORITARIOS-3-1024x678.jpg",640,424,true],"post-slider-thumb-size":["http:\/\/tvalaire.com\/wp-content\/uploads\/2018\/01\/COMUNIDAD-DE-LA-QUEMADITA-SE-SIGUE-BENEFICIANDO-CON-LOS-SERVICIOS-PRIORITARIOS-3.jpg",287,190,false],"post-category-slider-size":["http:\/\/tvalaire.com\/wp-content\/uploads\/2018\/01\/COMUNIDAD-DE-LA-QUEMADITA-SE-SIGUE-BENEFICIANDO-CON-LOS-SERVICIOS-PRIORITARIOS-3.jpg",330,219,false],"1536x1536":["http:\/\/tvalaire.com\/wp-content\/uploads\/2018\/01\/COMUNIDAD-DE-LA-QUEMADITA-SE-SIGUE-BENEFICIANDO-CON-LOS-SERVICIOS-PRIORITARIOS-3.jpg",1536,1017,false],"2048x2048":["http:\/\/tvalaire.com\/wp-content\/uploads\/2018\/01\/COMUNIDAD-DE-LA-QUEMADITA-SE-SIGUE-BENEFICIANDO-CON-LOS-SERVICIOS-PRIORITARIOS-3.jpg",2048,1356,false],"newsium-slider-full":["http:\/\/tvalaire.com\/wp-content\/uploads\/2018\/01\/COMUNIDAD-DE-LA-QUEMADITA-SE-SIGUE-BENEFICIANDO-CON-LOS-SERVICIOS-PRIORITARIOS-3.jpg",1276,845,false],"newsium-featured":["http:\/\/tvalaire.com\/wp-content\/uploads\/2018\/01\/COMUNIDAD-DE-LA-QUEMADITA-SE-SIGUE-BENEFICIANDO-CON-LOS-SERVICIOS-PRIORITARIOS-3.jpg",1024,678,false],"newsium-medium":["http:\/\/tvalaire.com\/wp-content\/uploads\/2018\/01\/COMUNIDAD-DE-LA-QUEMADITA-SE-SIGUE-BENEFICIANDO-CON-LOS-SERVICIOS-PRIORITARIOS-3.jpg",717,475,false]},"author_info":{"info":["tvalairenoti"]},"category_info":"<a href=\"http:\/\/tvalaire.com\/?cat=4\" rel=\"category\">Puru\u00e1ndiro<\/a>","tag_info":"Puru\u00e1ndiro","comment_count":"0","jetpack_featured_media_url":"http:\/\/tvalaire.com\/wp-content\/uploads\/2018\/01\/COMUNIDAD-DE-LA-QUEMADITA-SE-SIGUE-BENEFICIANDO-CON-LOS-SERVICIOS-PRIORITARIOS-3.jpg","_links":{"self":[{"href":"http:\/\/tvalaire.com\/index.php?rest_route=\/wp\/v2\/posts\/3306"}],"collection":[{"href":"http:\/\/tvalaire.com\/index.php?rest_route=\/wp\/v2\/posts"}],"about":[{"href":"http:\/\/tvalaire.com\/index.php?rest_route=\/wp\/v2\/types\/post"}],"author":[{"embeddable":true,"href":"http:\/\/tvalaire.com\/index.php?rest_route=\/wp\/v2\/users\/1"}],"replies":[{"embeddable":true,"href":"http:\/\/tvalaire.com\/index.php?rest_route=%2Fwp%2Fv2%2Fcomments&post=3306"}],"version-history":[{"count":1,"href":"http:\/\/tvalaire.com\/index.php?rest_route=\/wp\/v2\/posts\/3306\/revisions"}],"predecessor-version":[{"id":3309,"href":"http:\/\/tvalaire.com\/index.php?rest_route=\/wp\/v2\/posts\/3306\/revisions\/3309"}],"wp:featuredmedia":[{"embeddable":true,"href":"http:\/\/tvalaire.com\/index.php?rest_route=\/wp\/v2\/media\/3308"}],"wp:attachment":[{"href":"http:\/\/tvalaire.com\/index.php?rest_route=%2Fwp%2Fv2%2Fmedia&parent=3306"}],"wp:term":[{"taxonomy":"category","embeddable":true,"href":"http:\/\/tvalaire.com\/index.php?rest_route=%2Fwp%2Fv2%2Fcategories&post=3306"},{"taxonomy":"post_tag","embeddable":true,"href":"http:\/\/tvalaire.com\/index.php?rest_route=%2Fwp%2Fv2%2Ftags&post=3306"}],"curies":[{"name":"wp","href":"https:\/\/api.w.org\/{rel}","templated":true}]}}