{"id":3295,"date":"2018-01-22T09:49:21","date_gmt":"2018-01-22T15:49:21","guid":{"rendered":"http:\/\/tvalaire.com\/?p=3295"},"modified":"2018-01-22T09:49:21","modified_gmt":"2018-01-22T15:49:21","slug":"se-reune-gobernador-con-diversos-secretarios-en-la-piedad","status":"publish","type":"post","link":"http:\/\/tvalaire.com\/?p=3295","title":{"rendered":"SE REUNE GOBERNADOR CON DIVERSOS SECRETARIOS EN LA PIEDAD"},"content":{"rendered":"<p>Funcionarios de diversas dependencias en la entidad dieron un avance de los logros obtenidos en los \u00faltimos dos a\u00f1os y establecieron nuevos retos para beneficio de la poblaci\u00f3n.<\/p>\n<p>Lo anterior, durante la reuni\u00f3n de trabajo que se llev\u00f3 a cabo el d\u00eda de ayer en conocido hotel de la ciudad y que encabez\u00f3 el gobernador, Silvano Aureoles; secretarios de estado; el Alcalde y la Diputada Local.<\/p>\n<p>Funcionarios como\u00a0Alberto Frutis Sol\u00eds, secretario de Educaci\u00f3n, detall\u00f3 que por primera vez en 21 a\u00f1os se logr\u00f3 concluir un ciclo escolar sin paros indefinidos en 2017, y estim\u00f3 que este a\u00f1o se d\u00e9 continuidad para beneficio de la ni\u00f1ez michoacana; dijo que uno de los retos para el a\u00f1o en curso es consolidar la participaci\u00f3n docente en la evaluaci\u00f3n, a fin de alcanzar los niveles educativos que permitan el pleno desarrollo que requieren los ni\u00f1os y ni\u00f1as.<\/p>\n<p>Y dio a conocer el resultado del indicador local, en donde establece que la eficiencia terminal en Primaria en el Municipio se increment\u00f3 y se elimin\u00f3 la deserci\u00f3n escolar.<\/p>\n<p>Jes\u00fas Melgoza Vel\u00e1zquez secretario de desarrollo econ\u00f3mico, indic\u00f3 que\u00a0el Gobierno trabaja bajo tres ejes en materia econ\u00f3mica: la atracci\u00f3n de inversiones, el impulso a las micro, peque\u00f1as y medianas empresas, as\u00ed como en disminuir la informalidad que persiste en el estado y en donde se han dado pasos firmes para alcanzar los objetivos; aprovech\u00f3 para reconocer la aportaci\u00f3n de La Piedad a la entidad, valorada en cerca 5 mil millones de pesos en materia de producci\u00f3n agr\u00edcola.<\/p>\n<p>El\u00edas Ibarra Torres, responsable de la Secretar\u00eda de Salud en Michoac\u00e1n, inform\u00f3 que desde el inicio de la actual administraci\u00f3n hasta la fecha, se han logrado liquidar mil 600 millones de pesos al sector salud, ello de adeudos que heredaron anteriores gobiernos; tambi\u00e9n record\u00f3 que en conjunto con la Federaci\u00f3n, el Gobernador logr\u00f3 gestionar 4 mil millones de pesos adicionales para equipamiento e infraestructura en salud, lo que hoy permite tener ampliados los servicios.<\/p>\n<p>El fiscal regional de la Procuradur\u00eda General de Justicia del Estado, Victorino Porcayo Dom\u00ednguez, por su parte adelant\u00f3 que en Michoac\u00e1n se trabaja para tener un lugar m\u00e1s seguro, y que se han conseguido grandes avances gracias a la estrategia de seguridad\u00a0 planeada y liderada por el mandatario estatal, pues desde que inici\u00f3 la administraci\u00f3n se pudo detener a objetivos delincuenciales y desarticular bandas delictivas, por mencionar algunos logros.<\/p>\n<p>Adem\u00e1s de los avances, los funcionarios dieron a conocer los retos para enfrentar este a\u00f1o.<\/p>\n<p>En la reuni\u00f3n tambi\u00e9n estuvieron presentes el subsecretario de Gobierno y enlace del municipio, Armando Hurtado Ar\u00e9valo; el secretario de Desarrollo Social y Humano, Antonio Soto S\u00e1nchez; el secretario de Desarrollo Rural y Agroalimentario, Pascual Sigala P\u00e1ez y el titular de la Semaccdet, Ricardo Luna Garc\u00eda.<\/p>\n<p>&nbsp;<\/p>\n","protected":false},"excerpt":{"rendered":"<p>Funcionarios de diversas dependencias en la entidad dieron un avance de los logros obtenidos en&#8230;<\/p>\n","protected":false},"author":1,"featured_media":3293,"comment_status":"open","ping_status":"open","sticky":false,"template":"","format":"standard","meta":{"jetpack_post_was_ever_published":false,"_jetpack_newsletter_access":"","_jetpack_dont_email_post_to_subs":false,"_jetpack_newsletter_tier_id":0,"_jetpack_memberships_contains_paywalled_content":false,"_jetpack_memberships_contains_paid_content":false,"footnotes":"","jetpack_publicize_message":"","jetpack_publicize_feature_enabled":true,"jetpack_social_post_already_shared":false,"jetpack_social_options":{"image_generator_settings":{"template":"highway","enabled":false},"version":2}},"categories":[1],"tags":[15,36],"class_list":["post-3295","post","type-post","status-publish","format-standard","has-post-thumbnail","hentry","category-la-piedad","tag-la-piedad","tag-principales"],"jetpack_publicize_connections":[],"jetpack_sharing_enabled":true,"featured_image_urls":{"full":["http:\/\/tvalaire.com\/wp-content\/uploads\/2018\/01\/SE-REUNE-GOBERNADOR-CON-DIVERSOS-SECRETARIOS-EN-LA-PIEDAD3.jpg",4496,3000,false],"thumbnail":["http:\/\/tvalaire.com\/wp-content\/uploads\/2018\/01\/SE-REUNE-GOBERNADOR-CON-DIVERSOS-SECRETARIOS-EN-LA-PIEDAD3-150x150.jpg",150,150,true],"medium":["http:\/\/tvalaire.com\/wp-content\/uploads\/2018\/01\/SE-REUNE-GOBERNADOR-CON-DIVERSOS-SECRETARIOS-EN-LA-PIEDAD3-300x200.jpg",300,200,true],"medium_large":["http:\/\/tvalaire.com\/wp-content\/uploads\/2018\/01\/SE-REUNE-GOBERNADOR-CON-DIVERSOS-SECRETARIOS-EN-LA-PIEDAD3-768x512.jpg",640,427,true],"large":["http:\/\/tvalaire.com\/wp-content\/uploads\/2018\/01\/SE-REUNE-GOBERNADOR-CON-DIVERSOS-SECRETARIOS-EN-LA-PIEDAD3-1024x683.jpg",640,427,true],"post-slider-thumb-size":["http:\/\/tvalaire.com\/wp-content\/uploads\/2018\/01\/SE-REUNE-GOBERNADOR-CON-DIVERSOS-SECRETARIOS-EN-LA-PIEDAD3.jpg",285,190,false],"post-category-slider-size":["http:\/\/tvalaire.com\/wp-content\/uploads\/2018\/01\/SE-REUNE-GOBERNADOR-CON-DIVERSOS-SECRETARIOS-EN-LA-PIEDAD3.jpg",330,220,false],"1536x1536":["http:\/\/tvalaire.com\/wp-content\/uploads\/2018\/01\/SE-REUNE-GOBERNADOR-CON-DIVERSOS-SECRETARIOS-EN-LA-PIEDAD3.jpg",1536,1025,false],"2048x2048":["http:\/\/tvalaire.com\/wp-content\/uploads\/2018\/01\/SE-REUNE-GOBERNADOR-CON-DIVERSOS-SECRETARIOS-EN-LA-PIEDAD3.jpg",2048,1367,false],"newsium-slider-full":["http:\/\/tvalaire.com\/wp-content\/uploads\/2018\/01\/SE-REUNE-GOBERNADOR-CON-DIVERSOS-SECRETARIOS-EN-LA-PIEDAD3.jpg",1266,845,false],"newsium-featured":["http:\/\/tvalaire.com\/wp-content\/uploads\/2018\/01\/SE-REUNE-GOBERNADOR-CON-DIVERSOS-SECRETARIOS-EN-LA-PIEDAD3.jpg",1024,683,false],"newsium-medium":["http:\/\/tvalaire.com\/wp-content\/uploads\/2018\/01\/SE-REUNE-GOBERNADOR-CON-DIVERSOS-SECRETARIOS-EN-LA-PIEDAD3.jpg",712,475,false]},"author_info":{"info":["tvalairenoti"]},"category_info":"<a href=\"http:\/\/tvalaire.com\/?cat=1\" rel=\"category\">La Piedad<\/a>","tag_info":"La Piedad","comment_count":"0","jetpack_featured_media_url":"http:\/\/tvalaire.com\/wp-content\/uploads\/2018\/01\/SE-REUNE-GOBERNADOR-CON-DIVERSOS-SECRETARIOS-EN-LA-PIEDAD3.jpg","_links":{"self":[{"href":"http:\/\/tvalaire.com\/index.php?rest_route=\/wp\/v2\/posts\/3295"}],"collection":[{"href":"http:\/\/tvalaire.com\/index.php?rest_route=\/wp\/v2\/posts"}],"about":[{"href":"http:\/\/tvalaire.com\/index.php?rest_route=\/wp\/v2\/types\/post"}],"author":[{"embeddable":true,"href":"http:\/\/tvalaire.com\/index.php?rest_route=\/wp\/v2\/users\/1"}],"replies":[{"embeddable":true,"href":"http:\/\/tvalaire.com\/index.php?rest_route=%2Fwp%2Fv2%2Fcomments&post=3295"}],"version-history":[{"count":1,"href":"http:\/\/tvalaire.com\/index.php?rest_route=\/wp\/v2\/posts\/3295\/revisions"}],"predecessor-version":[{"id":3296,"href":"http:\/\/tvalaire.com\/index.php?rest_route=\/wp\/v2\/posts\/3295\/revisions\/3296"}],"wp:featuredmedia":[{"embeddable":true,"href":"http:\/\/tvalaire.com\/index.php?rest_route=\/wp\/v2\/media\/3293"}],"wp:attachment":[{"href":"http:\/\/tvalaire.com\/index.php?rest_route=%2Fwp%2Fv2%2Fmedia&parent=3295"}],"wp:term":[{"taxonomy":"category","embeddable":true,"href":"http:\/\/tvalaire.com\/index.php?rest_route=%2Fwp%2Fv2%2Fcategories&post=3295"},{"taxonomy":"post_tag","embeddable":true,"href":"http:\/\/tvalaire.com\/index.php?rest_route=%2Fwp%2Fv2%2Ftags&post=3295"}],"curies":[{"name":"wp","href":"https:\/\/api.w.org\/{rel}","templated":true}]}}