{"id":3291,"date":"2018-01-22T09:48:35","date_gmt":"2018-01-22T15:48:35","guid":{"rendered":"http:\/\/tvalaire.com\/?p=3291"},"modified":"2018-01-22T09:48:35","modified_gmt":"2018-01-22T15:48:35","slug":"llevan-60-mdp-de-inversion-en-la-zona-metropolitana-entre-guanajuato-y-michoacan","status":"publish","type":"post","link":"http:\/\/tvalaire.com\/?p=3291","title":{"rendered":"LLEVAN \u00a060 MDP DE INVERSION EN LA ZONA METROPOLITANA ENTRE GUANAJUATO Y MICHOACAN"},"content":{"rendered":"<p>El Gobernador del Estado y el Presidente Municipal, inauguraron ayer la avenida Eduardo Villase\u00f1or Pe\u00f1a, en la cual se invirtieron 9.5 millones de pesos de un total de 60 millones que se han invertido en los \u00faltimos 7 a\u00f1os, del programa Zonas Metropolitanas que beneficia a los estados de Michoac\u00e1n y Guanajuato.<\/p>\n<p>Con la apertura oficial de esta avenida reci\u00e9n pavimentada, iluminada y asfaltada, se da cumplimiento a una obra solicitada durante muchos a\u00f1os, ya que \u00e9sta v\u00eda servir\u00e1 para desahogar a uno de los centros de poblaci\u00f3n m\u00e1s grande en La Piedad como lo es Ciudad del Sol, en donde habitan entre 25 a 30 mil habitantes divididos en cuatro colonias.<\/p>\n<p>Se destac\u00f3 que la avenida Michoac\u00e1n que es la principal v\u00eda de acceso a este centro poblacional estaba muy saturada y con la apertura de la S\u00f3stenes Rocha se dio un desahogo, pero la que sin lugar a dudas beneficiar\u00e1 mucho, sobre todo a aquellos que laboran en Santa Ana Pacueco, es esta nueva vialidad que se construy\u00f3 con recursos del programa Zonas Metropolitanas y que beneficiar\u00e1 la movilidad tanto de habitantes de La Piedad como de P\u00e9njamo.<\/p>\n<p>Silvano Aureoles Conejo por su parte, dijo que esta obra conecta a trav\u00e9s del puente inaugurado hace un a\u00f1o, con Santa Ana y mejora las comunidades de esta regi\u00f3n que tiene mucho potencial y si se aprovecha, podremos \u2013expuso-, tener m\u00e1s y mejores oportunidades para nuestra gente.<\/p>\n<p>Inform\u00f3 que en esta conexi\u00f3n de La Piedad con P\u00e9njamo se han invertido 60 millones de pesos desde el 2011 a la fecha a trav\u00e9s de Fondos Metropolitanos que sirve a ambos estados.<\/p>\n<p>Por lo que invit\u00f3 a los gobiernos de ambos municipios ah\u00ed presentes, a aprovechar estas buenas vialidades para mejorar el crecimiento de la regi\u00f3n, aunque adelant\u00f3 que a\u00fan hay otros retos por cumplir en ambos estados, como el del saneamiento del r\u00edo Lerma, para el cual se requerir\u00e1 en un mediano plazo de recursos y esfuerzos intermunicipales, interestatales, federales, de los usuarios y las asociaciones civiles, para llevar con \u00e9xito un plan integral. Lo mismo con el tema de seguridad, mediante el fortalecimiento de los lazos entre ambos estados, para hacer frente a este problema y seguir gestionando recursos para atender las dem\u00e1s necesidades existentes.<\/p>\n<p>La inauguraci\u00f3n de esta obra se dio ayer durante el d\u00eda, en la gira de trabajo que realiz\u00f3 el Gobernador del Estado junto con algunos secretarios, presidentes municipales, Diputada Local, entre otros a este municipio.<\/p>\n<p>&nbsp;<\/p>\n","protected":false},"excerpt":{"rendered":"<p>El Gobernador del Estado y el Presidente Municipal, inauguraron ayer la avenida Eduardo Villase\u00f1or Pe\u00f1a,&#8230;<\/p>\n","protected":false},"author":1,"featured_media":3292,"comment_status":"open","ping_status":"open","sticky":false,"template":"","format":"standard","meta":{"jetpack_post_was_ever_published":false,"_jetpack_newsletter_access":"","_jetpack_dont_email_post_to_subs":false,"_jetpack_newsletter_tier_id":0,"_jetpack_memberships_contains_paywalled_content":false,"_jetpack_memberships_contains_paid_content":false,"footnotes":"","jetpack_publicize_message":"","jetpack_publicize_feature_enabled":true,"jetpack_social_post_already_shared":false,"jetpack_social_options":{"image_generator_settings":{"template":"highway","enabled":false},"version":2}},"categories":[1],"tags":[15,36],"class_list":["post-3291","post","type-post","status-publish","format-standard","has-post-thumbnail","hentry","category-la-piedad","tag-la-piedad","tag-principales"],"jetpack_publicize_connections":[],"jetpack_sharing_enabled":true,"featured_image_urls":{"full":["http:\/\/tvalaire.com\/wp-content\/uploads\/2018\/01\/LLEVAN-60-MDP-DE-INVERSION-EN-LA-ZONA-METROPOLITANA-ENTRE-GUANAJUATO-Y-MICHOACAN.jpg",2992,2000,false],"thumbnail":["http:\/\/tvalaire.com\/wp-content\/uploads\/2018\/01\/LLEVAN-60-MDP-DE-INVERSION-EN-LA-ZONA-METROPOLITANA-ENTRE-GUANAJUATO-Y-MICHOACAN-150x150.jpg",150,150,true],"medium":["http:\/\/tvalaire.com\/wp-content\/uploads\/2018\/01\/LLEVAN-60-MDP-DE-INVERSION-EN-LA-ZONA-METROPOLITANA-ENTRE-GUANAJUATO-Y-MICHOACAN-300x201.jpg",300,201,true],"medium_large":["http:\/\/tvalaire.com\/wp-content\/uploads\/2018\/01\/LLEVAN-60-MDP-DE-INVERSION-EN-LA-ZONA-METROPOLITANA-ENTRE-GUANAJUATO-Y-MICHOACAN-768x513.jpg",640,428,true],"large":["http:\/\/tvalaire.com\/wp-content\/uploads\/2018\/01\/LLEVAN-60-MDP-DE-INVERSION-EN-LA-ZONA-METROPOLITANA-ENTRE-GUANAJUATO-Y-MICHOACAN-1024x684.jpg",640,428,true],"post-slider-thumb-size":["http:\/\/tvalaire.com\/wp-content\/uploads\/2018\/01\/LLEVAN-60-MDP-DE-INVERSION-EN-LA-ZONA-METROPOLITANA-ENTRE-GUANAJUATO-Y-MICHOACAN.jpg",284,190,false],"post-category-slider-size":["http:\/\/tvalaire.com\/wp-content\/uploads\/2018\/01\/LLEVAN-60-MDP-DE-INVERSION-EN-LA-ZONA-METROPOLITANA-ENTRE-GUANAJUATO-Y-MICHOACAN.jpg",330,221,false],"1536x1536":["http:\/\/tvalaire.com\/wp-content\/uploads\/2018\/01\/LLEVAN-60-MDP-DE-INVERSION-EN-LA-ZONA-METROPOLITANA-ENTRE-GUANAJUATO-Y-MICHOACAN.jpg",1536,1027,false],"2048x2048":["http:\/\/tvalaire.com\/wp-content\/uploads\/2018\/01\/LLEVAN-60-MDP-DE-INVERSION-EN-LA-ZONA-METROPOLITANA-ENTRE-GUANAJUATO-Y-MICHOACAN.jpg",2048,1369,false],"newsium-slider-full":["http:\/\/tvalaire.com\/wp-content\/uploads\/2018\/01\/LLEVAN-60-MDP-DE-INVERSION-EN-LA-ZONA-METROPOLITANA-ENTRE-GUANAJUATO-Y-MICHOACAN.jpg",1264,845,false],"newsium-featured":["http:\/\/tvalaire.com\/wp-content\/uploads\/2018\/01\/LLEVAN-60-MDP-DE-INVERSION-EN-LA-ZONA-METROPOLITANA-ENTRE-GUANAJUATO-Y-MICHOACAN.jpg",1024,684,false],"newsium-medium":["http:\/\/tvalaire.com\/wp-content\/uploads\/2018\/01\/LLEVAN-60-MDP-DE-INVERSION-EN-LA-ZONA-METROPOLITANA-ENTRE-GUANAJUATO-Y-MICHOACAN.jpg",711,475,false]},"author_info":{"info":["tvalairenoti"]},"category_info":"<a href=\"http:\/\/tvalaire.com\/?cat=1\" rel=\"category\">La Piedad<\/a>","tag_info":"La Piedad","comment_count":"0","jetpack_featured_media_url":"http:\/\/tvalaire.com\/wp-content\/uploads\/2018\/01\/LLEVAN-60-MDP-DE-INVERSION-EN-LA-ZONA-METROPOLITANA-ENTRE-GUANAJUATO-Y-MICHOACAN.jpg","_links":{"self":[{"href":"http:\/\/tvalaire.com\/index.php?rest_route=\/wp\/v2\/posts\/3291"}],"collection":[{"href":"http:\/\/tvalaire.com\/index.php?rest_route=\/wp\/v2\/posts"}],"about":[{"href":"http:\/\/tvalaire.com\/index.php?rest_route=\/wp\/v2\/types\/post"}],"author":[{"embeddable":true,"href":"http:\/\/tvalaire.com\/index.php?rest_route=\/wp\/v2\/users\/1"}],"replies":[{"embeddable":true,"href":"http:\/\/tvalaire.com\/index.php?rest_route=%2Fwp%2Fv2%2Fcomments&post=3291"}],"version-history":[{"count":1,"href":"http:\/\/tvalaire.com\/index.php?rest_route=\/wp\/v2\/posts\/3291\/revisions"}],"predecessor-version":[{"id":3294,"href":"http:\/\/tvalaire.com\/index.php?rest_route=\/wp\/v2\/posts\/3291\/revisions\/3294"}],"wp:featuredmedia":[{"embeddable":true,"href":"http:\/\/tvalaire.com\/index.php?rest_route=\/wp\/v2\/media\/3292"}],"wp:attachment":[{"href":"http:\/\/tvalaire.com\/index.php?rest_route=%2Fwp%2Fv2%2Fmedia&parent=3291"}],"wp:term":[{"taxonomy":"category","embeddable":true,"href":"http:\/\/tvalaire.com\/index.php?rest_route=%2Fwp%2Fv2%2Fcategories&post=3291"},{"taxonomy":"post_tag","embeddable":true,"href":"http:\/\/tvalaire.com\/index.php?rest_route=%2Fwp%2Fv2%2Ftags&post=3291"}],"curies":[{"name":"wp","href":"https:\/\/api.w.org\/{rel}","templated":true}]}}