{"id":329,"date":"2017-02-06T10:21:05","date_gmt":"2017-02-06T16:21:05","guid":{"rendered":"http:\/\/tvalaire.com\/?p=329"},"modified":"2017-02-06T10:21:05","modified_gmt":"2017-02-06T16:21:05","slug":"invita-gobierno-de-la-piedad-a-tramitar-cartilla-militar","status":"publish","type":"post","link":"http:\/\/tvalaire.com\/?p=329","title":{"rendered":"INVITA GOBIERNO DE LA PIEDAD A TRAMITAR CARTILLA MILITAR"},"content":{"rendered":"<p class=\"xmsonormal\" style=\"background: white; text-align: left;\" align=\"center\">El Gobierno de La Piedad administrado por el mun\u00edcipe Juan Manuel Estrada Medina, por medio de la Secretaria del Ayuntamiento y en colaboraci\u00f3n con la Junta de Reclutamiento hace la invitaci\u00f3n a los j\u00f3venes anticipados y remisos clase 1999 para que acudan a realizar el tr\u00e1mite correspondiente del Servicio Militar Nacional\u00a0 (SMN).<\/p>\n<p class=\"xmsonormal\" style=\"text-align: justify; background: white; font-variant-ligatures: normal; font-variant-caps: normal; orphans: 2; widows: 2; -webkit-text-stroke-width: 0px; word-spacing: 0px;\"><span style=\"font-family: 'Arial','sans-serif'; color: #212121;\">Los interesados deber\u00e1n acudir a las oficinas de Secretaria en Palacio Municipal de forma personal a partir de las 09:00 de la ma\u00f1ana y hasta las 15:30 horas para solicitar mayores informes al respecto o bien comenzar con el tr\u00e1mite.<\/span><\/p>\n<p class=\"xmsonormal\" style=\"text-align: justify; background: white; font-variant-ligatures: normal; font-variant-caps: normal; orphans: 2; widows: 2; -webkit-text-stroke-width: 0px; word-spacing: 0px;\"><span style=\"font-family: 'Arial','sans-serif'; color: #212121;\">Es de importancia que los solicitantes tengan 18 a\u00f1os cumplidos o ser mayor y como m\u00e1ximo tener 37 a\u00f1os y nunca haber realizado el tr\u00e1mite. Para quienes viven en la ciudad pero nacieron en otros Estados y no son clase 1999 deber\u00e1n solicitar una constancia negativa de tr\u00e1mite de Cartilla Militar en la presidencia del lugar de nacimiento.<\/span><\/p>\n<p class=\"xmsonormal\" style=\"text-align: justify; background: white; font-variant-ligatures: normal; font-variant-caps: normal; orphans: 2; widows: 2; -webkit-text-stroke-width: 0px; word-spacing: 0px;\"><span style=\"font-family: 'Arial','sans-serif'; color: #212121;\">Para realizar la diligencia correspondiente los interesados tienen que acudir a la Secretaria del Ayuntamiento de La Piedad y presentar los siguientes documentos:<\/span><\/p>\n<p class=\"xmsonormal\" style=\"text-align: justify; background: white; font-variant-ligatures: normal; font-variant-caps: normal; orphans: 2; widows: 2; -webkit-text-stroke-width: 0px; word-spacing: 0px;\"><span style=\"font-family: 'Arial','sans-serif'; color: #212121;\">1.- 5 fotograf\u00edas en PAPEL MATE tama\u00f1o CREDENCIAL a COLOR, fondo blanco, de frente,\u00a0 sin brillo ni retoque, pelo bien recortado y sin pintar estrictamente corte tipo Militar, sin barba, sin bigote,\u00a0 sin patilla, frente y o\u00eddos completamente despejados, sin aretes, ceja normal (no tatuada ni depilada), con playera blanca cuello redondo, sin ning\u00fan tipo de colgante y que NO sean instant\u00e1neas, tiene que ser de estudio. NO SE RECIBIRAN POR NINGUN MOTIVO FOTOGRAF\u00cdAS QUE NO REUNAN LOS REQUISITOS.<\/span><\/p>\n<p class=\"xmsonormal\" style=\"text-align: justify; background: white; font-variant-ligatures: normal; font-variant-caps: normal; orphans: 2; widows: 2; -webkit-text-stroke-width: 0px; word-spacing: 0px;\"><span style=\"font-family: 'Arial','sans-serif'; color: #212121;\">2.- Original y 1 copia fotost\u00e1tica del acta de nacimiento reciente (m\u00e1ximo 1 a\u00f1o)<\/span><\/p>\n<p class=\"xmsonormal\" style=\"text-align: justify; background: white; font-variant-ligatures: normal; font-variant-caps: normal; orphans: 2; widows: 2; -webkit-text-stroke-width: 0px; word-spacing: 0px;\"><span style=\"font-family: 'Arial','sans-serif'; color: #212121;\">3.- 1 copia de comprobante de domicilio que sea igual a tu credencial de elector<\/span><\/p>\n<p class=\"xmsonormal\" style=\"text-align: justify; background: white; font-variant-ligatures: normal; font-variant-caps: normal; orphans: 2; widows: 2; -webkit-text-stroke-width: 0px; word-spacing: 0px;\"><span style=\"font-family: 'Arial','sans-serif'; color: #212121;\">4.- 1 copia de tu clave CURP ampliada en tama\u00f1o carta de forma horizontal al 200 o 230%\u00a0<\/span><\/p>\n<p class=\"xmsonormal\" style=\"text-align: justify; background: white; font-variant-ligatures: normal; font-variant-caps: normal; orphans: 2; widows: 2; -webkit-text-stroke-width: 0px; word-spacing: 0px;\"><span style=\"font-family: 'Arial','sans-serif'; color: #212121;\">5.- 1 copia de tu INE que sea igual el domicilio, al comprobante de domicilio<\/span><\/p>\n<p class=\"xmsonormal\" style=\"text-align: justify; background: white; font-variant-ligatures: normal; font-variant-caps: normal; orphans: 2; widows: 2; -webkit-text-stroke-width: 0px; word-spacing: 0px;\"><span style=\"font-family: 'Arial','sans-serif'; color: #212121;\">6.- 1 Constancia de tus \u00faltimos estudios o de lo que est\u00e9s cursando. (si eres analfabeto se omite el requisito).<\/span><\/p>\n","protected":false},"excerpt":{"rendered":"<p>El Gobierno de La Piedad administrado por el mun\u00edcipe Juan Manuel Estrada Medina, por medio&#8230;<\/p>\n","protected":false},"author":1,"featured_media":330,"comment_status":"open","ping_status":"open","sticky":false,"template":"","format":"standard","meta":{"jetpack_post_was_ever_published":false,"_jetpack_newsletter_access":"","_jetpack_dont_email_post_to_subs":false,"_jetpack_newsletter_tier_id":0,"_jetpack_memberships_contains_paywalled_content":false,"_jetpack_memberships_contains_paid_content":false,"footnotes":"","jetpack_publicize_message":"","jetpack_publicize_feature_enabled":true,"jetpack_social_post_already_shared":false,"jetpack_social_options":{"image_generator_settings":{"template":"highway","enabled":false},"version":2}},"categories":[1],"tags":[15,36],"class_list":["post-329","post","type-post","status-publish","format-standard","has-post-thumbnail","hentry","category-la-piedad","tag-la-piedad","tag-principales"],"jetpack_publicize_connections":[],"jetpack_sharing_enabled":true,"featured_image_urls":{"full":["http:\/\/tvalaire.com\/wp-content\/uploads\/2017\/02\/INVITA-GOBIERNO-DE-LA-PIEDAD-A-TRAMITAR-CARTILLA-MILITARINVITA-GOBIERNO-DE-LA-PIEDAD-A-TRAMITAR-CARTILLA-MILITAR.jpg",1024,683,false],"thumbnail":["http:\/\/tvalaire.com\/wp-content\/uploads\/2017\/02\/INVITA-GOBIERNO-DE-LA-PIEDAD-A-TRAMITAR-CARTILLA-MILITARINVITA-GOBIERNO-DE-LA-PIEDAD-A-TRAMITAR-CARTILLA-MILITAR-150x150.jpg",150,150,true],"medium":["http:\/\/tvalaire.com\/wp-content\/uploads\/2017\/02\/INVITA-GOBIERNO-DE-LA-PIEDAD-A-TRAMITAR-CARTILLA-MILITARINVITA-GOBIERNO-DE-LA-PIEDAD-A-TRAMITAR-CARTILLA-MILITAR-300x200.jpg",300,200,true],"medium_large":["http:\/\/tvalaire.com\/wp-content\/uploads\/2017\/02\/INVITA-GOBIERNO-DE-LA-PIEDAD-A-TRAMITAR-CARTILLA-MILITARINVITA-GOBIERNO-DE-LA-PIEDAD-A-TRAMITAR-CARTILLA-MILITAR-768x512.jpg",640,427,true],"large":["http:\/\/tvalaire.com\/wp-content\/uploads\/2017\/02\/INVITA-GOBIERNO-DE-LA-PIEDAD-A-TRAMITAR-CARTILLA-MILITARINVITA-GOBIERNO-DE-LA-PIEDAD-A-TRAMITAR-CARTILLA-MILITAR-1024x683.jpg",640,427,true],"post-slider-thumb-size":["http:\/\/tvalaire.com\/wp-content\/uploads\/2017\/02\/INVITA-GOBIERNO-DE-LA-PIEDAD-A-TRAMITAR-CARTILLA-MILITARINVITA-GOBIERNO-DE-LA-PIEDAD-A-TRAMITAR-CARTILLA-MILITAR.jpg",285,190,false],"post-category-slider-size":["http:\/\/tvalaire.com\/wp-content\/uploads\/2017\/02\/INVITA-GOBIERNO-DE-LA-PIEDAD-A-TRAMITAR-CARTILLA-MILITARINVITA-GOBIERNO-DE-LA-PIEDAD-A-TRAMITAR-CARTILLA-MILITAR.jpg",330,220,false],"1536x1536":["http:\/\/tvalaire.com\/wp-content\/uploads\/2017\/02\/INVITA-GOBIERNO-DE-LA-PIEDAD-A-TRAMITAR-CARTILLA-MILITARINVITA-GOBIERNO-DE-LA-PIEDAD-A-TRAMITAR-CARTILLA-MILITAR.jpg",1024,683,false],"2048x2048":["http:\/\/tvalaire.com\/wp-content\/uploads\/2017\/02\/INVITA-GOBIERNO-DE-LA-PIEDAD-A-TRAMITAR-CARTILLA-MILITARINVITA-GOBIERNO-DE-LA-PIEDAD-A-TRAMITAR-CARTILLA-MILITAR.jpg",1024,683,false],"newsium-slider-full":["http:\/\/tvalaire.com\/wp-content\/uploads\/2017\/02\/INVITA-GOBIERNO-DE-LA-PIEDAD-A-TRAMITAR-CARTILLA-MILITARINVITA-GOBIERNO-DE-LA-PIEDAD-A-TRAMITAR-CARTILLA-MILITAR.jpg",1024,683,false],"newsium-featured":["http:\/\/tvalaire.com\/wp-content\/uploads\/2017\/02\/INVITA-GOBIERNO-DE-LA-PIEDAD-A-TRAMITAR-CARTILLA-MILITARINVITA-GOBIERNO-DE-LA-PIEDAD-A-TRAMITAR-CARTILLA-MILITAR.jpg",1024,683,false],"newsium-medium":["http:\/\/tvalaire.com\/wp-content\/uploads\/2017\/02\/INVITA-GOBIERNO-DE-LA-PIEDAD-A-TRAMITAR-CARTILLA-MILITARINVITA-GOBIERNO-DE-LA-PIEDAD-A-TRAMITAR-CARTILLA-MILITAR.jpg",712,475,false]},"author_info":{"info":["tvalairenoti"]},"category_info":"<a href=\"http:\/\/tvalaire.com\/?cat=1\" rel=\"category\">La Piedad<\/a>","tag_info":"La Piedad","comment_count":"0","jetpack_featured_media_url":"http:\/\/tvalaire.com\/wp-content\/uploads\/2017\/02\/INVITA-GOBIERNO-DE-LA-PIEDAD-A-TRAMITAR-CARTILLA-MILITARINVITA-GOBIERNO-DE-LA-PIEDAD-A-TRAMITAR-CARTILLA-MILITAR.jpg","_links":{"self":[{"href":"http:\/\/tvalaire.com\/index.php?rest_route=\/wp\/v2\/posts\/329"}],"collection":[{"href":"http:\/\/tvalaire.com\/index.php?rest_route=\/wp\/v2\/posts"}],"about":[{"href":"http:\/\/tvalaire.com\/index.php?rest_route=\/wp\/v2\/types\/post"}],"author":[{"embeddable":true,"href":"http:\/\/tvalaire.com\/index.php?rest_route=\/wp\/v2\/users\/1"}],"replies":[{"embeddable":true,"href":"http:\/\/tvalaire.com\/index.php?rest_route=%2Fwp%2Fv2%2Fcomments&post=329"}],"version-history":[{"count":1,"href":"http:\/\/tvalaire.com\/index.php?rest_route=\/wp\/v2\/posts\/329\/revisions"}],"predecessor-version":[{"id":331,"href":"http:\/\/tvalaire.com\/index.php?rest_route=\/wp\/v2\/posts\/329\/revisions\/331"}],"wp:featuredmedia":[{"embeddable":true,"href":"http:\/\/tvalaire.com\/index.php?rest_route=\/wp\/v2\/media\/330"}],"wp:attachment":[{"href":"http:\/\/tvalaire.com\/index.php?rest_route=%2Fwp%2Fv2%2Fmedia&parent=329"}],"wp:term":[{"taxonomy":"category","embeddable":true,"href":"http:\/\/tvalaire.com\/index.php?rest_route=%2Fwp%2Fv2%2Fcategories&post=329"},{"taxonomy":"post_tag","embeddable":true,"href":"http:\/\/tvalaire.com\/index.php?rest_route=%2Fwp%2Fv2%2Ftags&post=329"}],"curies":[{"name":"wp","href":"https:\/\/api.w.org\/{rel}","templated":true}]}}