{"id":3280,"date":"2018-01-05T10:08:19","date_gmt":"2018-01-05T16:08:19","guid":{"rendered":"http:\/\/tvalaire.com\/?p=3280"},"modified":"2018-01-05T10:08:19","modified_gmt":"2018-01-05T16:08:19","slug":"arrancan-trabajos-de-regeneracion-del-cruce-del-bulevar-lazaro-cardenas-y-juan-pablo-ii","status":"publish","type":"post","link":"http:\/\/tvalaire.com\/?p=3280","title":{"rendered":"ARRANCAN TRABAJOS DE REGENERACI\u00d3N DEL CRUCE DEL BULEVAR L\u00c1ZARO C\u00c1RDENAS Y JUAN PABLO II"},"content":{"rendered":"<p>Se dio el banderazo de arranque de los trabajos de la regeneraci\u00f3n del crucero entre el bulevar L\u00e1zaro C\u00e1rdenas y el Juan Pablo II en lo que corresponde al segundo cuerpo.<\/p>\n<p>El entronque que ser\u00e1 totalmente regenerado, marca la entrada a la ciudad por el bulevar Juan Pablo II.<\/p>\n<p>Los trabajos que iniciaron partir\u00e1n de dos de los tres carriles por lo que la entrada de veh\u00edculos hac\u00eda el bulevar L\u00e1zaro C\u00e1rdenas \u00fanicamente se redujo y permanecer\u00e1 as\u00ed por espacio de dos meses que es el tiempo que se establece para realizar la obra.<\/p>\n<p>Por lo anterior, se pidi\u00f3 la comprensi\u00f3n de los conductores, ya que la circulaci\u00f3n se ver\u00e1 reducida, adem\u00e1s de solicitar transitar con precauci\u00f3n en este tramo.<\/p>\n<p>Se trata de uno de los puntos con mayor afluencia vehicular en la ciudad que sin embargo, se encontraba en muy malas condiciones, pues se estima que durante m\u00e1s de 15 a\u00f1os, no se le dio mantenimiento estructural alguno.<\/p>\n<p>En esta ocasi\u00f3n, al igual que como se hizo en el primer cuerpo, se rehabilitar\u00e1 por completo procediendo a levantar toda la carpeta, base y sub base, para colocar concreto hidr\u00e1ulico.<\/p>\n<p>Durante el arranque inicial de esta obra, adem\u00e1s de la presencia del director de Obras P\u00fablicas y regidores que forman parte del Ayuntamiento, tambi\u00e9n se cont\u00f3 con la presencia de personal de Tel\u00e9fonos de M\u00e9xico, con la finalidad de que sean ellos quienes marquen las \u00e1reas en las que se encuentra ubicada la fibra de \u00f3ptica, para no da\u00f1arla.<\/p>\n<p>&nbsp;<\/p>\n","protected":false},"excerpt":{"rendered":"<p>Se dio el banderazo de arranque de los trabajos de la regeneraci\u00f3n del crucero entre&#8230;<\/p>\n","protected":false},"author":1,"featured_media":3274,"comment_status":"open","ping_status":"open","sticky":false,"template":"","format":"standard","meta":{"jetpack_post_was_ever_published":false,"_jetpack_newsletter_access":"","_jetpack_dont_email_post_to_subs":false,"_jetpack_newsletter_tier_id":0,"_jetpack_memberships_contains_paywalled_content":false,"_jetpack_memberships_contains_paid_content":false,"footnotes":"","jetpack_publicize_message":"","jetpack_publicize_feature_enabled":true,"jetpack_social_post_already_shared":false,"jetpack_social_options":{"image_generator_settings":{"template":"highway","enabled":false},"version":2}},"categories":[1],"tags":[15,36],"class_list":["post-3280","post","type-post","status-publish","format-standard","has-post-thumbnail","hentry","category-la-piedad","tag-la-piedad","tag-principales"],"jetpack_publicize_connections":[],"jetpack_sharing_enabled":true,"featured_image_urls":{"full":["http:\/\/tvalaire.com\/wp-content\/uploads\/2018\/01\/ARRANCAN-TRABAJOS-DE-REGENERACI\u00d3N-DEL-CRUCE-DEL-BULEVAR-L\u00c1ZARO-C\u00c1RDENAS-Y-JUAN-PABLO-II.jpg",1024,683,false],"thumbnail":["http:\/\/tvalaire.com\/wp-content\/uploads\/2018\/01\/ARRANCAN-TRABAJOS-DE-REGENERACI\u00d3N-DEL-CRUCE-DEL-BULEVAR-L\u00c1ZARO-C\u00c1RDENAS-Y-JUAN-PABLO-II-150x150.jpg",150,150,true],"medium":["http:\/\/tvalaire.com\/wp-content\/uploads\/2018\/01\/ARRANCAN-TRABAJOS-DE-REGENERACI\u00d3N-DEL-CRUCE-DEL-BULEVAR-L\u00c1ZARO-C\u00c1RDENAS-Y-JUAN-PABLO-II-300x200.jpg",300,200,true],"medium_large":["http:\/\/tvalaire.com\/wp-content\/uploads\/2018\/01\/ARRANCAN-TRABAJOS-DE-REGENERACI\u00d3N-DEL-CRUCE-DEL-BULEVAR-L\u00c1ZARO-C\u00c1RDENAS-Y-JUAN-PABLO-II-768x512.jpg",640,427,true],"large":["http:\/\/tvalaire.com\/wp-content\/uploads\/2018\/01\/ARRANCAN-TRABAJOS-DE-REGENERACI\u00d3N-DEL-CRUCE-DEL-BULEVAR-L\u00c1ZARO-C\u00c1RDENAS-Y-JUAN-PABLO-II-1024x683.jpg",640,427,true],"post-slider-thumb-size":["http:\/\/tvalaire.com\/wp-content\/uploads\/2018\/01\/ARRANCAN-TRABAJOS-DE-REGENERACI\u00d3N-DEL-CRUCE-DEL-BULEVAR-L\u00c1ZARO-C\u00c1RDENAS-Y-JUAN-PABLO-II.jpg",285,190,false],"post-category-slider-size":["http:\/\/tvalaire.com\/wp-content\/uploads\/2018\/01\/ARRANCAN-TRABAJOS-DE-REGENERACI\u00d3N-DEL-CRUCE-DEL-BULEVAR-L\u00c1ZARO-C\u00c1RDENAS-Y-JUAN-PABLO-II.jpg",330,220,false],"1536x1536":["http:\/\/tvalaire.com\/wp-content\/uploads\/2018\/01\/ARRANCAN-TRABAJOS-DE-REGENERACI\u00d3N-DEL-CRUCE-DEL-BULEVAR-L\u00c1ZARO-C\u00c1RDENAS-Y-JUAN-PABLO-II.jpg",1024,683,false],"2048x2048":["http:\/\/tvalaire.com\/wp-content\/uploads\/2018\/01\/ARRANCAN-TRABAJOS-DE-REGENERACI\u00d3N-DEL-CRUCE-DEL-BULEVAR-L\u00c1ZARO-C\u00c1RDENAS-Y-JUAN-PABLO-II.jpg",1024,683,false],"newsium-slider-full":["http:\/\/tvalaire.com\/wp-content\/uploads\/2018\/01\/ARRANCAN-TRABAJOS-DE-REGENERACI\u00d3N-DEL-CRUCE-DEL-BULEVAR-L\u00c1ZARO-C\u00c1RDENAS-Y-JUAN-PABLO-II.jpg",1024,683,false],"newsium-featured":["http:\/\/tvalaire.com\/wp-content\/uploads\/2018\/01\/ARRANCAN-TRABAJOS-DE-REGENERACI\u00d3N-DEL-CRUCE-DEL-BULEVAR-L\u00c1ZARO-C\u00c1RDENAS-Y-JUAN-PABLO-II.jpg",1024,683,false],"newsium-medium":["http:\/\/tvalaire.com\/wp-content\/uploads\/2018\/01\/ARRANCAN-TRABAJOS-DE-REGENERACI\u00d3N-DEL-CRUCE-DEL-BULEVAR-L\u00c1ZARO-C\u00c1RDENAS-Y-JUAN-PABLO-II.jpg",712,475,false]},"author_info":{"info":["tvalairenoti"]},"category_info":"<a href=\"http:\/\/tvalaire.com\/?cat=1\" rel=\"category\">La Piedad<\/a>","tag_info":"La Piedad","comment_count":"0","jetpack_featured_media_url":"http:\/\/tvalaire.com\/wp-content\/uploads\/2018\/01\/ARRANCAN-TRABAJOS-DE-REGENERACI\u00d3N-DEL-CRUCE-DEL-BULEVAR-L\u00c1ZARO-C\u00c1RDENAS-Y-JUAN-PABLO-II.jpg","_links":{"self":[{"href":"http:\/\/tvalaire.com\/index.php?rest_route=\/wp\/v2\/posts\/3280"}],"collection":[{"href":"http:\/\/tvalaire.com\/index.php?rest_route=\/wp\/v2\/posts"}],"about":[{"href":"http:\/\/tvalaire.com\/index.php?rest_route=\/wp\/v2\/types\/post"}],"author":[{"embeddable":true,"href":"http:\/\/tvalaire.com\/index.php?rest_route=\/wp\/v2\/users\/1"}],"replies":[{"embeddable":true,"href":"http:\/\/tvalaire.com\/index.php?rest_route=%2Fwp%2Fv2%2Fcomments&post=3280"}],"version-history":[{"count":1,"href":"http:\/\/tvalaire.com\/index.php?rest_route=\/wp\/v2\/posts\/3280\/revisions"}],"predecessor-version":[{"id":3281,"href":"http:\/\/tvalaire.com\/index.php?rest_route=\/wp\/v2\/posts\/3280\/revisions\/3281"}],"wp:featuredmedia":[{"embeddable":true,"href":"http:\/\/tvalaire.com\/index.php?rest_route=\/wp\/v2\/media\/3274"}],"wp:attachment":[{"href":"http:\/\/tvalaire.com\/index.php?rest_route=%2Fwp%2Fv2%2Fmedia&parent=3280"}],"wp:term":[{"taxonomy":"category","embeddable":true,"href":"http:\/\/tvalaire.com\/index.php?rest_route=%2Fwp%2Fv2%2Fcategories&post=3280"},{"taxonomy":"post_tag","embeddable":true,"href":"http:\/\/tvalaire.com\/index.php?rest_route=%2Fwp%2Fv2%2Ftags&post=3280"}],"curies":[{"name":"wp","href":"https:\/\/api.w.org\/{rel}","templated":true}]}}