{"id":3278,"date":"2018-01-05T10:07:36","date_gmt":"2018-01-05T16:07:36","guid":{"rendered":"http:\/\/tvalaire.com\/?p=3278"},"modified":"2018-01-05T10:07:36","modified_gmt":"2018-01-05T16:07:36","slug":"entregaron-estimulos-economicos-a-los-deportistas-destacados-del-2017","status":"publish","type":"post","link":"http:\/\/tvalaire.com\/?p=3278","title":{"rendered":"ENTREGARON EST\u00cdMULOS ECON\u00d3MICOS A LOS DEPORTISTAS DESTACADOS DEL 2017"},"content":{"rendered":"<p>A nombre del Presidente Municipal, este d\u00eda fueron entregados los est\u00edmulos econ\u00f3micos que otorga el Gobierno local a los deportistas m\u00e1s destacados del a\u00f1o 2017.<\/p>\n<p>Dicho apoyo, lo otorga el Gobierno Municipal con el fin de motivarlos a seguir representando de manera digna a La Piedad en cada una de las disciplinas que en esta ocasi\u00f3n, fueron galardonados.<\/p>\n<p>Entre los premiados fueron: el equipo Municipal de Sordos, as\u00ed como a Claudia Sotelo Ballesteros, por su destacada participaci\u00f3n como futbolista.<\/p>\n<p>Diana Laura Islas Garc\u00eda de atletismo; Lourdes Noem\u00ed Vallecillo Guerra de charrer\u00eda; J. Refugio Gallegos D\u00edaz de b\u00e9isbol y al profesor Eliseo S\u00e1nchez Enr\u00edquez de f\u00edsico constructivismo.<\/p>\n<p>El Gobierno Municipal reconoce su amplia y fruct\u00edfera trayectoria y los conmina a seguir por ese camino, as\u00ed como a seguir siendo ejemplo para otras generaciones.<\/p>\n<p>&nbsp;<\/p>\n","protected":false},"excerpt":{"rendered":"<p>A nombre del Presidente Municipal, este d\u00eda fueron entregados los est\u00edmulos econ\u00f3micos que otorga el&#8230;<\/p>\n","protected":false},"author":1,"featured_media":3275,"comment_status":"open","ping_status":"open","sticky":false,"template":"","format":"standard","meta":{"jetpack_post_was_ever_published":false,"_jetpack_newsletter_access":"","_jetpack_dont_email_post_to_subs":false,"_jetpack_newsletter_tier_id":0,"_jetpack_memberships_contains_paywalled_content":false,"_jetpack_memberships_contains_paid_content":false,"footnotes":"","jetpack_publicize_message":"","jetpack_publicize_feature_enabled":true,"jetpack_social_post_already_shared":false,"jetpack_social_options":{"image_generator_settings":{"template":"highway","enabled":false},"version":2}},"categories":[1],"tags":[15,36],"class_list":["post-3278","post","type-post","status-publish","format-standard","has-post-thumbnail","hentry","category-la-piedad","tag-la-piedad","tag-principales"],"jetpack_publicize_connections":[],"jetpack_sharing_enabled":true,"featured_image_urls":{"full":["http:\/\/tvalaire.com\/wp-content\/uploads\/2018\/01\/ENTREGARON-EST\u00cdMULOS-ECON\u00d3MICOS-A-LOS-DEPORTISTAS-DESTACADOS-DEL-2017.jpg",1000,750,false],"thumbnail":["http:\/\/tvalaire.com\/wp-content\/uploads\/2018\/01\/ENTREGARON-EST\u00cdMULOS-ECON\u00d3MICOS-A-LOS-DEPORTISTAS-DESTACADOS-DEL-2017-150x150.jpg",150,150,true],"medium":["http:\/\/tvalaire.com\/wp-content\/uploads\/2018\/01\/ENTREGARON-EST\u00cdMULOS-ECON\u00d3MICOS-A-LOS-DEPORTISTAS-DESTACADOS-DEL-2017-300x225.jpg",300,225,true],"medium_large":["http:\/\/tvalaire.com\/wp-content\/uploads\/2018\/01\/ENTREGARON-EST\u00cdMULOS-ECON\u00d3MICOS-A-LOS-DEPORTISTAS-DESTACADOS-DEL-2017-768x576.jpg",640,480,true],"large":["http:\/\/tvalaire.com\/wp-content\/uploads\/2018\/01\/ENTREGARON-EST\u00cdMULOS-ECON\u00d3MICOS-A-LOS-DEPORTISTAS-DESTACADOS-DEL-2017.jpg",640,480,false],"post-slider-thumb-size":["http:\/\/tvalaire.com\/wp-content\/uploads\/2018\/01\/ENTREGARON-EST\u00cdMULOS-ECON\u00d3MICOS-A-LOS-DEPORTISTAS-DESTACADOS-DEL-2017.jpg",253,190,false],"post-category-slider-size":["http:\/\/tvalaire.com\/wp-content\/uploads\/2018\/01\/ENTREGARON-EST\u00cdMULOS-ECON\u00d3MICOS-A-LOS-DEPORTISTAS-DESTACADOS-DEL-2017.jpg",330,248,false],"1536x1536":["http:\/\/tvalaire.com\/wp-content\/uploads\/2018\/01\/ENTREGARON-EST\u00cdMULOS-ECON\u00d3MICOS-A-LOS-DEPORTISTAS-DESTACADOS-DEL-2017.jpg",1000,750,false],"2048x2048":["http:\/\/tvalaire.com\/wp-content\/uploads\/2018\/01\/ENTREGARON-EST\u00cdMULOS-ECON\u00d3MICOS-A-LOS-DEPORTISTAS-DESTACADOS-DEL-2017.jpg",1000,750,false],"newsium-slider-full":["http:\/\/tvalaire.com\/wp-content\/uploads\/2018\/01\/ENTREGARON-EST\u00cdMULOS-ECON\u00d3MICOS-A-LOS-DEPORTISTAS-DESTACADOS-DEL-2017.jpg",1000,750,false],"newsium-featured":["http:\/\/tvalaire.com\/wp-content\/uploads\/2018\/01\/ENTREGARON-EST\u00cdMULOS-ECON\u00d3MICOS-A-LOS-DEPORTISTAS-DESTACADOS-DEL-2017.jpg",1000,750,false],"newsium-medium":["http:\/\/tvalaire.com\/wp-content\/uploads\/2018\/01\/ENTREGARON-EST\u00cdMULOS-ECON\u00d3MICOS-A-LOS-DEPORTISTAS-DESTACADOS-DEL-2017.jpg",633,475,false]},"author_info":{"info":["tvalairenoti"]},"category_info":"<a href=\"http:\/\/tvalaire.com\/?cat=1\" rel=\"category\">La Piedad<\/a>","tag_info":"La Piedad","comment_count":"0","jetpack_featured_media_url":"http:\/\/tvalaire.com\/wp-content\/uploads\/2018\/01\/ENTREGARON-EST\u00cdMULOS-ECON\u00d3MICOS-A-LOS-DEPORTISTAS-DESTACADOS-DEL-2017.jpg","_links":{"self":[{"href":"http:\/\/tvalaire.com\/index.php?rest_route=\/wp\/v2\/posts\/3278"}],"collection":[{"href":"http:\/\/tvalaire.com\/index.php?rest_route=\/wp\/v2\/posts"}],"about":[{"href":"http:\/\/tvalaire.com\/index.php?rest_route=\/wp\/v2\/types\/post"}],"author":[{"embeddable":true,"href":"http:\/\/tvalaire.com\/index.php?rest_route=\/wp\/v2\/users\/1"}],"replies":[{"embeddable":true,"href":"http:\/\/tvalaire.com\/index.php?rest_route=%2Fwp%2Fv2%2Fcomments&post=3278"}],"version-history":[{"count":1,"href":"http:\/\/tvalaire.com\/index.php?rest_route=\/wp\/v2\/posts\/3278\/revisions"}],"predecessor-version":[{"id":3279,"href":"http:\/\/tvalaire.com\/index.php?rest_route=\/wp\/v2\/posts\/3278\/revisions\/3279"}],"wp:featuredmedia":[{"embeddable":true,"href":"http:\/\/tvalaire.com\/index.php?rest_route=\/wp\/v2\/media\/3275"}],"wp:attachment":[{"href":"http:\/\/tvalaire.com\/index.php?rest_route=%2Fwp%2Fv2%2Fmedia&parent=3278"}],"wp:term":[{"taxonomy":"category","embeddable":true,"href":"http:\/\/tvalaire.com\/index.php?rest_route=%2Fwp%2Fv2%2Fcategories&post=3278"},{"taxonomy":"post_tag","embeddable":true,"href":"http:\/\/tvalaire.com\/index.php?rest_route=%2Fwp%2Fv2%2Ftags&post=3278"}],"curies":[{"name":"wp","href":"https:\/\/api.w.org\/{rel}","templated":true}]}}