{"id":3273,"date":"2018-01-05T10:06:54","date_gmt":"2018-01-05T16:06:54","guid":{"rendered":"http:\/\/tvalaire.com\/?p=3273"},"modified":"2018-01-05T10:06:54","modified_gmt":"2018-01-05T16:06:54","slug":"gabriel-bernal-formaliza-ante-el-iem-su-aspiracion-a-una-candidatura-independiente-para-la-presidencia-municipal","status":"publish","type":"post","link":"http:\/\/tvalaire.com\/?p=3273","title":{"rendered":"GABRIEL BERNAL FORMALIZA ANTE EL IEM SU ASPIRACI\u00d3N A UNA CANDIDATURA INDEPENDIENTE PARA LA PRESIDENCIA MUNICIPAL"},"content":{"rendered":"<p>El pasado mi\u00e9rcoles 3 de enero en punto de las 9:30 a.m., se llev\u00f3 a cabo el registro del C.P. Gabriel Bernal Mart\u00ednez como aspirante a candidato independiente a la presidencia municipal de La Piedad, Michoac\u00e1n.<\/p>\n<p>Los documentos necesarios para el registro se entregaron en tiempo y forma en el m\u00f3dulo del Instituto Electoral de Michoac\u00e1n, situado en nuestro municipio, ya que el plazo para obtener el registro de los ciudadanos interesados a ser aspirantes a candidatos independientes es del 2 al 6 de enero.<\/p>\n<p>Durante el proceso de entrega, Gabriel Bernal estuvo acompa\u00f1ado por los integrantes de su planilla, as\u00ed como por algunas otras personalidades, entre ellos amigos, simpatizantes y familiares del aspirante a candidato.<\/p>\n<p>Bernal es un ciudadano independiente que sigue el proceso requerido por el IEM, el cual inicia con la entrega de la documentaci\u00f3n de toda su planilla, misma que ser\u00e1 enviada a Morelia para su revisi\u00f3n y aprobaci\u00f3n.<\/p>\n<p>Los ciudadanos que lo acompa\u00f1an en el proyecto son:<\/p>\n<p>Ana Lilia Hern\u00e1ndez Guti\u00e9rrez<\/p>\n<p>Ver\u00f3nica Parra Mart\u00ednez<\/p>\n<p>1.- Jes\u00fas Avalos Salgado<\/p>\n<p>Juan Carlos Santiago Navarrete<\/p>\n<p>2.- Leslie Hern\u00e1ndez Ramos<\/p>\n<p>Mireya Adriana Mej\u00eda Ayala<\/p>\n<p>3.- Gabriel Murillo Hern\u00e1ndez<\/p>\n<p>Jorge Alberto Barr\u00f3 \u00c1vila<\/p>\n<p>4.- Mar\u00eda Magdalena \u00c1vila Herrera<\/p>\n<p>Azucena Agui\u00f1iga Aguilera<\/p>\n<p>5.- Jos\u00e9 de Jes\u00fas Campos Gonz\u00e1lez<\/p>\n<ol>\n<li>Guadalupe L\u00f3pez Gaona<\/li>\n<\/ol>\n<p>6.- Josefina Bustamante Ojeda<\/p>\n<p>Nancy Yanett Hern\u00e1ndez Mej\u00eda<\/p>\n<p>7.- Cesar Isidro Gonz\u00e1lez Goytia<\/p>\n<p>Eduardo Sol\u00eds Urenda.<\/p>\n<p>&nbsp;<\/p>\n<p>Gabriel Bernal asegur\u00f3 que las personas que conforman su planilla son ciudadanos comprometidos, responsables y sin ninguna militancia partidista.<\/p>\n<p>&nbsp;<\/p>\n","protected":false},"excerpt":{"rendered":"<p>El pasado mi\u00e9rcoles 3 de enero en punto de las 9:30 a.m., se llev\u00f3 a&#8230;<\/p>\n","protected":false},"author":1,"featured_media":3276,"comment_status":"open","ping_status":"open","sticky":false,"template":"","format":"standard","meta":{"jetpack_post_was_ever_published":false,"_jetpack_newsletter_access":"","_jetpack_dont_email_post_to_subs":false,"_jetpack_newsletter_tier_id":0,"_jetpack_memberships_contains_paywalled_content":false,"_jetpack_memberships_contains_paid_content":false,"footnotes":"","jetpack_publicize_message":"","jetpack_publicize_feature_enabled":true,"jetpack_social_post_already_shared":false,"jetpack_social_options":{"image_generator_settings":{"template":"highway","enabled":false},"version":2}},"categories":[1],"tags":[15,36],"class_list":["post-3273","post","type-post","status-publish","format-standard","has-post-thumbnail","hentry","category-la-piedad","tag-la-piedad","tag-principales"],"jetpack_publicize_connections":[],"jetpack_sharing_enabled":true,"featured_image_urls":{"full":["http:\/\/tvalaire.com\/wp-content\/uploads\/2018\/01\/GABRIEL-BERNAL-FORMALIZA-ANTE-EL-IEM-SU-ASPIRACI\u00d3N-A-UNA-CANDIDATURA-INDEPENDIENTE-PARA-LA-PRESIDENCIA-MUNICIPAL2.jpeg",1280,960,false],"thumbnail":["http:\/\/tvalaire.com\/wp-content\/uploads\/2018\/01\/GABRIEL-BERNAL-FORMALIZA-ANTE-EL-IEM-SU-ASPIRACI\u00d3N-A-UNA-CANDIDATURA-INDEPENDIENTE-PARA-LA-PRESIDENCIA-MUNICIPAL2-150x150.jpeg",150,150,true],"medium":["http:\/\/tvalaire.com\/wp-content\/uploads\/2018\/01\/GABRIEL-BERNAL-FORMALIZA-ANTE-EL-IEM-SU-ASPIRACI\u00d3N-A-UNA-CANDIDATURA-INDEPENDIENTE-PARA-LA-PRESIDENCIA-MUNICIPAL2-300x225.jpeg",300,225,true],"medium_large":["http:\/\/tvalaire.com\/wp-content\/uploads\/2018\/01\/GABRIEL-BERNAL-FORMALIZA-ANTE-EL-IEM-SU-ASPIRACI\u00d3N-A-UNA-CANDIDATURA-INDEPENDIENTE-PARA-LA-PRESIDENCIA-MUNICIPAL2-768x576.jpeg",640,480,true],"large":["http:\/\/tvalaire.com\/wp-content\/uploads\/2018\/01\/GABRIEL-BERNAL-FORMALIZA-ANTE-EL-IEM-SU-ASPIRACI\u00d3N-A-UNA-CANDIDATURA-INDEPENDIENTE-PARA-LA-PRESIDENCIA-MUNICIPAL2-1024x768.jpeg",640,480,true],"post-slider-thumb-size":["http:\/\/tvalaire.com\/wp-content\/uploads\/2018\/01\/GABRIEL-BERNAL-FORMALIZA-ANTE-EL-IEM-SU-ASPIRACI\u00d3N-A-UNA-CANDIDATURA-INDEPENDIENTE-PARA-LA-PRESIDENCIA-MUNICIPAL2.jpeg",253,190,false],"post-category-slider-size":["http:\/\/tvalaire.com\/wp-content\/uploads\/2018\/01\/GABRIEL-BERNAL-FORMALIZA-ANTE-EL-IEM-SU-ASPIRACI\u00d3N-A-UNA-CANDIDATURA-INDEPENDIENTE-PARA-LA-PRESIDENCIA-MUNICIPAL2.jpeg",330,248,false],"1536x1536":["http:\/\/tvalaire.com\/wp-content\/uploads\/2018\/01\/GABRIEL-BERNAL-FORMALIZA-ANTE-EL-IEM-SU-ASPIRACI\u00d3N-A-UNA-CANDIDATURA-INDEPENDIENTE-PARA-LA-PRESIDENCIA-MUNICIPAL2.jpeg",1280,960,false],"2048x2048":["http:\/\/tvalaire.com\/wp-content\/uploads\/2018\/01\/GABRIEL-BERNAL-FORMALIZA-ANTE-EL-IEM-SU-ASPIRACI\u00d3N-A-UNA-CANDIDATURA-INDEPENDIENTE-PARA-LA-PRESIDENCIA-MUNICIPAL2.jpeg",1280,960,false],"newsium-slider-full":["http:\/\/tvalaire.com\/wp-content\/uploads\/2018\/01\/GABRIEL-BERNAL-FORMALIZA-ANTE-EL-IEM-SU-ASPIRACI\u00d3N-A-UNA-CANDIDATURA-INDEPENDIENTE-PARA-LA-PRESIDENCIA-MUNICIPAL2.jpeg",1127,845,false],"newsium-featured":["http:\/\/tvalaire.com\/wp-content\/uploads\/2018\/01\/GABRIEL-BERNAL-FORMALIZA-ANTE-EL-IEM-SU-ASPIRACI\u00d3N-A-UNA-CANDIDATURA-INDEPENDIENTE-PARA-LA-PRESIDENCIA-MUNICIPAL2.jpeg",1024,768,false],"newsium-medium":["http:\/\/tvalaire.com\/wp-content\/uploads\/2018\/01\/GABRIEL-BERNAL-FORMALIZA-ANTE-EL-IEM-SU-ASPIRACI\u00d3N-A-UNA-CANDIDATURA-INDEPENDIENTE-PARA-LA-PRESIDENCIA-MUNICIPAL2.jpeg",633,475,false]},"author_info":{"info":["tvalairenoti"]},"category_info":"<a href=\"http:\/\/tvalaire.com\/?cat=1\" rel=\"category\">La Piedad<\/a>","tag_info":"La Piedad","comment_count":"0","jetpack_featured_media_url":"http:\/\/tvalaire.com\/wp-content\/uploads\/2018\/01\/GABRIEL-BERNAL-FORMALIZA-ANTE-EL-IEM-SU-ASPIRACI\u00d3N-A-UNA-CANDIDATURA-INDEPENDIENTE-PARA-LA-PRESIDENCIA-MUNICIPAL2.jpeg","_links":{"self":[{"href":"http:\/\/tvalaire.com\/index.php?rest_route=\/wp\/v2\/posts\/3273"}],"collection":[{"href":"http:\/\/tvalaire.com\/index.php?rest_route=\/wp\/v2\/posts"}],"about":[{"href":"http:\/\/tvalaire.com\/index.php?rest_route=\/wp\/v2\/types\/post"}],"author":[{"embeddable":true,"href":"http:\/\/tvalaire.com\/index.php?rest_route=\/wp\/v2\/users\/1"}],"replies":[{"embeddable":true,"href":"http:\/\/tvalaire.com\/index.php?rest_route=%2Fwp%2Fv2%2Fcomments&post=3273"}],"version-history":[{"count":1,"href":"http:\/\/tvalaire.com\/index.php?rest_route=\/wp\/v2\/posts\/3273\/revisions"}],"predecessor-version":[{"id":3277,"href":"http:\/\/tvalaire.com\/index.php?rest_route=\/wp\/v2\/posts\/3273\/revisions\/3277"}],"wp:featuredmedia":[{"embeddable":true,"href":"http:\/\/tvalaire.com\/index.php?rest_route=\/wp\/v2\/media\/3276"}],"wp:attachment":[{"href":"http:\/\/tvalaire.com\/index.php?rest_route=%2Fwp%2Fv2%2Fmedia&parent=3273"}],"wp:term":[{"taxonomy":"category","embeddable":true,"href":"http:\/\/tvalaire.com\/index.php?rest_route=%2Fwp%2Fv2%2Fcategories&post=3273"},{"taxonomy":"post_tag","embeddable":true,"href":"http:\/\/tvalaire.com\/index.php?rest_route=%2Fwp%2Fv2%2Ftags&post=3273"}],"curies":[{"name":"wp","href":"https:\/\/api.w.org\/{rel}","templated":true}]}}