{"id":3271,"date":"2018-01-04T09:02:22","date_gmt":"2018-01-04T15:02:22","guid":{"rendered":"http:\/\/tvalaire.com\/?p=3271"},"modified":"2018-01-04T09:02:22","modified_gmt":"2018-01-04T15:02:22","slug":"colocan-senaletica-sobre-el-periferico-oriente","status":"publish","type":"post","link":"http:\/\/tvalaire.com\/?p=3271","title":{"rendered":"COLOCAN SE\u00d1AL\u00c9TICA SOBRE EL PERIF\u00c9RICO ORIENTE"},"content":{"rendered":"<p class=\"xgmail-msonormal\" style=\"text-align: justify; background: white; font-variant-ligatures: normal; font-variant-caps: normal; orphans: 2; widows: 2; -webkit-text-stroke-width: 0px; text-decoration-style: initial; text-decoration-color: initial; word-spacing: 0px;\"><span style=\"font-family: 'Arial','sans-serif'; color: #212121;\">Con el fin de disminuir la peligrosidad de la curva del Perif\u00e9rico Oriente que entronca con la carretera a Zamora, el Gobierno Municipal a trav\u00e9s de la subdirecci\u00f3n de Tr\u00e1nsito, coloca 2 mil botones viales, 150 vialetas reflejantes y un se\u00f1alamiento tipo bandera.<\/span><\/p>\n<p class=\"xgmail-msonormal\" style=\"text-align: justify; background: white; font-variant-ligatures: normal; font-variant-caps: normal; orphans: 2; widows: 2; -webkit-text-stroke-width: 0px; text-decoration-style: initial; text-decoration-color: initial; word-spacing: 0px;\"><span style=\"font-family: 'Arial','sans-serif'; color: #212121;\">La instalaci\u00f3n de estos se\u00f1alamientos comenz\u00f3 hoy y se espera concluir este viernes.<\/span><\/p>\n<p class=\"xgmail-msonormal\" style=\"text-align: justify; background: white; font-variant-ligatures: normal; font-variant-caps: normal; orphans: 2; widows: 2; -webkit-text-stroke-width: 0px; text-decoration-style: initial; text-decoration-color: initial; word-spacing: 0px;\"><span style=\"font-family: 'Arial','sans-serif'; color: #212121;\">El objetivo de la instalaci\u00f3n de estos nuevos se\u00f1alamientos es disminuir el \u00edndice de peligrosidad que hay sobre esta nueva v\u00eda alterna de desahogo de tr\u00e1fico vehicular por el interior de la ciudad, debido a los accidentes que se han presentado en esa curva peligrosa.<\/span><\/p>\n<p class=\"xgmail-msonormal\" style=\"text-align: justify; background: white; font-variant-ligatures: normal; font-variant-caps: normal; orphans: 2; widows: 2; -webkit-text-stroke-width: 0px; text-decoration-style: initial; text-decoration-color: initial; word-spacing: 0px;\"><span style=\"font-family: 'Arial','sans-serif'; color: #212121;\">La instalaci\u00f3n de los se\u00f1alamientos se da en atenci\u00f3n a los casos que se han presentado por la falta de precauci\u00f3n de las personas que circulan por esta v\u00eda, m\u00e1s aun por aquellos conductores que desconocen la zona.<\/span><\/p>\n<p class=\"xgmail-msonormal\" style=\"text-align: justify; background: white; font-variant-ligatures: normal; font-variant-caps: normal; orphans: 2; widows: 2; -webkit-text-stroke-width: 0px; text-decoration-style: initial; text-decoration-color: initial; word-spacing: 0px;\"><span style=\"font-family: 'Arial','sans-serif'; color: #212121;\">Cabe destacar que durante los d\u00edas de trabajo y colocaci\u00f3n de los se\u00f1alamientos, personal de Tr\u00e1nsito Municipal permanecer\u00e1 en el lugar para abanderar las labores y apoyar con el tr\u00e1fico diario, e incluso podr\u00edan cerrar alg\u00fan tramo y desviar los veh\u00edculos por otro punto.<\/span><\/p>\n","protected":false},"excerpt":{"rendered":"<p>Con el fin de disminuir la peligrosidad de la curva del Perif\u00e9rico Oriente que entronca&#8230;<\/p>\n","protected":false},"author":1,"featured_media":3268,"comment_status":"open","ping_status":"open","sticky":false,"template":"","format":"standard","meta":{"jetpack_post_was_ever_published":false,"_jetpack_newsletter_access":"","_jetpack_dont_email_post_to_subs":false,"_jetpack_newsletter_tier_id":0,"_jetpack_memberships_contains_paywalled_content":false,"_jetpack_memberships_contains_paid_content":false,"footnotes":"","jetpack_publicize_message":"","jetpack_publicize_feature_enabled":true,"jetpack_social_post_already_shared":false,"jetpack_social_options":{"image_generator_settings":{"template":"highway","enabled":false},"version":2}},"categories":[1],"tags":[15,36],"class_list":["post-3271","post","type-post","status-publish","format-standard","has-post-thumbnail","hentry","category-la-piedad","tag-la-piedad","tag-principales"],"jetpack_publicize_connections":[],"jetpack_sharing_enabled":true,"featured_image_urls":{"full":["http:\/\/tvalaire.com\/wp-content\/uploads\/2018\/01\/COLOCAN-SE\u00d1AL\u00c9TICA-SOBRE-EL-PERIF\u00c9RICO-ORIENTE.jpg",1024,683,false],"thumbnail":["http:\/\/tvalaire.com\/wp-content\/uploads\/2018\/01\/COLOCAN-SE\u00d1AL\u00c9TICA-SOBRE-EL-PERIF\u00c9RICO-ORIENTE-150x150.jpg",150,150,true],"medium":["http:\/\/tvalaire.com\/wp-content\/uploads\/2018\/01\/COLOCAN-SE\u00d1AL\u00c9TICA-SOBRE-EL-PERIF\u00c9RICO-ORIENTE-300x200.jpg",300,200,true],"medium_large":["http:\/\/tvalaire.com\/wp-content\/uploads\/2018\/01\/COLOCAN-SE\u00d1AL\u00c9TICA-SOBRE-EL-PERIF\u00c9RICO-ORIENTE-768x512.jpg",640,427,true],"large":["http:\/\/tvalaire.com\/wp-content\/uploads\/2018\/01\/COLOCAN-SE\u00d1AL\u00c9TICA-SOBRE-EL-PERIF\u00c9RICO-ORIENTE-1024x683.jpg",640,427,true],"post-slider-thumb-size":["http:\/\/tvalaire.com\/wp-content\/uploads\/2018\/01\/COLOCAN-SE\u00d1AL\u00c9TICA-SOBRE-EL-PERIF\u00c9RICO-ORIENTE.jpg",285,190,false],"post-category-slider-size":["http:\/\/tvalaire.com\/wp-content\/uploads\/2018\/01\/COLOCAN-SE\u00d1AL\u00c9TICA-SOBRE-EL-PERIF\u00c9RICO-ORIENTE.jpg",330,220,false],"1536x1536":["http:\/\/tvalaire.com\/wp-content\/uploads\/2018\/01\/COLOCAN-SE\u00d1AL\u00c9TICA-SOBRE-EL-PERIF\u00c9RICO-ORIENTE.jpg",1024,683,false],"2048x2048":["http:\/\/tvalaire.com\/wp-content\/uploads\/2018\/01\/COLOCAN-SE\u00d1AL\u00c9TICA-SOBRE-EL-PERIF\u00c9RICO-ORIENTE.jpg",1024,683,false],"newsium-slider-full":["http:\/\/tvalaire.com\/wp-content\/uploads\/2018\/01\/COLOCAN-SE\u00d1AL\u00c9TICA-SOBRE-EL-PERIF\u00c9RICO-ORIENTE.jpg",1024,683,false],"newsium-featured":["http:\/\/tvalaire.com\/wp-content\/uploads\/2018\/01\/COLOCAN-SE\u00d1AL\u00c9TICA-SOBRE-EL-PERIF\u00c9RICO-ORIENTE.jpg",1024,683,false],"newsium-medium":["http:\/\/tvalaire.com\/wp-content\/uploads\/2018\/01\/COLOCAN-SE\u00d1AL\u00c9TICA-SOBRE-EL-PERIF\u00c9RICO-ORIENTE.jpg",712,475,false]},"author_info":{"info":["tvalairenoti"]},"category_info":"<a href=\"http:\/\/tvalaire.com\/?cat=1\" rel=\"category\">La Piedad<\/a>","tag_info":"La Piedad","comment_count":"0","jetpack_featured_media_url":"http:\/\/tvalaire.com\/wp-content\/uploads\/2018\/01\/COLOCAN-SE\u00d1AL\u00c9TICA-SOBRE-EL-PERIF\u00c9RICO-ORIENTE.jpg","_links":{"self":[{"href":"http:\/\/tvalaire.com\/index.php?rest_route=\/wp\/v2\/posts\/3271"}],"collection":[{"href":"http:\/\/tvalaire.com\/index.php?rest_route=\/wp\/v2\/posts"}],"about":[{"href":"http:\/\/tvalaire.com\/index.php?rest_route=\/wp\/v2\/types\/post"}],"author":[{"embeddable":true,"href":"http:\/\/tvalaire.com\/index.php?rest_route=\/wp\/v2\/users\/1"}],"replies":[{"embeddable":true,"href":"http:\/\/tvalaire.com\/index.php?rest_route=%2Fwp%2Fv2%2Fcomments&post=3271"}],"version-history":[{"count":1,"href":"http:\/\/tvalaire.com\/index.php?rest_route=\/wp\/v2\/posts\/3271\/revisions"}],"predecessor-version":[{"id":3272,"href":"http:\/\/tvalaire.com\/index.php?rest_route=\/wp\/v2\/posts\/3271\/revisions\/3272"}],"wp:featuredmedia":[{"embeddable":true,"href":"http:\/\/tvalaire.com\/index.php?rest_route=\/wp\/v2\/media\/3268"}],"wp:attachment":[{"href":"http:\/\/tvalaire.com\/index.php?rest_route=%2Fwp%2Fv2%2Fmedia&parent=3271"}],"wp:term":[{"taxonomy":"category","embeddable":true,"href":"http:\/\/tvalaire.com\/index.php?rest_route=%2Fwp%2Fv2%2Fcategories&post=3271"},{"taxonomy":"post_tag","embeddable":true,"href":"http:\/\/tvalaire.com\/index.php?rest_route=%2Fwp%2Fv2%2Ftags&post=3271"}],"curies":[{"name":"wp","href":"https:\/\/api.w.org\/{rel}","templated":true}]}}