{"id":3265,"date":"2018-01-03T09:54:53","date_gmt":"2018-01-03T15:54:53","guid":{"rendered":"http:\/\/tvalaire.com\/?p=3265"},"modified":"2018-01-03T09:54:53","modified_gmt":"2018-01-03T15:54:53","slug":"habra-ventanilla-especial-para-tramites-de-regularizacion-de-predios-irregulares","status":"publish","type":"post","link":"http:\/\/tvalaire.com\/?p=3265","title":{"rendered":"HABR\u00c1 VENTANILLA ESPECIAL PARA TR\u00c1MITES DE REGULARIZACI\u00d3N DE PREDIOS IRREGULARES"},"content":{"rendered":"<p>Como parte de los compromisos creados por el Alcalde con habitantes de zonas irregulares en La Piedad, a partir del lunes 15 de enero se abrir\u00e1 una ventanilla especial para iniciar tr\u00e1mites de regularizaci\u00f3n de predios en la oficina de Urbanismo.<\/p>\n<p>Lo anterior como resultado de la visita que hizo el Presidente Municipal al ejido Los Moreno a finales de diciembre.<\/p>\n<p>Este ejido, es uno de los m\u00e1s extensos y alberga varios asentamientos de diferentes propietarios que se encargaron de vender los predios de manera irregular.<\/p>\n<p>Por tanto, al haber muchos propietarios, varios de ellos guardan diferentes situaciones jur\u00eddicas y legales, de los cuales algunos ya hicieron su traslado de dominio cambi\u00e1ndolo a peque\u00f1a propiedad y otros m\u00e1s requieren atenci\u00f3n.<\/p>\n<p>A \u00e9stos \u00faltimos los fue a visitar el Alcalde, para expresarles su apoyo para la regularizaci\u00f3n de los mismos a trav\u00e9s de la subdirecci\u00f3n de Urbanismo.<\/p>\n<p>Es por eso que en atenci\u00f3n a esa promesa, a partir del lunes 15 de enero del presente a\u00f1o, se pondr\u00e1 en funcionamiento una ventanilla especial en Urbanismo, a la cual podr\u00e1n acercarse todas las personas interesadas para que ofrezcan la informaci\u00f3n con la finalidad de generar una radiograf\u00eda completa del ejido y poder atenderlos de manera personalizada.<\/p>\n<p>Hasta el momento se ha regularizado en las colonias, Nueva Guanajuatillo, Vasco de Quiroga y fraccionamiento Palo del Cuarto; est\u00e1n pr\u00f3ximos a su vez, en el ejido Los Moreno en donde se est\u00e1 en proceso con la integraci\u00f3n de 150 lotehabientes de un padr\u00f3n de 470 que se encuentran en una zona denominada Los Rodr\u00edguez.<\/p>\n<p>La visita que realiz\u00f3 el Alcalde al ejido Los Moreno, es con nuevos lotehabientes de los cuales se estima que haya unos 500 pendientes.<\/p>\n<p>Para todos ellos y para otros que se encuentren dentro de la periferia estar\u00e1 abierta esta ventanilla, los invit\u00f3 a partir del lunes 15 de enero a que pasen con la documentaci\u00f3n necesaria para ir abriendo los expedientes entre los que se encuentran: documento que los acrediten como propietarios del terreno, copia de su CURP, INE y comprobante de domicilio.<\/p>\n<p>Ah\u00ed mismo los vecinos de Los Moreno agradecieron al alcade al apoyo brindado en el arreglo de calles e introducci\u00f3n de drenajes, que aunque son de poca extensi\u00f3n pero muy valiosos para los usuarios, comentaron.<\/p>\n<p>&nbsp;<\/p>\n","protected":false},"excerpt":{"rendered":"<p>Como parte de los compromisos creados por el Alcalde con habitantes de zonas irregulares en&#8230;<\/p>\n","protected":false},"author":1,"featured_media":3259,"comment_status":"open","ping_status":"open","sticky":false,"template":"","format":"standard","meta":{"jetpack_post_was_ever_published":false,"_jetpack_newsletter_access":"","_jetpack_dont_email_post_to_subs":false,"_jetpack_newsletter_tier_id":0,"_jetpack_memberships_contains_paywalled_content":false,"_jetpack_memberships_contains_paid_content":false,"footnotes":"","jetpack_publicize_message":"","jetpack_publicize_feature_enabled":true,"jetpack_social_post_already_shared":false,"jetpack_social_options":{"image_generator_settings":{"template":"highway","enabled":false},"version":2}},"categories":[1],"tags":[15],"class_list":["post-3265","post","type-post","status-publish","format-standard","has-post-thumbnail","hentry","category-la-piedad","tag-la-piedad"],"jetpack_publicize_connections":[],"jetpack_sharing_enabled":true,"featured_image_urls":{"full":["http:\/\/tvalaire.com\/wp-content\/uploads\/2018\/01\/HABR\u00c1-VENTANILLA-ESPECIAL-PARA-TR\u00c1MITES-DE-REGULARIZACI\u00d3N-DE-PREDIOS-IRREGULARES.jpg",886,591,false],"thumbnail":["http:\/\/tvalaire.com\/wp-content\/uploads\/2018\/01\/HABR\u00c1-VENTANILLA-ESPECIAL-PARA-TR\u00c1MITES-DE-REGULARIZACI\u00d3N-DE-PREDIOS-IRREGULARES-150x150.jpg",150,150,true],"medium":["http:\/\/tvalaire.com\/wp-content\/uploads\/2018\/01\/HABR\u00c1-VENTANILLA-ESPECIAL-PARA-TR\u00c1MITES-DE-REGULARIZACI\u00d3N-DE-PREDIOS-IRREGULARES-300x200.jpg",300,200,true],"medium_large":["http:\/\/tvalaire.com\/wp-content\/uploads\/2018\/01\/HABR\u00c1-VENTANILLA-ESPECIAL-PARA-TR\u00c1MITES-DE-REGULARIZACI\u00d3N-DE-PREDIOS-IRREGULARES-768x512.jpg",640,427,true],"large":["http:\/\/tvalaire.com\/wp-content\/uploads\/2018\/01\/HABR\u00c1-VENTANILLA-ESPECIAL-PARA-TR\u00c1MITES-DE-REGULARIZACI\u00d3N-DE-PREDIOS-IRREGULARES.jpg",640,427,false],"post-slider-thumb-size":["http:\/\/tvalaire.com\/wp-content\/uploads\/2018\/01\/HABR\u00c1-VENTANILLA-ESPECIAL-PARA-TR\u00c1MITES-DE-REGULARIZACI\u00d3N-DE-PREDIOS-IRREGULARES.jpg",285,190,false],"post-category-slider-size":["http:\/\/tvalaire.com\/wp-content\/uploads\/2018\/01\/HABR\u00c1-VENTANILLA-ESPECIAL-PARA-TR\u00c1MITES-DE-REGULARIZACI\u00d3N-DE-PREDIOS-IRREGULARES.jpg",330,220,false],"1536x1536":["http:\/\/tvalaire.com\/wp-content\/uploads\/2018\/01\/HABR\u00c1-VENTANILLA-ESPECIAL-PARA-TR\u00c1MITES-DE-REGULARIZACI\u00d3N-DE-PREDIOS-IRREGULARES.jpg",886,591,false],"2048x2048":["http:\/\/tvalaire.com\/wp-content\/uploads\/2018\/01\/HABR\u00c1-VENTANILLA-ESPECIAL-PARA-TR\u00c1MITES-DE-REGULARIZACI\u00d3N-DE-PREDIOS-IRREGULARES.jpg",886,591,false],"newsium-slider-full":["http:\/\/tvalaire.com\/wp-content\/uploads\/2018\/01\/HABR\u00c1-VENTANILLA-ESPECIAL-PARA-TR\u00c1MITES-DE-REGULARIZACI\u00d3N-DE-PREDIOS-IRREGULARES.jpg",886,591,false],"newsium-featured":["http:\/\/tvalaire.com\/wp-content\/uploads\/2018\/01\/HABR\u00c1-VENTANILLA-ESPECIAL-PARA-TR\u00c1MITES-DE-REGULARIZACI\u00d3N-DE-PREDIOS-IRREGULARES.jpg",886,591,false],"newsium-medium":["http:\/\/tvalaire.com\/wp-content\/uploads\/2018\/01\/HABR\u00c1-VENTANILLA-ESPECIAL-PARA-TR\u00c1MITES-DE-REGULARIZACI\u00d3N-DE-PREDIOS-IRREGULARES.jpg",712,475,false]},"author_info":{"info":["tvalairenoti"]},"category_info":"<a href=\"http:\/\/tvalaire.com\/?cat=1\" rel=\"category\">La Piedad<\/a>","tag_info":"La Piedad","comment_count":"0","jetpack_featured_media_url":"http:\/\/tvalaire.com\/wp-content\/uploads\/2018\/01\/HABR\u00c1-VENTANILLA-ESPECIAL-PARA-TR\u00c1MITES-DE-REGULARIZACI\u00d3N-DE-PREDIOS-IRREGULARES.jpg","_links":{"self":[{"href":"http:\/\/tvalaire.com\/index.php?rest_route=\/wp\/v2\/posts\/3265"}],"collection":[{"href":"http:\/\/tvalaire.com\/index.php?rest_route=\/wp\/v2\/posts"}],"about":[{"href":"http:\/\/tvalaire.com\/index.php?rest_route=\/wp\/v2\/types\/post"}],"author":[{"embeddable":true,"href":"http:\/\/tvalaire.com\/index.php?rest_route=\/wp\/v2\/users\/1"}],"replies":[{"embeddable":true,"href":"http:\/\/tvalaire.com\/index.php?rest_route=%2Fwp%2Fv2%2Fcomments&post=3265"}],"version-history":[{"count":1,"href":"http:\/\/tvalaire.com\/index.php?rest_route=\/wp\/v2\/posts\/3265\/revisions"}],"predecessor-version":[{"id":3266,"href":"http:\/\/tvalaire.com\/index.php?rest_route=\/wp\/v2\/posts\/3265\/revisions\/3266"}],"wp:featuredmedia":[{"embeddable":true,"href":"http:\/\/tvalaire.com\/index.php?rest_route=\/wp\/v2\/media\/3259"}],"wp:attachment":[{"href":"http:\/\/tvalaire.com\/index.php?rest_route=%2Fwp%2Fv2%2Fmedia&parent=3265"}],"wp:term":[{"taxonomy":"category","embeddable":true,"href":"http:\/\/tvalaire.com\/index.php?rest_route=%2Fwp%2Fv2%2Fcategories&post=3265"},{"taxonomy":"post_tag","embeddable":true,"href":"http:\/\/tvalaire.com\/index.php?rest_route=%2Fwp%2Fv2%2Ftags&post=3265"}],"curies":[{"name":"wp","href":"https:\/\/api.w.org\/{rel}","templated":true}]}}