{"id":3258,"date":"2018-01-03T09:53:03","date_gmt":"2018-01-03T15:53:03","guid":{"rendered":"http:\/\/tvalaire.com\/?p=3258"},"modified":"2018-01-03T09:53:03","modified_gmt":"2018-01-03T15:53:03","slug":"no-funcionara-la-caja-de-pago-del-predial-del-mercadito","status":"publish","type":"post","link":"http:\/\/tvalaire.com\/?p=3258","title":{"rendered":"NO FUNCIONAR\u00c1 LA CAJA DE PAGO DEL PREDIAL DEL MERCADITO"},"content":{"rendered":"<p>La direcci\u00f3n de la Propiedad Inmobiliaria, informa que debido a falta de conectividad con el servicio de Internet, la caja del pago del Impuesto Predial que se instalaba en el mercado Francisco J. M\u00fajica conocido como \u201cEl Mercadito\u201d no funcionar\u00e1.<\/p>\n<p>Lo anterior, debido a que para la emisi\u00f3n de la nueva factura electr\u00f3nica se requiere de la habilitaci\u00f3n de un servicio de Internet con ciertas caracter\u00edsticas t\u00e9cnicas y de momento no se cuenta con este recurso en este punto de la ciudad.<\/p>\n<p>Sin embargo, para un mejor servicio a los contribuyentes se han abierto m\u00e1s cajas de las habituales en la direcci\u00f3n de la Propiedad Inmobiliaria que se ubica en Plaza Bulevar a un costado de la Central de Autobuses, as\u00ed como en la direcci\u00f3n de Ingresos en el edificio de la Presidencia Municipal.<\/p>\n<p>Es importante se\u00f1alar que el servicio y atenci\u00f3n que ofrece a la poblaci\u00f3n ser\u00e1 de lunes a viernes de las 08:00 a las 14:30 horas, adem\u00e1s de que durante los meses de enero y febrero no se aplicar\u00e1n multas ni recargos.<\/p>\n<p><u>\u00a0<\/u><\/p>\n","protected":false},"excerpt":{"rendered":"<p>La direcci\u00f3n de la Propiedad Inmobiliaria, informa que debido a falta de conectividad con el&#8230;<\/p>\n","protected":false},"author":1,"featured_media":3260,"comment_status":"open","ping_status":"open","sticky":false,"template":"","format":"standard","meta":{"jetpack_post_was_ever_published":false,"_jetpack_newsletter_access":"","_jetpack_dont_email_post_to_subs":false,"_jetpack_newsletter_tier_id":0,"_jetpack_memberships_contains_paywalled_content":false,"_jetpack_memberships_contains_paid_content":false,"footnotes":"","jetpack_publicize_message":"","jetpack_publicize_feature_enabled":true,"jetpack_social_post_already_shared":false,"jetpack_social_options":{"image_generator_settings":{"template":"highway","enabled":false},"version":2}},"categories":[1],"tags":[15,36],"class_list":["post-3258","post","type-post","status-publish","format-standard","has-post-thumbnail","hentry","category-la-piedad","tag-la-piedad","tag-principales"],"jetpack_publicize_connections":[],"jetpack_sharing_enabled":true,"featured_image_urls":{"full":["http:\/\/tvalaire.com\/wp-content\/uploads\/2018\/01\/NO-FUNCIONAR\u00c1-LA-CAJA-DE-PAGO-DEL-PREDIAL-DEL-MERCADITO.jpg",1500,1000,false],"thumbnail":["http:\/\/tvalaire.com\/wp-content\/uploads\/2018\/01\/NO-FUNCIONAR\u00c1-LA-CAJA-DE-PAGO-DEL-PREDIAL-DEL-MERCADITO-150x150.jpg",150,150,true],"medium":["http:\/\/tvalaire.com\/wp-content\/uploads\/2018\/01\/NO-FUNCIONAR\u00c1-LA-CAJA-DE-PAGO-DEL-PREDIAL-DEL-MERCADITO-300x200.jpg",300,200,true],"medium_large":["http:\/\/tvalaire.com\/wp-content\/uploads\/2018\/01\/NO-FUNCIONAR\u00c1-LA-CAJA-DE-PAGO-DEL-PREDIAL-DEL-MERCADITO-768x512.jpg",640,427,true],"large":["http:\/\/tvalaire.com\/wp-content\/uploads\/2018\/01\/NO-FUNCIONAR\u00c1-LA-CAJA-DE-PAGO-DEL-PREDIAL-DEL-MERCADITO-1024x683.jpg",640,427,true],"post-slider-thumb-size":["http:\/\/tvalaire.com\/wp-content\/uploads\/2018\/01\/NO-FUNCIONAR\u00c1-LA-CAJA-DE-PAGO-DEL-PREDIAL-DEL-MERCADITO.jpg",285,190,false],"post-category-slider-size":["http:\/\/tvalaire.com\/wp-content\/uploads\/2018\/01\/NO-FUNCIONAR\u00c1-LA-CAJA-DE-PAGO-DEL-PREDIAL-DEL-MERCADITO.jpg",330,220,false],"1536x1536":["http:\/\/tvalaire.com\/wp-content\/uploads\/2018\/01\/NO-FUNCIONAR\u00c1-LA-CAJA-DE-PAGO-DEL-PREDIAL-DEL-MERCADITO.jpg",1500,1000,false],"2048x2048":["http:\/\/tvalaire.com\/wp-content\/uploads\/2018\/01\/NO-FUNCIONAR\u00c1-LA-CAJA-DE-PAGO-DEL-PREDIAL-DEL-MERCADITO.jpg",1500,1000,false],"newsium-slider-full":["http:\/\/tvalaire.com\/wp-content\/uploads\/2018\/01\/NO-FUNCIONAR\u00c1-LA-CAJA-DE-PAGO-DEL-PREDIAL-DEL-MERCADITO.jpg",1268,845,false],"newsium-featured":["http:\/\/tvalaire.com\/wp-content\/uploads\/2018\/01\/NO-FUNCIONAR\u00c1-LA-CAJA-DE-PAGO-DEL-PREDIAL-DEL-MERCADITO.jpg",1024,683,false],"newsium-medium":["http:\/\/tvalaire.com\/wp-content\/uploads\/2018\/01\/NO-FUNCIONAR\u00c1-LA-CAJA-DE-PAGO-DEL-PREDIAL-DEL-MERCADITO.jpg",713,475,false]},"author_info":{"info":["tvalairenoti"]},"category_info":"<a href=\"http:\/\/tvalaire.com\/?cat=1\" rel=\"category\">La Piedad<\/a>","tag_info":"La Piedad","comment_count":"0","jetpack_featured_media_url":"http:\/\/tvalaire.com\/wp-content\/uploads\/2018\/01\/NO-FUNCIONAR\u00c1-LA-CAJA-DE-PAGO-DEL-PREDIAL-DEL-MERCADITO.jpg","_links":{"self":[{"href":"http:\/\/tvalaire.com\/index.php?rest_route=\/wp\/v2\/posts\/3258"}],"collection":[{"href":"http:\/\/tvalaire.com\/index.php?rest_route=\/wp\/v2\/posts"}],"about":[{"href":"http:\/\/tvalaire.com\/index.php?rest_route=\/wp\/v2\/types\/post"}],"author":[{"embeddable":true,"href":"http:\/\/tvalaire.com\/index.php?rest_route=\/wp\/v2\/users\/1"}],"replies":[{"embeddable":true,"href":"http:\/\/tvalaire.com\/index.php?rest_route=%2Fwp%2Fv2%2Fcomments&post=3258"}],"version-history":[{"count":1,"href":"http:\/\/tvalaire.com\/index.php?rest_route=\/wp\/v2\/posts\/3258\/revisions"}],"predecessor-version":[{"id":3262,"href":"http:\/\/tvalaire.com\/index.php?rest_route=\/wp\/v2\/posts\/3258\/revisions\/3262"}],"wp:featuredmedia":[{"embeddable":true,"href":"http:\/\/tvalaire.com\/index.php?rest_route=\/wp\/v2\/media\/3260"}],"wp:attachment":[{"href":"http:\/\/tvalaire.com\/index.php?rest_route=%2Fwp%2Fv2%2Fmedia&parent=3258"}],"wp:term":[{"taxonomy":"category","embeddable":true,"href":"http:\/\/tvalaire.com\/index.php?rest_route=%2Fwp%2Fv2%2Fcategories&post=3258"},{"taxonomy":"post_tag","embeddable":true,"href":"http:\/\/tvalaire.com\/index.php?rest_route=%2Fwp%2Fv2%2Ftags&post=3258"}],"curies":[{"name":"wp","href":"https:\/\/api.w.org\/{rel}","templated":true}]}}