{"id":3187,"date":"2017-11-29T10:29:28","date_gmt":"2017-11-29T16:29:28","guid":{"rendered":"http:\/\/tvalaire.com\/?p=3187"},"modified":"2017-11-29T10:29:28","modified_gmt":"2017-11-29T16:29:28","slug":"en-puruandiro-se-realiza-ceremonia-de-incineracion-de-la-bandera-monumental-y-bandera-del-palacio-municipal","status":"publish","type":"post","link":"http:\/\/tvalaire.com\/?p=3187","title":{"rendered":"EN PURU\u00c1NDIRO SE REALIZA CEREMONIA DE INCINERACI\u00d3N DE LA BANDERA MONUMENTAL Y BANDERA DEL PALACIO MUNICIPAL"},"content":{"rendered":"<p>Bajo el Art\u00edculo 54 bis de la Ley sobre el Escudo, la Bandera y el Himno Nacionales, el Gobierno Municipal que encabeza el Lic. V\u00edctor Manuel V\u00e1zquez Tapia \u00a0acompa\u00f1ado del Honorable Cabildo y del 17 Batall\u00f3n de Infanter\u00eda\u00a0 con sede en la ciudad de Zamora, Michoac\u00e1n a cargo del Capit\u00e1n II \u00a0de Infanter\u00eda Pablo Guzm\u00e1n Hern\u00e1ndez realizaron la incineraci\u00f3n y abanderamiento de la bandera monumental del asta de la plaza principal de Puru\u00e1ndiro siendo testigo de honor el General Brigadier (jubilado) Gregorio Mart\u00ednez Ponce.<\/p>\n<p>Asimismo se cont\u00f3 con la asistencia de las diversas instituciones educativas y p\u00fablico en general quienes presenciaron acto tan emblem\u00e1tico y solemne para el pueblo de M\u00e9xico. El Evento dio inicio con el arribo de las autoridades municipales e invitados de honor, seguido por el izamiento de bandera en donde ondear\u00eda por vez \u00faltima en el asta monumental, posteriormente sigui\u00f3 el arr\u00edo respectivo \u00a0para dar paso con la incineraci\u00f3n de la misma.<\/p>\n<p>Durante la incineraci\u00f3n el Presidente Municipal resalt\u00f3 que en este acto solemne, los Puruandirenses asistieron con gran fervor patri\u00f3tico en compa\u00f1\u00eda de autoridades castrenses e instituciones educativas a rendir homenaje a nuestros s\u00edmbolos patrios, los cuales representan nuestra identidad de pertenencia a esta gran naci\u00f3n, que nos recuerda que somos parte de una patria que ha sido producto de la lucha y del esfuerzo constante. Posteriormente las cenizas \u00a0fueron enterradas como un simbolismo de regreso a las entra\u00f1as de la Patria en el jard\u00edn Morelos.<\/p>\n<p>Acto seguido se\u00a0 llev\u00f3 a cabo el abanderamiento de los nuevos l\u00e1baros patrios que ondeara libremente en el asta de la plaza principal y en el palacio municipal.<\/p>\n<p>&nbsp;<\/p>\n<p><img loading=\"lazy\" decoding=\"async\" class=\"alignnone size-medium wp-image-3191\" src=\"http:\/\/tvalaire.com\/wp-content\/uploads\/2017\/11\/EN-PURU\u00c1NDIRO-SE-REALIZA-CEREMONIA-DE-INCINERACI\u00d3N-DE-LA-BANDERA-MONUMENTAL-Y-BANDERA-DEL-PALACIO-MUNICIPAL-25-300x199.jpg\" alt=\"\" width=\"300\" height=\"199\" srcset=\"http:\/\/tvalaire.com\/wp-content\/uploads\/2017\/11\/EN-PURU\u00c1NDIRO-SE-REALIZA-CEREMONIA-DE-INCINERACI\u00d3N-DE-LA-BANDERA-MONUMENTAL-Y-BANDERA-DEL-PALACIO-MUNICIPAL-25-300x199.jpg 300w, http:\/\/tvalaire.com\/wp-content\/uploads\/2017\/11\/EN-PURU\u00c1NDIRO-SE-REALIZA-CEREMONIA-DE-INCINERACI\u00d3N-DE-LA-BANDERA-MONUMENTAL-Y-BANDERA-DEL-PALACIO-MUNICIPAL-25-768x509.jpg 768w, http:\/\/tvalaire.com\/wp-content\/uploads\/2017\/11\/EN-PURU\u00c1NDIRO-SE-REALIZA-CEREMONIA-DE-INCINERACI\u00d3N-DE-LA-BANDERA-MONUMENTAL-Y-BANDERA-DEL-PALACIO-MUNICIPAL-25-1024x678.jpg 1024w\" sizes=\"(max-width: 300px) 100vw, 300px\" \/><\/p>\n<p><img loading=\"lazy\" decoding=\"async\" class=\"alignnone size-medium wp-image-3190\" src=\"http:\/\/tvalaire.com\/wp-content\/uploads\/2017\/11\/EN-PURU\u00c1NDIRO-SE-REALIZA-CEREMONIA-DE-INCINERACI\u00d3N-DE-LA-BANDERA-MONUMENTAL-Y-BANDERA-DEL-PALACIO-MUNICIPAL-21-300x199.jpg\" alt=\"\" width=\"300\" height=\"199\" srcset=\"http:\/\/tvalaire.com\/wp-content\/uploads\/2017\/11\/EN-PURU\u00c1NDIRO-SE-REALIZA-CEREMONIA-DE-INCINERACI\u00d3N-DE-LA-BANDERA-MONUMENTAL-Y-BANDERA-DEL-PALACIO-MUNICIPAL-21-300x199.jpg 300w, http:\/\/tvalaire.com\/wp-content\/uploads\/2017\/11\/EN-PURU\u00c1NDIRO-SE-REALIZA-CEREMONIA-DE-INCINERACI\u00d3N-DE-LA-BANDERA-MONUMENTAL-Y-BANDERA-DEL-PALACIO-MUNICIPAL-21-768x509.jpg 768w, http:\/\/tvalaire.com\/wp-content\/uploads\/2017\/11\/EN-PURU\u00c1NDIRO-SE-REALIZA-CEREMONIA-DE-INCINERACI\u00d3N-DE-LA-BANDERA-MONUMENTAL-Y-BANDERA-DEL-PALACIO-MUNICIPAL-21-1024x678.jpg 1024w\" sizes=\"(max-width: 300px) 100vw, 300px\" \/><\/p>\n<p><img loading=\"lazy\" decoding=\"async\" class=\"alignnone size-medium wp-image-3188\" src=\"http:\/\/tvalaire.com\/wp-content\/uploads\/2017\/11\/EN-PURU\u00c1NDIRO-SE-REALIZA-CEREMONIA-DE-INCINERACI\u00d3N-DE-LA-BANDERA-MONUMENTAL-Y-BANDERA-DEL-PALACIO-MUNICIPAL-13-300x199.jpg\" alt=\"\" width=\"300\" height=\"199\" srcset=\"http:\/\/tvalaire.com\/wp-content\/uploads\/2017\/11\/EN-PURU\u00c1NDIRO-SE-REALIZA-CEREMONIA-DE-INCINERACI\u00d3N-DE-LA-BANDERA-MONUMENTAL-Y-BANDERA-DEL-PALACIO-MUNICIPAL-13-300x199.jpg 300w, http:\/\/tvalaire.com\/wp-content\/uploads\/2017\/11\/EN-PURU\u00c1NDIRO-SE-REALIZA-CEREMONIA-DE-INCINERACI\u00d3N-DE-LA-BANDERA-MONUMENTAL-Y-BANDERA-DEL-PALACIO-MUNICIPAL-13-768x509.jpg 768w, http:\/\/tvalaire.com\/wp-content\/uploads\/2017\/11\/EN-PURU\u00c1NDIRO-SE-REALIZA-CEREMONIA-DE-INCINERACI\u00d3N-DE-LA-BANDERA-MONUMENTAL-Y-BANDERA-DEL-PALACIO-MUNICIPAL-13-1024x678.jpg 1024w\" sizes=\"(max-width: 300px) 100vw, 300px\" \/><\/p>\n","protected":false},"excerpt":{"rendered":"<p>Bajo el Art\u00edculo 54 bis de la Ley sobre el Escudo, la Bandera y el&#8230;<\/p>\n","protected":false},"author":1,"featured_media":3189,"comment_status":"open","ping_status":"open","sticky":false,"template":"","format":"standard","meta":{"jetpack_post_was_ever_published":false,"_jetpack_newsletter_access":"","_jetpack_dont_email_post_to_subs":false,"_jetpack_newsletter_tier_id":0,"_jetpack_memberships_contains_paywalled_content":false,"_jetpack_memberships_contains_paid_content":false,"footnotes":"","jetpack_publicize_message":"","jetpack_publicize_feature_enabled":true,"jetpack_social_post_already_shared":false,"jetpack_social_options":{"image_generator_settings":{"template":"highway","enabled":false},"version":2}},"categories":[4],"tags":[36,24],"class_list":["post-3187","post","type-post","status-publish","format-standard","has-post-thumbnail","hentry","category-puruandiro","tag-principales","tag-puruandiro"],"jetpack_publicize_connections":[],"jetpack_sharing_enabled":true,"featured_image_urls":{"full":["http:\/\/tvalaire.com\/wp-content\/uploads\/2017\/11\/EN-PURU\u00c1NDIRO-SE-REALIZA-CEREMONIA-DE-INCINERACI\u00d3N-DE-LA-BANDERA-MONUMENTAL-Y-BANDERA-DEL-PALACIO-MUNICIPAL-16.jpg",3264,4928,false],"thumbnail":["http:\/\/tvalaire.com\/wp-content\/uploads\/2017\/11\/EN-PURU\u00c1NDIRO-SE-REALIZA-CEREMONIA-DE-INCINERACI\u00d3N-DE-LA-BANDERA-MONUMENTAL-Y-BANDERA-DEL-PALACIO-MUNICIPAL-16-150x150.jpg",150,150,true],"medium":["http:\/\/tvalaire.com\/wp-content\/uploads\/2017\/11\/EN-PURU\u00c1NDIRO-SE-REALIZA-CEREMONIA-DE-INCINERACI\u00d3N-DE-LA-BANDERA-MONUMENTAL-Y-BANDERA-DEL-PALACIO-MUNICIPAL-16-199x300.jpg",199,300,true],"medium_large":["http:\/\/tvalaire.com\/wp-content\/uploads\/2017\/11\/EN-PURU\u00c1NDIRO-SE-REALIZA-CEREMONIA-DE-INCINERACI\u00d3N-DE-LA-BANDERA-MONUMENTAL-Y-BANDERA-DEL-PALACIO-MUNICIPAL-16-768x1160.jpg",640,967,true],"large":["http:\/\/tvalaire.com\/wp-content\/uploads\/2017\/11\/EN-PURU\u00c1NDIRO-SE-REALIZA-CEREMONIA-DE-INCINERACI\u00d3N-DE-LA-BANDERA-MONUMENTAL-Y-BANDERA-DEL-PALACIO-MUNICIPAL-16-678x1024.jpg",640,967,true],"post-slider-thumb-size":["http:\/\/tvalaire.com\/wp-content\/uploads\/2017\/11\/EN-PURU\u00c1NDIRO-SE-REALIZA-CEREMONIA-DE-INCINERACI\u00d3N-DE-LA-BANDERA-MONUMENTAL-Y-BANDERA-DEL-PALACIO-MUNICIPAL-16.jpg",126,190,false],"post-category-slider-size":["http:\/\/tvalaire.com\/wp-content\/uploads\/2017\/11\/EN-PURU\u00c1NDIRO-SE-REALIZA-CEREMONIA-DE-INCINERACI\u00d3N-DE-LA-BANDERA-MONUMENTAL-Y-BANDERA-DEL-PALACIO-MUNICIPAL-16.jpg",232,350,false],"1536x1536":["http:\/\/tvalaire.com\/wp-content\/uploads\/2017\/11\/EN-PURU\u00c1NDIRO-SE-REALIZA-CEREMONIA-DE-INCINERACI\u00d3N-DE-LA-BANDERA-MONUMENTAL-Y-BANDERA-DEL-PALACIO-MUNICIPAL-16.jpg",1017,1536,false],"2048x2048":["http:\/\/tvalaire.com\/wp-content\/uploads\/2017\/11\/EN-PURU\u00c1NDIRO-SE-REALIZA-CEREMONIA-DE-INCINERACI\u00d3N-DE-LA-BANDERA-MONUMENTAL-Y-BANDERA-DEL-PALACIO-MUNICIPAL-16.jpg",1356,2048,false],"newsium-slider-full":["http:\/\/tvalaire.com\/wp-content\/uploads\/2017\/11\/EN-PURU\u00c1NDIRO-SE-REALIZA-CEREMONIA-DE-INCINERACI\u00d3N-DE-LA-BANDERA-MONUMENTAL-Y-BANDERA-DEL-PALACIO-MUNICIPAL-16.jpg",560,845,false],"newsium-featured":["http:\/\/tvalaire.com\/wp-content\/uploads\/2017\/11\/EN-PURU\u00c1NDIRO-SE-REALIZA-CEREMONIA-DE-INCINERACI\u00d3N-DE-LA-BANDERA-MONUMENTAL-Y-BANDERA-DEL-PALACIO-MUNICIPAL-16.jpg",1024,1546,false],"newsium-medium":["http:\/\/tvalaire.com\/wp-content\/uploads\/2017\/11\/EN-PURU\u00c1NDIRO-SE-REALIZA-CEREMONIA-DE-INCINERACI\u00d3N-DE-LA-BANDERA-MONUMENTAL-Y-BANDERA-DEL-PALACIO-MUNICIPAL-16.jpg",315,475,false]},"author_info":{"info":["tvalairenoti"]},"category_info":"<a href=\"http:\/\/tvalaire.com\/?cat=4\" rel=\"category\">Puru\u00e1ndiro<\/a>","tag_info":"Puru\u00e1ndiro","comment_count":"0","jetpack_featured_media_url":"http:\/\/tvalaire.com\/wp-content\/uploads\/2017\/11\/EN-PURU\u00c1NDIRO-SE-REALIZA-CEREMONIA-DE-INCINERACI\u00d3N-DE-LA-BANDERA-MONUMENTAL-Y-BANDERA-DEL-PALACIO-MUNICIPAL-16.jpg","_links":{"self":[{"href":"http:\/\/tvalaire.com\/index.php?rest_route=\/wp\/v2\/posts\/3187"}],"collection":[{"href":"http:\/\/tvalaire.com\/index.php?rest_route=\/wp\/v2\/posts"}],"about":[{"href":"http:\/\/tvalaire.com\/index.php?rest_route=\/wp\/v2\/types\/post"}],"author":[{"embeddable":true,"href":"http:\/\/tvalaire.com\/index.php?rest_route=\/wp\/v2\/users\/1"}],"replies":[{"embeddable":true,"href":"http:\/\/tvalaire.com\/index.php?rest_route=%2Fwp%2Fv2%2Fcomments&post=3187"}],"version-history":[{"count":1,"href":"http:\/\/tvalaire.com\/index.php?rest_route=\/wp\/v2\/posts\/3187\/revisions"}],"predecessor-version":[{"id":3192,"href":"http:\/\/tvalaire.com\/index.php?rest_route=\/wp\/v2\/posts\/3187\/revisions\/3192"}],"wp:featuredmedia":[{"embeddable":true,"href":"http:\/\/tvalaire.com\/index.php?rest_route=\/wp\/v2\/media\/3189"}],"wp:attachment":[{"href":"http:\/\/tvalaire.com\/index.php?rest_route=%2Fwp%2Fv2%2Fmedia&parent=3187"}],"wp:term":[{"taxonomy":"category","embeddable":true,"href":"http:\/\/tvalaire.com\/index.php?rest_route=%2Fwp%2Fv2%2Fcategories&post=3187"},{"taxonomy":"post_tag","embeddable":true,"href":"http:\/\/tvalaire.com\/index.php?rest_route=%2Fwp%2Fv2%2Ftags&post=3187"}],"curies":[{"name":"wp","href":"https:\/\/api.w.org\/{rel}","templated":true}]}}