{"id":3185,"date":"2017-11-29T10:26:23","date_gmt":"2017-11-29T16:26:23","guid":{"rendered":"http:\/\/tvalaire.com\/?p=3185"},"modified":"2017-11-29T10:26:23","modified_gmt":"2017-11-29T16:26:23","slug":"se-continua-con-el-programa-de-prevencion-de-violencia-contra-la-mujer","status":"publish","type":"post","link":"http:\/\/tvalaire.com\/?p=3185","title":{"rendered":"SE CONTIN\u00daA CON EL PROGRAMA DE PREVENCI\u00d3N DE VIOLENCIA CONTRA LA MUJER"},"content":{"rendered":"<p>El Municipio en su af\u00e1n por dar cumplimiento a los programas de prevenci\u00f3n de la violencia de g\u00e9nero que contempla la Alerta de G\u00e9nero y en el marco del mes naranja, a trav\u00e9s del Instituto Municipal de la Mujer (IMM), lleva a cabo acciones en varias de las escuelas del nivel b\u00e1sico y medio superior.<\/p>\n<p>El programa comprende la implementaci\u00f3n de charlas sobre prevenci\u00f3n de la violencia en donde a la par, se les incluye instrucciones nutricionales, con la finalidad de corregir ciertos h\u00e1bitos para evitar agresividad e irritabilidad en los adolescentes, los cuales pueden desencadenar en indicios de violencia.<\/p>\n<p>Las charlas son reflexivas e informativas, y tambi\u00e9n han sido peticiones de los directivos de dichas instituciones.<\/p>\n<p>De esta manera al cierre del mes de noviembre, el instituto municipal de la mujer realiz\u00f3 pl\u00e1ticas sobre \u201cAlimentaci\u00f3n Saludable en el Infante\u201d, hoy en la Escuela Primaria \u201cBenito Ju\u00e1rez\u201d, de la comunidad de R\u00edo Grande.<\/p>\n<p>Hoy mi\u00e9rcoles a las 09:00 horas se imparti\u00f3 la pl\u00e1tica sobre: \u201cAlimentaci\u00f3n en la adolescencia\u201d y \u201cDisfuncionalidad Familiar\u201d, en la Secundaria Federal No. 2.<\/p>\n<p>El Jueves 30 del presente mes a las 10:20 horas la charla: \u201cNutrici\u00f3n Saludable en la Adolescencia y problemas relacionados\u201d y \u201cAgresividad y Violencia\u201d, en la Secundaria \u201cLic. Rafael Reyes\u201d, con la cual se cierra este ciclo durante este mes de noviembre.<\/p>\n<p>&nbsp;<\/p>\n","protected":false},"excerpt":{"rendered":"<p>El Municipio en su af\u00e1n por dar cumplimiento a los programas de prevenci\u00f3n de la&#8230;<\/p>\n","protected":false},"author":1,"featured_media":3182,"comment_status":"open","ping_status":"open","sticky":false,"template":"","format":"standard","meta":{"jetpack_post_was_ever_published":false,"_jetpack_newsletter_access":"","_jetpack_dont_email_post_to_subs":false,"_jetpack_newsletter_tier_id":0,"_jetpack_memberships_contains_paywalled_content":false,"_jetpack_memberships_contains_paid_content":false,"footnotes":"","jetpack_publicize_message":"","jetpack_publicize_feature_enabled":true,"jetpack_social_post_already_shared":false,"jetpack_social_options":{"image_generator_settings":{"template":"highway","enabled":false},"version":2}},"categories":[1],"tags":[15,36],"class_list":["post-3185","post","type-post","status-publish","format-standard","has-post-thumbnail","hentry","category-la-piedad","tag-la-piedad","tag-principales"],"jetpack_publicize_connections":[],"jetpack_sharing_enabled":true,"featured_image_urls":{"full":["http:\/\/tvalaire.com\/wp-content\/uploads\/2017\/11\/SE-CONTIN\u00daA-CON-EL-PROGRAMA-DE-PREVENCI\u00d3N-DE-VIOLENCIA-CONTRA-LA-MUJER2.jpg",1280,721,false],"thumbnail":["http:\/\/tvalaire.com\/wp-content\/uploads\/2017\/11\/SE-CONTIN\u00daA-CON-EL-PROGRAMA-DE-PREVENCI\u00d3N-DE-VIOLENCIA-CONTRA-LA-MUJER2-150x150.jpg",150,150,true],"medium":["http:\/\/tvalaire.com\/wp-content\/uploads\/2017\/11\/SE-CONTIN\u00daA-CON-EL-PROGRAMA-DE-PREVENCI\u00d3N-DE-VIOLENCIA-CONTRA-LA-MUJER2-300x169.jpg",300,169,true],"medium_large":["http:\/\/tvalaire.com\/wp-content\/uploads\/2017\/11\/SE-CONTIN\u00daA-CON-EL-PROGRAMA-DE-PREVENCI\u00d3N-DE-VIOLENCIA-CONTRA-LA-MUJER2-768x433.jpg",640,361,true],"large":["http:\/\/tvalaire.com\/wp-content\/uploads\/2017\/11\/SE-CONTIN\u00daA-CON-EL-PROGRAMA-DE-PREVENCI\u00d3N-DE-VIOLENCIA-CONTRA-LA-MUJER2-1024x577.jpg",640,361,true],"post-slider-thumb-size":["http:\/\/tvalaire.com\/wp-content\/uploads\/2017\/11\/SE-CONTIN\u00daA-CON-EL-PROGRAMA-DE-PREVENCI\u00d3N-DE-VIOLENCIA-CONTRA-LA-MUJER2.jpg",330,186,false],"post-category-slider-size":["http:\/\/tvalaire.com\/wp-content\/uploads\/2017\/11\/SE-CONTIN\u00daA-CON-EL-PROGRAMA-DE-PREVENCI\u00d3N-DE-VIOLENCIA-CONTRA-LA-MUJER2.jpg",330,186,false],"1536x1536":["http:\/\/tvalaire.com\/wp-content\/uploads\/2017\/11\/SE-CONTIN\u00daA-CON-EL-PROGRAMA-DE-PREVENCI\u00d3N-DE-VIOLENCIA-CONTRA-LA-MUJER2.jpg",1280,721,false],"2048x2048":["http:\/\/tvalaire.com\/wp-content\/uploads\/2017\/11\/SE-CONTIN\u00daA-CON-EL-PROGRAMA-DE-PREVENCI\u00d3N-DE-VIOLENCIA-CONTRA-LA-MUJER2.jpg",1280,721,false],"newsium-slider-full":["http:\/\/tvalaire.com\/wp-content\/uploads\/2017\/11\/SE-CONTIN\u00daA-CON-EL-PROGRAMA-DE-PREVENCI\u00d3N-DE-VIOLENCIA-CONTRA-LA-MUJER2.jpg",1280,721,false],"newsium-featured":["http:\/\/tvalaire.com\/wp-content\/uploads\/2017\/11\/SE-CONTIN\u00daA-CON-EL-PROGRAMA-DE-PREVENCI\u00d3N-DE-VIOLENCIA-CONTRA-LA-MUJER2.jpg",1024,577,false],"newsium-medium":["http:\/\/tvalaire.com\/wp-content\/uploads\/2017\/11\/SE-CONTIN\u00daA-CON-EL-PROGRAMA-DE-PREVENCI\u00d3N-DE-VIOLENCIA-CONTRA-LA-MUJER2.jpg",720,406,false]},"author_info":{"info":["tvalairenoti"]},"category_info":"<a href=\"http:\/\/tvalaire.com\/?cat=1\" rel=\"category\">La Piedad<\/a>","tag_info":"La Piedad","comment_count":"0","jetpack_featured_media_url":"http:\/\/tvalaire.com\/wp-content\/uploads\/2017\/11\/SE-CONTIN\u00daA-CON-EL-PROGRAMA-DE-PREVENCI\u00d3N-DE-VIOLENCIA-CONTRA-LA-MUJER2.jpg","_links":{"self":[{"href":"http:\/\/tvalaire.com\/index.php?rest_route=\/wp\/v2\/posts\/3185"}],"collection":[{"href":"http:\/\/tvalaire.com\/index.php?rest_route=\/wp\/v2\/posts"}],"about":[{"href":"http:\/\/tvalaire.com\/index.php?rest_route=\/wp\/v2\/types\/post"}],"author":[{"embeddable":true,"href":"http:\/\/tvalaire.com\/index.php?rest_route=\/wp\/v2\/users\/1"}],"replies":[{"embeddable":true,"href":"http:\/\/tvalaire.com\/index.php?rest_route=%2Fwp%2Fv2%2Fcomments&post=3185"}],"version-history":[{"count":1,"href":"http:\/\/tvalaire.com\/index.php?rest_route=\/wp\/v2\/posts\/3185\/revisions"}],"predecessor-version":[{"id":3186,"href":"http:\/\/tvalaire.com\/index.php?rest_route=\/wp\/v2\/posts\/3185\/revisions\/3186"}],"wp:featuredmedia":[{"embeddable":true,"href":"http:\/\/tvalaire.com\/index.php?rest_route=\/wp\/v2\/media\/3182"}],"wp:attachment":[{"href":"http:\/\/tvalaire.com\/index.php?rest_route=%2Fwp%2Fv2%2Fmedia&parent=3185"}],"wp:term":[{"taxonomy":"category","embeddable":true,"href":"http:\/\/tvalaire.com\/index.php?rest_route=%2Fwp%2Fv2%2Fcategories&post=3185"},{"taxonomy":"post_tag","embeddable":true,"href":"http:\/\/tvalaire.com\/index.php?rest_route=%2Fwp%2Fv2%2Ftags&post=3185"}],"curies":[{"name":"wp","href":"https:\/\/api.w.org\/{rel}","templated":true}]}}