{"id":3179,"date":"2017-11-27T10:22:14","date_gmt":"2017-11-27T16:22:14","guid":{"rendered":"http:\/\/tvalaire.com\/?p=3179"},"modified":"2017-11-27T10:22:14","modified_gmt":"2017-11-27T16:22:14","slug":"un-puruandiro-incluyente","status":"publish","type":"post","link":"http:\/\/tvalaire.com\/?p=3179","title":{"rendered":"UN PURU\u00c1NDIRO INCLUYENTE"},"content":{"rendered":"<p>Con el mismo entusiasmo el Gobierno Municipal que encabeza V\u00edctor V\u00e1zquez a trav\u00e9s del DIF Municipal contin\u00faa siendo incluyente para todos los sectores de la sociedad, entregando en esta ocasi\u00f3n 26 becas para las personas\u00a0 con discapacidad por medio de la suma de esfuerzos de los tres \u00f3rdenes de gobierno.<\/p>\n<p>Ah\u00ed el\u00a0 Presidente Municipal extern\u00f3 \u201chacemos\u00a0 grandes esfuerzos para ser un Municipio incluyente, como ejemplo hoy en esta plaza principal tenemos pasos peatonales que nos permiten tener una accesibilidad universal para todos los sectores de la sociedad y por medio de estas peque\u00f1as acciones se demuestra\u00a0 la importancia que tenemos para\u00a0 este sector\u201d.<\/p>\n<p>Por su parte la Presidenta Honorifica del DIF Yolanda Ram\u00edrez Maga\u00f1a puntualiz\u00f3 que este tipo de becas sirven para que los beneficiarios tengan menos limitaciones, adem\u00e1s inform\u00f3 que este Gobierno Municipal tambi\u00e9n trabaja con Becas Municipales desde hace 2 a\u00f1os, en donde se ha apoyado a 60 personas anualmente con una entrega econ\u00f3mica mensual con el objetivo de facilitar su vida.<\/p>\n<p>Adem\u00e1s Yolanda Ram\u00edrez resalt\u00f3 que en infraestructura se ha tenido mucho avance, muestra de ello\u00a0 son los pasos peatonales, las rampas de acceso hacia las banquetas y calles que lleva a mejorar el tema de la inclusi\u00f3n porque todos somos parte de una sociedad, por eso se pretende tener una\u00a0 sociedad de igualdad, inclusi\u00f3n y de integraci\u00f3n.<\/p>\n","protected":false},"excerpt":{"rendered":"<p>Con el mismo entusiasmo el Gobierno Municipal que encabeza V\u00edctor V\u00e1zquez a trav\u00e9s del DIF&#8230;<\/p>\n","protected":false},"author":1,"featured_media":3170,"comment_status":"open","ping_status":"open","sticky":false,"template":"","format":"standard","meta":{"jetpack_post_was_ever_published":false,"_jetpack_newsletter_access":"","_jetpack_dont_email_post_to_subs":false,"_jetpack_newsletter_tier_id":0,"_jetpack_memberships_contains_paywalled_content":false,"_jetpack_memberships_contains_paid_content":false,"footnotes":"","jetpack_publicize_message":"","jetpack_publicize_feature_enabled":true,"jetpack_social_post_already_shared":false,"jetpack_social_options":{"image_generator_settings":{"template":"highway","enabled":false},"version":2}},"categories":[4],"tags":[36,24],"class_list":["post-3179","post","type-post","status-publish","format-standard","has-post-thumbnail","hentry","category-puruandiro","tag-principales","tag-puruandiro"],"jetpack_publicize_connections":[],"jetpack_sharing_enabled":true,"featured_image_urls":{"full":["http:\/\/tvalaire.com\/wp-content\/uploads\/2017\/11\/becas-para-personas-con-dicapacidad-42.jpg",4928,3264,false],"thumbnail":["http:\/\/tvalaire.com\/wp-content\/uploads\/2017\/11\/becas-para-personas-con-dicapacidad-42-150x150.jpg",150,150,true],"medium":["http:\/\/tvalaire.com\/wp-content\/uploads\/2017\/11\/becas-para-personas-con-dicapacidad-42-300x199.jpg",300,199,true],"medium_large":["http:\/\/tvalaire.com\/wp-content\/uploads\/2017\/11\/becas-para-personas-con-dicapacidad-42-768x509.jpg",640,424,true],"large":["http:\/\/tvalaire.com\/wp-content\/uploads\/2017\/11\/becas-para-personas-con-dicapacidad-42-1024x678.jpg",640,424,true],"post-slider-thumb-size":["http:\/\/tvalaire.com\/wp-content\/uploads\/2017\/11\/becas-para-personas-con-dicapacidad-42.jpg",287,190,false],"post-category-slider-size":["http:\/\/tvalaire.com\/wp-content\/uploads\/2017\/11\/becas-para-personas-con-dicapacidad-42.jpg",330,219,false],"1536x1536":["http:\/\/tvalaire.com\/wp-content\/uploads\/2017\/11\/becas-para-personas-con-dicapacidad-42.jpg",1536,1017,false],"2048x2048":["http:\/\/tvalaire.com\/wp-content\/uploads\/2017\/11\/becas-para-personas-con-dicapacidad-42.jpg",2048,1356,false],"newsium-slider-full":["http:\/\/tvalaire.com\/wp-content\/uploads\/2017\/11\/becas-para-personas-con-dicapacidad-42.jpg",1276,845,false],"newsium-featured":["http:\/\/tvalaire.com\/wp-content\/uploads\/2017\/11\/becas-para-personas-con-dicapacidad-42.jpg",1024,678,false],"newsium-medium":["http:\/\/tvalaire.com\/wp-content\/uploads\/2017\/11\/becas-para-personas-con-dicapacidad-42.jpg",717,475,false]},"author_info":{"info":["tvalairenoti"]},"category_info":"<a href=\"http:\/\/tvalaire.com\/?cat=4\" rel=\"category\">Puru\u00e1ndiro<\/a>","tag_info":"Puru\u00e1ndiro","comment_count":"0","jetpack_featured_media_url":"http:\/\/tvalaire.com\/wp-content\/uploads\/2017\/11\/becas-para-personas-con-dicapacidad-42.jpg","_links":{"self":[{"href":"http:\/\/tvalaire.com\/index.php?rest_route=\/wp\/v2\/posts\/3179"}],"collection":[{"href":"http:\/\/tvalaire.com\/index.php?rest_route=\/wp\/v2\/posts"}],"about":[{"href":"http:\/\/tvalaire.com\/index.php?rest_route=\/wp\/v2\/types\/post"}],"author":[{"embeddable":true,"href":"http:\/\/tvalaire.com\/index.php?rest_route=\/wp\/v2\/users\/1"}],"replies":[{"embeddable":true,"href":"http:\/\/tvalaire.com\/index.php?rest_route=%2Fwp%2Fv2%2Fcomments&post=3179"}],"version-history":[{"count":1,"href":"http:\/\/tvalaire.com\/index.php?rest_route=\/wp\/v2\/posts\/3179\/revisions"}],"predecessor-version":[{"id":3180,"href":"http:\/\/tvalaire.com\/index.php?rest_route=\/wp\/v2\/posts\/3179\/revisions\/3180"}],"wp:featuredmedia":[{"embeddable":true,"href":"http:\/\/tvalaire.com\/index.php?rest_route=\/wp\/v2\/media\/3170"}],"wp:attachment":[{"href":"http:\/\/tvalaire.com\/index.php?rest_route=%2Fwp%2Fv2%2Fmedia&parent=3179"}],"wp:term":[{"taxonomy":"category","embeddable":true,"href":"http:\/\/tvalaire.com\/index.php?rest_route=%2Fwp%2Fv2%2Fcategories&post=3179"},{"taxonomy":"post_tag","embeddable":true,"href":"http:\/\/tvalaire.com\/index.php?rest_route=%2Fwp%2Fv2%2Ftags&post=3179"}],"curies":[{"name":"wp","href":"https:\/\/api.w.org\/{rel}","templated":true}]}}