{"id":3177,"date":"2017-11-27T10:21:34","date_gmt":"2017-11-27T16:21:34","guid":{"rendered":"http:\/\/tvalaire.com\/?p=3177"},"modified":"2017-11-27T10:21:34","modified_gmt":"2017-11-27T16:21:34","slug":"presidente-municipal-da-arranque-de-la-construccion-de-puente-en-la-tenencia-de-galeana","status":"publish","type":"post","link":"http:\/\/tvalaire.com\/?p=3177","title":{"rendered":"PRESIDENTE MUNICIPAL DA ARRANQUE DE LA CONSTRUCCI\u00d3N DE PUENTE EN LA TENENCIA DE GALEANA"},"content":{"rendered":"<p style=\"text-align: justify; background: white; margin: 4.5pt 0cm 4.5pt 0cm;\"><span style=\"font-family: 'Arial','sans-serif'; color: #1d2129;\">Presidente Municipal V\u00edctor V\u00e1zquez acompa\u00f1ado de los habitantes de la tenencia de Galeana dio arranque de la construcci\u00f3n del puente que conectar\u00e1 el barrio de San Jos\u00e9 a la Plaza Principal.<\/span><\/p>\n<p style=\"text-align: justify; background: white; margin: 4.5pt 0cm 4.5pt 0cm;\"><span style=\"font-family: 'Arial','sans-serif'; color: #1d2129;\">En dicho arranque indic\u00f3 el Presidente Municipal \u201chicimos un compromiso en donde dijimos que despu\u00e9s de la primer quincena de noviembre \u00edbamos a estar aqu\u00ed con ustedes dando el arranque de esta obra.<span class=\"textexposedshow\">\u00a0Hoy estamos dando cumplimiento gracias al Cabildo que autoriz\u00f3 esta obra que va ser de mucho beneficio para los habitantes de esta hist\u00f3rica tenencia de Galeana\u201d.<\/span><a name=\"_GoBack\"><\/a><\/span><\/p>\n<p style=\"text-align: justify; background: white; margin: 0cm 0cm 4.5pt 0cm;\"><span style=\"font-family: 'Arial','sans-serif'; color: #1d2129;\">Es por ello que se\u00f1al\u00f3 V\u00edctor V\u00e1zquez que con esta obra se va tener seguridad para transitar por este espacio y se tendr\u00e1 un acceso r\u00e1pido para que lleguen a la plaza.<\/span><\/p>\n<p>&nbsp;<\/p>\n<p><img loading=\"lazy\" decoding=\"async\" class=\"alignnone size-medium wp-image-3174\" src=\"http:\/\/tvalaire.com\/wp-content\/uploads\/2017\/11\/PRESIDENTE-MUNICIPAL-DA-ARRANQUE-DE-LA-CONSTRUCCI\u00d3N-DE-PUENTE-EN-LA-TENENCIA-DE-GALEANA-3-300x199.jpg\" alt=\"\" width=\"300\" height=\"199\" srcset=\"http:\/\/tvalaire.com\/wp-content\/uploads\/2017\/11\/PRESIDENTE-MUNICIPAL-DA-ARRANQUE-DE-LA-CONSTRUCCI\u00d3N-DE-PUENTE-EN-LA-TENENCIA-DE-GALEANA-3-300x199.jpg 300w, http:\/\/tvalaire.com\/wp-content\/uploads\/2017\/11\/PRESIDENTE-MUNICIPAL-DA-ARRANQUE-DE-LA-CONSTRUCCI\u00d3N-DE-PUENTE-EN-LA-TENENCIA-DE-GALEANA-3-768x509.jpg 768w, http:\/\/tvalaire.com\/wp-content\/uploads\/2017\/11\/PRESIDENTE-MUNICIPAL-DA-ARRANQUE-DE-LA-CONSTRUCCI\u00d3N-DE-PUENTE-EN-LA-TENENCIA-DE-GALEANA-3-1024x678.jpg 1024w\" sizes=\"(max-width: 300px) 100vw, 300px\" \/><\/p>\n<p><img loading=\"lazy\" decoding=\"async\" class=\"alignnone size-medium wp-image-3173\" src=\"http:\/\/tvalaire.com\/wp-content\/uploads\/2017\/11\/PRESIDENTE-MUNICIPAL-DA-ARRANQUE-DE-LA-CONSTRUCCI\u00d3N-DE-PUENTE-EN-LA-TENENCIA-DE-GALEANA-1-300x199.jpg\" alt=\"\" width=\"300\" height=\"199\" srcset=\"http:\/\/tvalaire.com\/wp-content\/uploads\/2017\/11\/PRESIDENTE-MUNICIPAL-DA-ARRANQUE-DE-LA-CONSTRUCCI\u00d3N-DE-PUENTE-EN-LA-TENENCIA-DE-GALEANA-1-300x199.jpg 300w, http:\/\/tvalaire.com\/wp-content\/uploads\/2017\/11\/PRESIDENTE-MUNICIPAL-DA-ARRANQUE-DE-LA-CONSTRUCCI\u00d3N-DE-PUENTE-EN-LA-TENENCIA-DE-GALEANA-1-768x509.jpg 768w, http:\/\/tvalaire.com\/wp-content\/uploads\/2017\/11\/PRESIDENTE-MUNICIPAL-DA-ARRANQUE-DE-LA-CONSTRUCCI\u00d3N-DE-PUENTE-EN-LA-TENENCIA-DE-GALEANA-1-1024x678.jpg 1024w\" sizes=\"(max-width: 300px) 100vw, 300px\" \/><\/p>\n","protected":false},"excerpt":{"rendered":"<p>Presidente Municipal V\u00edctor V\u00e1zquez acompa\u00f1ado de los habitantes de la tenencia de Galeana dio arranque&#8230;<\/p>\n","protected":false},"author":1,"featured_media":3175,"comment_status":"open","ping_status":"open","sticky":false,"template":"","format":"standard","meta":{"jetpack_post_was_ever_published":false,"_jetpack_newsletter_access":"","_jetpack_dont_email_post_to_subs":false,"_jetpack_newsletter_tier_id":0,"_jetpack_memberships_contains_paywalled_content":false,"_jetpack_memberships_contains_paid_content":false,"footnotes":"","jetpack_publicize_message":"","jetpack_publicize_feature_enabled":true,"jetpack_social_post_already_shared":false,"jetpack_social_options":{"image_generator_settings":{"template":"highway","enabled":false},"version":2}},"categories":[4],"tags":[36,24],"class_list":["post-3177","post","type-post","status-publish","format-standard","has-post-thumbnail","hentry","category-puruandiro","tag-principales","tag-puruandiro"],"jetpack_publicize_connections":[],"jetpack_sharing_enabled":true,"featured_image_urls":{"full":["http:\/\/tvalaire.com\/wp-content\/uploads\/2017\/11\/PRESIDENTE-MUNICIPAL-DA-ARRANQUE-DE-LA-CONSTRUCCI\u00d3N-DE-PUENTE-EN-LA-TENENCIA-DE-GALEANA-4.jpg",4928,3264,false],"thumbnail":["http:\/\/tvalaire.com\/wp-content\/uploads\/2017\/11\/PRESIDENTE-MUNICIPAL-DA-ARRANQUE-DE-LA-CONSTRUCCI\u00d3N-DE-PUENTE-EN-LA-TENENCIA-DE-GALEANA-4-150x150.jpg",150,150,true],"medium":["http:\/\/tvalaire.com\/wp-content\/uploads\/2017\/11\/PRESIDENTE-MUNICIPAL-DA-ARRANQUE-DE-LA-CONSTRUCCI\u00d3N-DE-PUENTE-EN-LA-TENENCIA-DE-GALEANA-4-300x199.jpg",300,199,true],"medium_large":["http:\/\/tvalaire.com\/wp-content\/uploads\/2017\/11\/PRESIDENTE-MUNICIPAL-DA-ARRANQUE-DE-LA-CONSTRUCCI\u00d3N-DE-PUENTE-EN-LA-TENENCIA-DE-GALEANA-4-768x509.jpg",640,424,true],"large":["http:\/\/tvalaire.com\/wp-content\/uploads\/2017\/11\/PRESIDENTE-MUNICIPAL-DA-ARRANQUE-DE-LA-CONSTRUCCI\u00d3N-DE-PUENTE-EN-LA-TENENCIA-DE-GALEANA-4-1024x678.jpg",640,424,true],"post-slider-thumb-size":["http:\/\/tvalaire.com\/wp-content\/uploads\/2017\/11\/PRESIDENTE-MUNICIPAL-DA-ARRANQUE-DE-LA-CONSTRUCCI\u00d3N-DE-PUENTE-EN-LA-TENENCIA-DE-GALEANA-4.jpg",287,190,false],"post-category-slider-size":["http:\/\/tvalaire.com\/wp-content\/uploads\/2017\/11\/PRESIDENTE-MUNICIPAL-DA-ARRANQUE-DE-LA-CONSTRUCCI\u00d3N-DE-PUENTE-EN-LA-TENENCIA-DE-GALEANA-4.jpg",330,219,false],"1536x1536":["http:\/\/tvalaire.com\/wp-content\/uploads\/2017\/11\/PRESIDENTE-MUNICIPAL-DA-ARRANQUE-DE-LA-CONSTRUCCI\u00d3N-DE-PUENTE-EN-LA-TENENCIA-DE-GALEANA-4.jpg",1536,1017,false],"2048x2048":["http:\/\/tvalaire.com\/wp-content\/uploads\/2017\/11\/PRESIDENTE-MUNICIPAL-DA-ARRANQUE-DE-LA-CONSTRUCCI\u00d3N-DE-PUENTE-EN-LA-TENENCIA-DE-GALEANA-4.jpg",2048,1356,false],"newsium-slider-full":["http:\/\/tvalaire.com\/wp-content\/uploads\/2017\/11\/PRESIDENTE-MUNICIPAL-DA-ARRANQUE-DE-LA-CONSTRUCCI\u00d3N-DE-PUENTE-EN-LA-TENENCIA-DE-GALEANA-4.jpg",1276,845,false],"newsium-featured":["http:\/\/tvalaire.com\/wp-content\/uploads\/2017\/11\/PRESIDENTE-MUNICIPAL-DA-ARRANQUE-DE-LA-CONSTRUCCI\u00d3N-DE-PUENTE-EN-LA-TENENCIA-DE-GALEANA-4.jpg",1024,678,false],"newsium-medium":["http:\/\/tvalaire.com\/wp-content\/uploads\/2017\/11\/PRESIDENTE-MUNICIPAL-DA-ARRANQUE-DE-LA-CONSTRUCCI\u00d3N-DE-PUENTE-EN-LA-TENENCIA-DE-GALEANA-4.jpg",717,475,false]},"author_info":{"info":["tvalairenoti"]},"category_info":"<a href=\"http:\/\/tvalaire.com\/?cat=4\" rel=\"category\">Puru\u00e1ndiro<\/a>","tag_info":"Puru\u00e1ndiro","comment_count":"0","jetpack_featured_media_url":"http:\/\/tvalaire.com\/wp-content\/uploads\/2017\/11\/PRESIDENTE-MUNICIPAL-DA-ARRANQUE-DE-LA-CONSTRUCCI\u00d3N-DE-PUENTE-EN-LA-TENENCIA-DE-GALEANA-4.jpg","_links":{"self":[{"href":"http:\/\/tvalaire.com\/index.php?rest_route=\/wp\/v2\/posts\/3177"}],"collection":[{"href":"http:\/\/tvalaire.com\/index.php?rest_route=\/wp\/v2\/posts"}],"about":[{"href":"http:\/\/tvalaire.com\/index.php?rest_route=\/wp\/v2\/types\/post"}],"author":[{"embeddable":true,"href":"http:\/\/tvalaire.com\/index.php?rest_route=\/wp\/v2\/users\/1"}],"replies":[{"embeddable":true,"href":"http:\/\/tvalaire.com\/index.php?rest_route=%2Fwp%2Fv2%2Fcomments&post=3177"}],"version-history":[{"count":1,"href":"http:\/\/tvalaire.com\/index.php?rest_route=\/wp\/v2\/posts\/3177\/revisions"}],"predecessor-version":[{"id":3178,"href":"http:\/\/tvalaire.com\/index.php?rest_route=\/wp\/v2\/posts\/3177\/revisions\/3178"}],"wp:featuredmedia":[{"embeddable":true,"href":"http:\/\/tvalaire.com\/index.php?rest_route=\/wp\/v2\/media\/3175"}],"wp:attachment":[{"href":"http:\/\/tvalaire.com\/index.php?rest_route=%2Fwp%2Fv2%2Fmedia&parent=3177"}],"wp:term":[{"taxonomy":"category","embeddable":true,"href":"http:\/\/tvalaire.com\/index.php?rest_route=%2Fwp%2Fv2%2Fcategories&post=3177"},{"taxonomy":"post_tag","embeddable":true,"href":"http:\/\/tvalaire.com\/index.php?rest_route=%2Fwp%2Fv2%2Ftags&post=3177"}],"curies":[{"name":"wp","href":"https:\/\/api.w.org\/{rel}","templated":true}]}}